

{"id":23625,"date":"2017-11-11T04:21:57","date_gmt":"2017-11-11T07:21:57","guid":{"rendered":"http:\/\/portalfloresnoar.com\/floresnoar\/?p=23625"},"modified":"2018-02-13T17:37:30","modified_gmt":"2018-02-13T20:37:30","slug":"bloco-do-nada-desfila-na-segunda-feira-de-carnaval","status":"publish","type":"post","link":"https:\/\/portalfloresnoar.com\/floresnoar\/bloco-do-nada-desfila-na-segunda-feira-de-carnaval\/","title":{"rendered":"[AGENDA PE] Bloco do Nada desfila na segunda-feira de Carnaval no Recife"},"content":{"rendered":"<div style=\"position: relative; height: 0; padding-bottom: 75.0%;\"><iframe loading=\"lazy\" style=\"position: absolute; width: 100%; height: 100%; left: 0;\" src=\"https:\/\/www.youtube.com\/embed\/38fqDkyiuxc?ecver=2\" width=\"480\" height=\"360\" frameborder=\"0\" allowfullscreen=\"allowfullscreen\"><\/iframe><\/div>\n<p>&nbsp;<\/p>\n<p>Em seu 16\u00ba Carnaval, o Bloco do Nada convida os foli\u00f5es e foli\u00e3s para se encontrarem na segunda-feira de Carnaval na grande concentra\u00e7\u00e3o perform\u00e1tica psicod\u00e9lica, \u00e0s 13h, no lindo P\u00e1tio de Santa Cruz, no bairro da Boa Vista, no Recife.\u00a0Um encontro marcado pela alegria, irrever\u00eancia e criatividade, inspirados no Nada!<\/p>\n<p><strong>Evento no Facebook:<\/strong><a href=\"https:\/\/www.facebook.com\/events\/147831985922050\/\" target=\"_blank\" rel=\"noopener\">\u00a0https:\/\/www.facebook.com\/events\/147831985922050\/<\/a><\/p>\n<p>&nbsp;<\/p>\n<p><strong>P\u00e1gina no Facebook:<\/strong><a href=\"https:\/\/www.facebook.com\/BlocodoNada\" target=\"_blank\" rel=\"noopener\">\u00a0https:\/\/www.facebook.com\/BlocodoNada<\/a><\/p>\n<p><img decoding=\"async\" loading=\"lazy\" class=\"aligncenter wp-image-32272\" src=\"http:\/\/portalfloresnoar.com\/floresnoar\/wp-content\/uploads\/2017\/01\/bloco-do-nada-2018.jpg\" alt=\"\" width=\"629\" height=\"445\" srcset=\"https:\/\/portalfloresnoar.com\/floresnoar\/wp-content\/uploads\/2017\/01\/bloco-do-nada-2018.jpg 960w, https:\/\/portalfloresnoar.com\/floresnoar\/wp-content\/uploads\/2017\/01\/bloco-do-nada-2018-300x212.jpg 300w, https:\/\/portalfloresnoar.com\/floresnoar\/wp-content\/uploads\/2017\/01\/bloco-do-nada-2018-768x542.jpg 768w, https:\/\/portalfloresnoar.com\/floresnoar\/wp-content\/uploads\/2017\/01\/bloco-do-nada-2018-700x494.jpg 700w\" sizes=\"(max-width: 629px) 100vw, 629px\" \/><\/p>\n","protected":false},"excerpt":{"rendered":"<p>&nbsp; Em seu 16\u00ba Carnaval, o Bloco do Nada convida os foli\u00f5es e foli\u00e3s para se encontrarem na segunda-feira de Carnaval na grande concentra\u00e7\u00e3o perform\u00e1tica psicod\u00e9lica, \u00e0s 13h, no lindo P\u00e1tio de Santa Cruz, no bairro da Boa Vista, no Recife.\u00a0Um encontro marcado pela alegria, irrever\u00eancia e criatividade, inspirados no Nada! Evento no Facebook:\u00a0https:\/\/www.facebook.com\/events\/147831985922050\/ &nbsp; [&hellip;]<\/p>\n","protected":false},"author":1,"featured_media":32273,"comment_status":"open","ping_status":"open","sticky":false,"template":"","format":"standard","meta":{"om_disable_all_campaigns":false,"_monsterinsights_skip_tracking":false,"_monsterinsights_sitenote_active":false,"_monsterinsights_sitenote_note":"","_monsterinsights_sitenote_category":0,"footnotes":""},"categories":[8,214],"tags":[108],"acf":[],"publishpress_future_action":{"enabled":false,"date":"1969-12-31 21:00:00","action":"","terms":[],"taxonomy":"","browser_timezone_offset":0},"_links":{"self":[{"href":"https:\/\/portalfloresnoar.com\/floresnoar\/wp-json\/wp\/v2\/posts\/23625"}],"collection":[{"href":"https:\/\/portalfloresnoar.com\/floresnoar\/wp-json\/wp\/v2\/posts"}],"about":[{"href":"https:\/\/portalfloresnoar.com\/floresnoar\/wp-json\/wp\/v2\/types\/post"}],"author":[{"embeddable":true,"href":"https:\/\/portalfloresnoar.com\/floresnoar\/wp-json\/wp\/v2\/users\/1"}],"replies":[{"embeddable":true,"href":"https:\/\/portalfloresnoar.com\/floresnoar\/wp-json\/wp\/v2\/comments?post=23625"}],"version-history":[{"count":0,"href":"https:\/\/portalfloresnoar.com\/floresnoar\/wp-json\/wp\/v2\/posts\/23625\/revisions"}],"wp:featuredmedia":[{"embeddable":true,"href":"https:\/\/portalfloresnoar.com\/floresnoar\/wp-json\/wp\/v2\/media\/32273"}],"wp:attachment":[{"href":"https:\/\/portalfloresnoar.com\/floresnoar\/wp-json\/wp\/v2\/media?parent=23625"}],"wp:term":[{"taxonomy":"category","embeddable":true,"href":"https:\/\/portalfloresnoar.com\/floresnoar\/wp-json\/wp\/v2\/categories?post=23625"},{"taxonomy":"post_tag","embeddable":true,"href":"https:\/\/portalfloresnoar.com\/floresnoar\/wp-json\/wp\/v2\/tags?post=23625"}],"curies":[{"name":"wp","href":"https:\/\/api.w.org\/{rel}","templated":true}]}}