

{"id":23596,"date":"2016-01-03T12:48:02","date_gmt":"2016-01-03T15:48:02","guid":{"rendered":"http:\/\/portalfloresnoar.com\/floresnoar\/?p=23596"},"modified":"2016-02-12T20:25:45","modified_gmt":"2016-02-12T23:25:45","slug":"confira-a-programacao-completa-do-rec-beat-2016","status":"publish","type":"post","link":"https:\/\/portalfloresnoar.com\/floresnoar\/confira-a-programacao-completa-do-rec-beat-2016\/","title":{"rendered":"Confira a programa\u00e7\u00e3o completa do Rec-Beat 2016"},"content":{"rendered":"<p><img decoding=\"async\" loading=\"lazy\" class=\"aligncenter size-full wp-image-23597\" alt=\"recbeat 2016\" src=\"http:\/\/portalfloresnoar.com\/floresnoar\/wp-content\/uploads\/2016\/02\/recbeat-2016.jpg\" width=\"960\" height=\"362\" srcset=\"https:\/\/portalfloresnoar.com\/floresnoar\/wp-content\/uploads\/2016\/02\/recbeat-2016.jpg 960w, https:\/\/portalfloresnoar.com\/floresnoar\/wp-content\/uploads\/2016\/02\/recbeat-2016-300x113.jpg 300w\" sizes=\"(max-width: 960px) 100vw, 960px\" \/><\/p>\n<p>O Festival Rec-Beat anunciou a programa\u00e7\u00e3o oficial da edi\u00e7\u00e3o deste ano. Entre os destaques est\u00e3o Karina Buhr, Lira, Nan\u00e1 Vasconcelos, Johnny Hooker, Moh! Kouyat\u00e9 (Guin\u00e9) e Maite Hontel\u00e9 (Col\u00f4mbia).<\/p>\n<p>Confira abaixo a programa\u00e7\u00e3o completa!<\/p>\n<p><strong>S\u00e1bado, dia 6<\/strong><br \/>\n20h &#8211; DJ Monocolous (PE)<br \/>\n21h &#8211; Lu\u00edsa &amp; os Alquimistas (RN)<br \/>\n22h &#8211; Areia + Isadora Melo + Juliano Holanda + Z\u00e9 Manoel (PE) (foto)<br \/>\n23h10 &#8211; Nan\u00e1 Vasconcelos (PE)<br \/>\n00h30 &#8211; Frevotron (PE)<\/p>\n<p><strong>Domingo, dia 7<\/strong><br \/>\n17h &#8211; Recbitinho: Mari e Milla Bigio (PE)<br \/>\n19h30 &#8211; DJ Evandro Q (PE)<br \/>\n20h &#8211; Igor de Carvalho (PE)<br \/>\n21h &#8211; Ladama (PE)<br \/>\n22h &#8211; If\u00e1 Afrobeat (BA)<br \/>\n23h10 &#8211; Batida DJ Set (Portugal)<br \/>\n00h30 &#8211; Karina Buhr (PE) (foto)<\/p>\n<p><strong>Segunda, dia 8<\/strong><br \/>\n17h &#8211; Recbitinho: Caravana Tapioca (PE)<br \/>\n19h30 &#8211; DJ Sarah Blackbird (PE)<br \/>\n20h &#8211; Sofia Freire (PE)<br \/>\n21h &#8211; Duda Brack (RS)<br \/>\n22h &#8211; Francisco, el Hombre (M\u00e9xico\/Brasil)<br \/>\n23h10 &#8211; Moh! Kouyat\u00e9 (Guin\u00e9)<br \/>\n00h30 &#8211; Lira (PE) (foto)<\/p>\n<p><strong>Ter\u00e7a, dia 9<\/strong><br \/>\n17h &#8211; Recbitinho: Fadas Magrinhas (PE)<br \/>\n19h30 &#8211; DJ Benke (GO)<br \/>\n20h &#8211; Sombra SNJ (SP)<br \/>\n21h &#8211; Alm\u00e9rio (PE)<br \/>\n22h &#8211; Liniker (SP)<br \/>\n23h10 &#8211; Maite Hontel\u00e9 (Col\u00f4mbia)<br \/>\n00h30 &#8211; Johnny Hooker (PE) (foto)<\/p>\n","protected":false},"excerpt":{"rendered":"<p>O Festival Rec-Beat anunciou a programa\u00e7\u00e3o oficial da edi\u00e7\u00e3o deste ano. Entre os destaques est\u00e3o Karina Buhr, Lira, Nan\u00e1 Vasconcelos, Johnny Hooker, Moh! Kouyat\u00e9 (Guin\u00e9) e Maite Hontel\u00e9 (Col\u00f4mbia). Confira abaixo a programa\u00e7\u00e3o completa! S\u00e1bado, dia 6 20h &#8211; DJ Monocolous (PE) 21h &#8211; Lu\u00edsa &amp; os Alquimistas (RN) 22h &#8211; Areia + Isadora Melo [&hellip;]<\/p>\n","protected":false},"author":1,"featured_media":23469,"comment_status":"open","ping_status":"open","sticky":false,"template":"","format":"standard","meta":{"om_disable_all_campaigns":false,"_monsterinsights_skip_tracking":false,"_monsterinsights_sitenote_active":false,"_monsterinsights_sitenote_note":"","_monsterinsights_sitenote_category":0,"footnotes":""},"categories":[8,214],"tags":[108,295],"acf":[],"publishpress_future_action":{"enabled":false,"date":"1969-12-31 21:00:00","action":"","terms":[],"taxonomy":"","browser_timezone_offset":0},"_links":{"self":[{"href":"https:\/\/portalfloresnoar.com\/floresnoar\/wp-json\/wp\/v2\/posts\/23596"}],"collection":[{"href":"https:\/\/portalfloresnoar.com\/floresnoar\/wp-json\/wp\/v2\/posts"}],"about":[{"href":"https:\/\/portalfloresnoar.com\/floresnoar\/wp-json\/wp\/v2\/types\/post"}],"author":[{"embeddable":true,"href":"https:\/\/portalfloresnoar.com\/floresnoar\/wp-json\/wp\/v2\/users\/1"}],"replies":[{"embeddable":true,"href":"https:\/\/portalfloresnoar.com\/floresnoar\/wp-json\/wp\/v2\/comments?post=23596"}],"version-history":[{"count":0,"href":"https:\/\/portalfloresnoar.com\/floresnoar\/wp-json\/wp\/v2\/posts\/23596\/revisions"}],"wp:featuredmedia":[{"embeddable":true,"href":"https:\/\/portalfloresnoar.com\/floresnoar\/wp-json\/wp\/v2\/media\/23469"}],"wp:attachment":[{"href":"https:\/\/portalfloresnoar.com\/floresnoar\/wp-json\/wp\/v2\/media?parent=23596"}],"wp:term":[{"taxonomy":"category","embeddable":true,"href":"https:\/\/portalfloresnoar.com\/floresnoar\/wp-json\/wp\/v2\/categories?post=23596"},{"taxonomy":"post_tag","embeddable":true,"href":"https:\/\/portalfloresnoar.com\/floresnoar\/wp-json\/wp\/v2\/tags?post=23596"}],"curies":[{"name":"wp","href":"https:\/\/api.w.org\/{rel}","templated":true}]}}