

{"id":23527,"date":"2016-01-05T10:30:47","date_gmt":"2016-01-05T13:30:47","guid":{"rendered":"http:\/\/portalfloresnoar.com\/floresnoar\/?p=23527"},"modified":"2016-02-24T15:23:43","modified_gmt":"2016-02-24T18:23:43","slug":"cursos-de-fisiologia-energetica-e-de-aromaterapia-com-rosangela-bittar-no-recife","status":"publish","type":"post","link":"https:\/\/portalfloresnoar.com\/floresnoar\/cursos-de-fisiologia-energetica-e-de-aromaterapia-com-rosangela-bittar-no-recife\/","title":{"rendered":"Cursos de Fisiologia Energ\u00e9tica e de Aromaterapia, com Rosangela Bittar, no Recife"},"content":{"rendered":"<p>A aromaterapeuta e terapeuta Floral Rosangela Vecchi Bittar realiza neste m\u00eas de fevereiro dois cursos no Recife, no bairro de Boa Viagem: &#8216;Fisiologia Energ\u00e9tica:Estudo do Chacras e os Florais de Saint Germain para equil\u00edbrio (aprofundamento)&#8217; e &#8216;Curso B\u00e1sico de Aromaterapia&#8217;. Confira abaixo os detalhes de cada um!<\/p>\n<p><strong>Fisiologia Energ\u00e9tica: Estudo do Chacras e os Florais de Saint Germain para equil\u00edbrio (aprofundamento)<\/strong><br \/>\n<img decoding=\"async\" loading=\"lazy\" class=\"wp-image-23529 alignleft\" alt=\"chakras\" src=\"http:\/\/portalfloresnoar.com\/floresnoar\/wp-content\/uploads\/2016\/01\/chakras.jpg\" width=\"343\" height=\"259\" srcset=\"https:\/\/portalfloresnoar.com\/floresnoar\/wp-content\/uploads\/2016\/01\/chakras.jpg 952w, https:\/\/portalfloresnoar.com\/floresnoar\/wp-content\/uploads\/2016\/01\/chakras-300x226.jpg 300w, https:\/\/portalfloresnoar.com\/floresnoar\/wp-content\/uploads\/2016\/01\/chakras-160x120.jpg 160w\" sizes=\"(max-width: 343px) 100vw, 343px\" \/><\/p>\n<p>OBJETIVO: Instrumentalizar terapeutas Florais, acupunturistas, profissionais de terapias hol\u00edsticas e interessados em sa\u00fade e bem-estar em compreender, se cuidar e melhor desempenhar seu trabalho atrav\u00e9s do porque dos desequil\u00edbrios energ\u00e9ticos, emocionais e f\u00edsicos, e como poder reequilibrar, aliando \u00e0s suas t\u00e9cnicas ou \u00e0 sua vida o uso dos florais para qualidade de vida, equil\u00edbrio e sa\u00fade integral.<\/p>\n<p>&nbsp;<\/p>\n<p>CONTE\u00daDO PROGRAM\u00c1TICO<br \/>\n&#8211; O que \u00e9 energia<br \/>\n&#8211; Princ\u00edpios energ\u00e9ticos (POLARIDADE, VIBRA\u00c7\u00c3O, ETC&#8230;)<br \/>\n&#8211; O que s\u00e3o nadis? E quais s\u00e3o<br \/>\n&#8211; Princ\u00edpios Yin e yang<br \/>\n&#8211; Caracter\u00edsticas da energia sutil<br \/>\n&#8211; O que s\u00e3o chacras, o que os desestabiliza<br \/>\n&#8211; Os sete chacras principais, o significado do sete, as sete afli\u00e7\u00f5es do ser humano<br \/>\n&#8211; Cada chacra (b\u00e1sico, sacral, plexo solar, card\u00edaco, lar\u00edngeo, frontal coron\u00e1rio) com suas especificidades, caracter\u00edsticas, o que ocorre em equil\u00edbrio, em desequil\u00edbrio, viv\u00eancia com medita\u00e7\u00e3o, emo\u00e7\u00f5es correspondentes, ess\u00eancias florais equilibradoras do Sistema Floral de Saint Germain destacando o padr\u00e3o de uso de cada uma das ess\u00eancias florais individualmente<\/p>\n<p>DATA: 19 e 20 de fevereiro de 2016<br \/>\nHORA: Na sexta-feira (19), das 15h \u00e0s 18h; no s\u00e1bado (20), das 9h \u00e0s 17h.<br \/>\nLOCAL: Boa Viagem (os interessados devem entrar em contato para saberem os detalhes do endere\u00e7o).<br \/>\nVALOR: R$ 450,00 (\u00e0 vista 5% de desconto, ficando por R$ 427,00)<\/p>\n<p>INFORMA\u00c7\u00d5ES e INSCRI\u00c7\u00d5ES<br \/>\n<strong>E-mails:<\/strong>\u00a0<a href=\"mailto:rosangela.bittar@globo.com\" target=\"_blank\">rosangela.bittar@globo.com<\/a>\u00a0e\u00a0<a href=\"mailto:terapiafloralqualidadedevida@gmail.com\" target=\"_blank\">terapiafloralqualidadedevida@gmail.com<\/a><strong><br \/>\n<strong>Fone\/ Whatsapp<\/strong>:\u00a0<\/strong>(81) 9 98843-0584<strong><br \/>\nSite:<\/strong><a href=\"http:\/\/ www.pensandonatural.com.br\" target=\"_blank\"> www.pensandonatural.com.br<\/a><\/p>\n<p><strong>CURSO B\u00c1SICO DE AROMATERAPIA<\/strong><\/p>\n<p><img decoding=\"async\" loading=\"lazy\" class=\"wp-image-23530 alignleft\" alt=\"aromaterapia_pixabay_free\" src=\"http:\/\/portalfloresnoar.com\/floresnoar\/wp-content\/uploads\/2016\/01\/aromaterapia_pixabay_free.jpg\" width=\"302\" height=\"302\" srcset=\"https:\/\/portalfloresnoar.com\/floresnoar\/wp-content\/uploads\/2016\/01\/aromaterapia_pixabay_free.jpg 720w, https:\/\/portalfloresnoar.com\/floresnoar\/wp-content\/uploads\/2016\/01\/aromaterapia_pixabay_free-150x150.jpg 150w, https:\/\/portalfloresnoar.com\/floresnoar\/wp-content\/uploads\/2016\/01\/aromaterapia_pixabay_free-300x300.jpg 300w, https:\/\/portalfloresnoar.com\/floresnoar\/wp-content\/uploads\/2016\/01\/aromaterapia_pixabay_free-100x100.jpg 100w\" sizes=\"(max-width: 302px) 100vw, 302px\" \/><\/p>\n<p>CONTE\u00daDO PROGRAM\u00c1TICO<br \/>\n&#8211; Introdu\u00e7\u00e3o ao tema<br \/>\n&#8211; o que s\u00e3o \u00f3leos essenciais<br \/>\n&#8211; vias seguras<br \/>\n&#8211; notas arom\u00e1ticas<br \/>\n&#8211; O que s\u00e3o extratos glic\u00f3licos e para os principais:arnica, arruda, cal\u00eandula<br \/>\n&#8211; \u00d3leos Essenciais Lavanda, alecrim, laranja, ylang, ger\u00e2nio, menta, mirra, tomilho, manjeric\u00e3o, manjerona, tea tree &#8211; uso no corpo, na pele, no emocional e no espiritual<br \/>\n&#8211; \u00d3leo carreador de semente de uva, am\u00eandoa doce<br \/>\n&#8211; Dosagens e formas de usos<br \/>\n&#8211; Os \u00f3leos essenciais e a harmoniza\u00e7\u00e3o dos chacras<br \/>\n&#8211; \u00d3leos essenciais e o estresse<br \/>\n&#8211; Como fazer um \u00f3leo de massagem ou uso di\u00e1rio<\/p>\n<p>Obs: confere certificado.<\/p>\n<p>DATA: 27 de fevereiro de 2016<br \/>\nHORA: Das 9h \u00e0s 18h<br \/>\nP\u00daBLICO-ALVO: qualquer pessoa interessada<br \/>\nLOCAL: Boa Viagem (os interessados devem entrar em contato para saberem os detalhes do endere\u00e7o).<br \/>\nVALOR: R$ 400,00 (desconto para pgto \u00e0 vista 5% &#8211; R$ 380,00)<\/p>\n<p>INFORMA\u00c7\u00d5ES e INSCRI\u00c7\u00d5ES<br \/>\n<strong>E-mails:<\/strong>\u00a0<a href=\"mailto:rosangela.bittar@globo.com\" target=\"_blank\">rosangela.bittar@globo.com<\/a>\u00a0e\u00a0<a href=\"mailto:terapiafloralqualidadedevida@gmail.com\" target=\"_blank\">terapiafloralqualidadedevida@gmail.com<\/a><strong><br \/>\n<strong>Fone\/ Whatsapp<\/strong>:\u00a0<\/strong>(81) 9 98843-0584<strong><br \/>\n<strong>Site:<\/strong><\/strong><a href=\"http:\/\/ www.pensandonatural.com.br\" target=\"_blank\"> www.pensandonatural.com.br<\/a><\/p>\n","protected":false},"excerpt":{"rendered":"<p>A aromaterapeuta e terapeuta Floral Rosangela Vecchi Bittar realiza neste m\u00eas de fevereiro dois cursos no Recife, no bairro de Boa Viagem: &#8216;Fisiologia Energ\u00e9tica:Estudo do Chacras e os Florais de Saint Germain para equil\u00edbrio (aprofundamento)&#8217; e &#8216;Curso B\u00e1sico de Aromaterapia&#8217;. Confira abaixo os detalhes de cada um! Fisiologia Energ\u00e9tica: Estudo do Chacras e os Florais [&hellip;]<\/p>\n","protected":false},"author":1,"featured_media":23529,"comment_status":"open","ping_status":"open","sticky":false,"template":"","format":"standard","meta":{"om_disable_all_campaigns":false,"_monsterinsights_skip_tracking":false,"_monsterinsights_sitenote_active":false,"_monsterinsights_sitenote_note":"","_monsterinsights_sitenote_category":0,"footnotes":""},"categories":[8,214],"tags":[73,105,70],"acf":[],"publishpress_future_action":{"enabled":false,"date":"1969-12-31 21:00:00","action":"","terms":[],"taxonomy":"","browser_timezone_offset":0},"_links":{"self":[{"href":"https:\/\/portalfloresnoar.com\/floresnoar\/wp-json\/wp\/v2\/posts\/23527"}],"collection":[{"href":"https:\/\/portalfloresnoar.com\/floresnoar\/wp-json\/wp\/v2\/posts"}],"about":[{"href":"https:\/\/portalfloresnoar.com\/floresnoar\/wp-json\/wp\/v2\/types\/post"}],"author":[{"embeddable":true,"href":"https:\/\/portalfloresnoar.com\/floresnoar\/wp-json\/wp\/v2\/users\/1"}],"replies":[{"embeddable":true,"href":"https:\/\/portalfloresnoar.com\/floresnoar\/wp-json\/wp\/v2\/comments?post=23527"}],"version-history":[{"count":0,"href":"https:\/\/portalfloresnoar.com\/floresnoar\/wp-json\/wp\/v2\/posts\/23527\/revisions"}],"wp:featuredmedia":[{"embeddable":true,"href":"https:\/\/portalfloresnoar.com\/floresnoar\/wp-json\/wp\/v2\/media\/23529"}],"wp:attachment":[{"href":"https:\/\/portalfloresnoar.com\/floresnoar\/wp-json\/wp\/v2\/media?parent=23527"}],"wp:term":[{"taxonomy":"category","embeddable":true,"href":"https:\/\/portalfloresnoar.com\/floresnoar\/wp-json\/wp\/v2\/categories?post=23527"},{"taxonomy":"post_tag","embeddable":true,"href":"https:\/\/portalfloresnoar.com\/floresnoar\/wp-json\/wp\/v2\/tags?post=23527"}],"curies":[{"name":"wp","href":"https:\/\/api.w.org\/{rel}","templated":true}]}}