

{"id":2352,"date":"2012-08-27T13:36:25","date_gmt":"2012-08-27T16:36:25","guid":{"rendered":"http:\/\/portalfloresnoar.hospedagemdesites.ws\/floresnoar\/?p=2352"},"modified":"2014-09-24T18:40:50","modified_gmt":"2014-09-24T21:40:50","slug":"dia-mundial-sem-carro-2209-sera-lembrado-no-recife-durante-um-mes-com-diversas-acoes","status":"publish","type":"post","link":"https:\/\/portalfloresnoar.com\/floresnoar\/dia-mundial-sem-carro-2209-sera-lembrado-no-recife-durante-um-mes-com-diversas-acoes\/","title":{"rendered":"Dia mundial sem carro (22\/09) ser\u00e1 lembrado no Recife durante um m\u00eas com diversas a\u00e7\u00f5es"},"content":{"rendered":"<p><img decoding=\"async\" loading=\"lazy\" class=\"aligncenter size-full wp-image-2353\" title=\"carfreeday\" src=\"http:\/\/portalfloresnoar.hospedagemdesites.ws\/floresnoar\/wp-content\/uploads\/2012\/08\/carfreeday.jpg\" alt=\"\" width=\"668\" height=\"252\" srcset=\"https:\/\/portalfloresnoar.com\/floresnoar\/wp-content\/uploads\/2012\/08\/carfreeday.jpg 668w, https:\/\/portalfloresnoar.com\/floresnoar\/wp-content\/uploads\/2012\/08\/carfreeday-300x113.jpg 300w\" sizes=\"(max-width: 668px) 100vw, 668px\" \/><br \/>\nO Dia Mundial sem Carro no Recife vai ganhar um m\u00eas inteiro de a\u00e7\u00f5es para reflex\u00e3o e mudan\u00e7as de atitude.<\/p>\n<p>(Iniciativa dos grupos Cicloa\u00e7\u00e3o e Bicicletada-Recife)<\/p>\n<p>22 de Setembro \u00e9 o Dia Mundial sem Carro, mas na capital pernambucana, cidad\u00e3os, ativistas e cicloativistas v\u00e3o dar o exemplo durante todo o m\u00eas atrav\u00e9s de a\u00e7\u00f5es de conscientiza\u00e7\u00e3o e diversas mobiliza\u00e7\u00f5es de engajamento para a popula\u00e7\u00e3o.<\/p>\n<p>O carro j\u00e1 n\u00e3o \u00e9 apenas um dos maiores emissores de gases t\u00f3xicos do planeta, causador de doen\u00e7as cr\u00f4nicas que afetam pessoas de todas as idades e classes sociais. O carro \u00e9 hoje tamb\u00e9m um instrumento que isola, afasta, segrega e torna a as pessoas cada vez mais individualistas e por que n\u00e3o dizer, ego\u00edstas.<\/p>\n<p>O autom\u00f3vel n\u00e3o cabe nas ruas, n\u00e3o h\u00e1 estacionamento que cheguem para dar conta de tantos carros. Ent\u00e3o, cabe a sociedade entender que fazer a sua parte \u00e9, al\u00e9m de deixar o carro em casa por apenas um dia no ano, cobrar do poder p\u00fablico um transporte p\u00fablico de qualidade, acess\u00edvel e confort\u00e1vel para todas as classes. Inclusive como forma de aproximar pessoas e diminuir e diferen\u00e7as.<\/p>\n<p>Cabe a sociedade tamb\u00e9m mostrar que existem alternativas limpas e vi\u00e1veis para diminuir o caos no tr\u00e2nsito como \u00e9 o caso do uso da bicicleta. S\u00f3 para se ter uma ideia, onde cabe um carro, e geralmente parado no engarrafamento, circulam 6 bicicletas. Um meio de transporte que al\u00e9m de tudo \u00e9 mais democr\u00e1tico e barato.<\/p>\n<p>Estas s\u00e3o algumas das a\u00e7\u00f5es pensadas por pessoas da nossa cidade que, sem v\u00ednculos com partidos pol\u00edticos e sem lideran\u00e7as, v\u00eam organizando e divulgando mobiliza\u00e7\u00f5es como as que seguem. A\u00e7\u00f5es estas que podem mudar a atitude e o comportamento de uma sociedade cada vez mais imobilizada e de governantes que deveriam pensar numa cidade para as pessoas e n\u00e3o para os carros.<\/p>\n<p>Programa\u00e7\u00e3o<br \/>\n01.09.2012 \u2013 INVAS\u00c3O AO METR\u00d4<br \/>\nInformar ao cidad\u00e3o sobre a permiss\u00e3o do uso de bicicletas integrada ao metr\u00f4 (aos s\u00e1bados, das 15h \u00e0s 23h; domingos e feriados nacionais, das 05h \u00e0s 23h), al\u00e9m de cobrar mais hor\u00e1rios de integra\u00e7\u00e3o e melhor infraestrutura para usu\u00e1rios da bicicleta e do metr\u00f4 \u00e9 o objetivo da Invas\u00e3o, que apesar do nome forte, \u00e9 uma a\u00e7\u00e3o l\u00fadica e reflexiva.<br \/>\nOnde: A combinar<br \/>\nHora: A partir das 14h30<br \/>\ninfo: http:\/\/youtu.be\/K6aZnTR86mk<\/p>\n<p>13.09.2012 \u2013 I DESAFIO INTERMODAL RECIFE<br \/>\nPela primeira vez no Recife, acontecer\u00e1 o Desafio Intermodal, evento em que \u00e9 calculado o tempo gasto em diversos modais ao longo de um percurso na cidade. A ideia, al\u00e9m de observar o tempo gasto em cada um dos deslocamentos, \u00e9 contextualiz\u00e1-los em rela\u00e7\u00e3o a crit\u00e9rios como emiss\u00e3o de poluentes, tempo social gasto, pegada ecol\u00f3gica etc.<br \/>\nOnde: Sa\u00edda do Edif\u00edcio Garagem do Shopping Boa Vista<br \/>\nHora: Concentra\u00e7\u00e3o a partir das 17h<br \/>\ninfo: http:\/\/f.fm.gs\/lSZg<\/p>\n<p>15.09.2012 \u2013 I CICLOFICINA RECIFE | EDI\u00c7\u00c3O ZONA NORTE<br \/>\nPara quem quer aprender consertos r\u00e1pidos e dicas de manutenc\u00e3o para a bicicleta, volunt\u00e1rios explicar\u00e3o os macetes e dar\u00e3o dicas para facilitar a vida de quem pedala.<br \/>\nOnde: Parque da Jaqueira<br \/>\nHora: A partir das 09h<br \/>\ninfo:<\/p>\n<p>22.09.2012 \u2013 VAGA VIVA E CICLOFAIXA CIDAD\u00c3<br \/>\nNo Dia Mundial Sem Carro, acontece mais uma Vaga Viva, com o objetivo de propor uma reflex\u00e3o sobre o espa\u00e7o dado ao carro e o espa\u00e7o concedido ao pedestre nas cidades. Al\u00e9m disso, uma grande a\u00e7\u00e3o tamb\u00e9m est\u00e1 prevista para acontecer: a ciclofaixa cidad\u00e3.<br \/>\nOnde: A combinar<br \/>\nHora: A partir das 06h<br \/>\ninfo:<\/p>\n<p>Contatos: Fernando Lima: 99484595<br \/>\nL\u00facio Flausino: 96267188<br \/>\nMariana Lyra: 99010751<\/p>\n<p>28.09.2012 \u2013 MASSA CR\u00cdTICA (Bicicletada) RECIFE \u2013 SETEMBRO<br \/>\nCiclistas de todo o Grande Recife encontram-se na Pra\u00e7a do Derby para um passeio que tem entre suas principais caracter\u00edsticas a irrever\u00eancia e a ocupa\u00e7\u00e3o do espa\u00e7o p\u00fablico das ruas, al\u00e9m de cobrar respeito ao ciclista que pedala todos os dias nas cidades. Esta a\u00e7\u00e3o acontece toda \u00faltima sexta de todos os meses, em mais de 350 cidades no mundo.<br \/>\nOnde: Sa\u00edda da Pra\u00e7a do Derby<br \/>\nHora: Concentra\u00e7\u00e3o \u00e0s 18h | Sa\u00edda \u00e0s 19h30<br \/>\ninfo: https:\/\/www.facebook.com\/groups\/160876113986104\/<\/p>\n<p>29.09.2012 \u2013 CAMINHADA \u201cOLHE PELO RECIFE\u201d<br \/>\nEm sua quarta edi\u00e7\u00e3o, a caminhada guiada por Franscisco Cunha prop\u00f5e a contemplac\u00e3o cr\u00edtica de pontos hist\u00f3ricos e afetivos da cidade do Recife, al\u00e9m de mostrar os efeitos do progresso pela cidade.<br \/>\nOnde: Sa\u00edda da Pra\u00e7a do Derby<br \/>\nHora: 08h<br \/>\ninfo: http:\/\/www.observatoriodorecife.org.br\/<\/p>\n<p>30.09.2012 \u2013 I CICLOFICINA | EDI\u00c7\u00c3O ZONA SUL<br \/>\nPara quem quer aprender consertos r\u00e1pidos e dicas de manutenc\u00e3o para a bicicleta, volunt\u00e1rios explicar\u00e3o os macetes e dar\u00e3o dicas para facilitar a vida de quem pedala.<br \/>\nOnde: Parque Dona Lindu<br \/>\nHora: A partir das 09h<\/p>\n<p>Mais informa\u00e7\u00f5es:\u00a0<a href=\"http:\/\/direitosurbanos.wordpress.com\/\">http:\/\/direitosurbanos.wordpress.com<\/a><\/p>\n","protected":false},"excerpt":{"rendered":"<p>O Dia Mundial sem Carro no Recife vai ganhar um m\u00eas inteiro de a\u00e7\u00f5es para reflex\u00e3o e mudan\u00e7as de atitude. (Iniciativa dos grupos Cicloa\u00e7\u00e3o e Bicicletada-Recife) 22 de Setembro \u00e9 o Dia Mundial sem Carro, mas na capital pernambucana, cidad\u00e3os, ativistas e cicloativistas v\u00e3o dar o exemplo durante todo o m\u00eas atrav\u00e9s de a\u00e7\u00f5es de [&hellip;]<\/p>\n","protected":false},"author":1,"featured_media":2354,"comment_status":"open","ping_status":"open","sticky":false,"template":"","format":"standard","meta":{"om_disable_all_campaigns":false,"_monsterinsights_skip_tracking":false,"_monsterinsights_sitenote_active":false,"_monsterinsights_sitenote_note":"","_monsterinsights_sitenote_category":0,"footnotes":""},"categories":[8,214],"tags":[40],"acf":[],"publishpress_future_action":{"enabled":false,"date":"1969-12-31 21:00:00","action":"","terms":[],"taxonomy":"","browser_timezone_offset":0},"_links":{"self":[{"href":"https:\/\/portalfloresnoar.com\/floresnoar\/wp-json\/wp\/v2\/posts\/2352"}],"collection":[{"href":"https:\/\/portalfloresnoar.com\/floresnoar\/wp-json\/wp\/v2\/posts"}],"about":[{"href":"https:\/\/portalfloresnoar.com\/floresnoar\/wp-json\/wp\/v2\/types\/post"}],"author":[{"embeddable":true,"href":"https:\/\/portalfloresnoar.com\/floresnoar\/wp-json\/wp\/v2\/users\/1"}],"replies":[{"embeddable":true,"href":"https:\/\/portalfloresnoar.com\/floresnoar\/wp-json\/wp\/v2\/comments?post=2352"}],"version-history":[{"count":0,"href":"https:\/\/portalfloresnoar.com\/floresnoar\/wp-json\/wp\/v2\/posts\/2352\/revisions"}],"wp:featuredmedia":[{"embeddable":true,"href":"https:\/\/portalfloresnoar.com\/floresnoar\/wp-json\/wp\/v2\/media\/2354"}],"wp:attachment":[{"href":"https:\/\/portalfloresnoar.com\/floresnoar\/wp-json\/wp\/v2\/media?parent=2352"}],"wp:term":[{"taxonomy":"category","embeddable":true,"href":"https:\/\/portalfloresnoar.com\/floresnoar\/wp-json\/wp\/v2\/categories?post=2352"},{"taxonomy":"post_tag","embeddable":true,"href":"https:\/\/portalfloresnoar.com\/floresnoar\/wp-json\/wp\/v2\/tags?post=2352"}],"curies":[{"name":"wp","href":"https:\/\/api.w.org\/{rel}","templated":true}]}}