

{"id":23511,"date":"2015-12-03T10:55:12","date_gmt":"2015-12-03T13:55:12","guid":{"rendered":"http:\/\/portalfloresnoar.com\/floresnoar\/?p=23511"},"modified":"2016-02-03T10:44:08","modified_gmt":"2016-02-03T13:44:08","slug":"nesta-sexta-tem-carnaval-no-hospital-ulysses-pernambucano","status":"publish","type":"post","link":"https:\/\/portalfloresnoar.com\/floresnoar\/nesta-sexta-tem-carnaval-no-hospital-ulysses-pernambucano\/","title":{"rendered":"Carnaval no Hospital Ulysses Pernambucano"},"content":{"rendered":"<p><img decoding=\"async\" loading=\"lazy\" class=\" wp-image-23512 alignleft\" alt=\"carnaval tamarineira\" src=\"http:\/\/portalfloresnoar.com\/floresnoar\/wp-content\/uploads\/2016\/01\/carnaval-tamarineira.jpg\" width=\"323\" height=\"446\" srcset=\"https:\/\/portalfloresnoar.com\/floresnoar\/wp-content\/uploads\/2016\/01\/carnaval-tamarineira.jpg 359w, https:\/\/portalfloresnoar.com\/floresnoar\/wp-content\/uploads\/2016\/01\/carnaval-tamarineira-217x300.jpg 217w\" sizes=\"(max-width: 323px) 100vw, 323px\" \/>Nesta sexta-feira, dia 29 de Janeiro de 2016, \u00e0s 9 horas, ser\u00e1 realizado o tradicional Baile do Bloco da Folia do Hospital Ulysses Pernambucano, na Tamarineira. O evento conta com a parceria da equipe do Doida de Pedra, que aproveita a ocasi\u00e3o para retomar o projeto &#8220;INTEGRA\u00c7\u00c3O: A\u00e7\u00f5es Perform\u00e1ticas e Sa\u00fade mental&#8221; que, desde 2013, leva apresenta\u00e7\u00f5es art\u00edsticas ao hospital psiqui\u00e1trico.<\/p>\n<p>Para animar a festa carnavalesca, a programa\u00e7\u00e3o conta com as a\u00e7\u00f5es perform\u00e1ticas do Boi de Sapo-ti, formado por arteterapeutas; o Boi da Mata e a Trupe de Arteterapeutas, que far\u00e1 um show com repert\u00f3rio especial de Carnaval que vai de Capiba \u00e0 Banda Reflexu&#8217;s.<\/p>\n<p>O Doida de Pedra foi idealizado e \u00e9 coordenado pela artista\/pesquisadora Ingrid Kaline de Souza, tendo em 2013 o inicio das atividades pr\u00e1ticas no HUP. Hoje em dia o projeto d\u00e1 continuidade no Hospital sendo coordenado por Rafaella Cavalcante e Anne Vasconcelos. Conta tamb\u00e9m com o trabalho volunt\u00e1rio de artistas, fot\u00f3grafos e equipe de produ\u00e7\u00e3o.<\/p>\n<p>&#8220;O projeto &#8216;INTEGRA\u00c7\u00c3O: A\u00e7\u00f5es Perform\u00e1ticas e Sa\u00fade Mental&#8217; parte da experimenta\u00e7\u00e3o da socializa\u00e7\u00e3o com a tem\u00e1tica da loucura com arte e arte com loucura. \u00c9 um projeto que n\u00e3o tem inten\u00e7\u00e3o de cura, por partir da ideia de que todos somos doentes em uma sociedade medicada e vivemos em um grande hospital a c\u00e9u aberto, cada um precisa do outro, e pra atingir o outro basta apenas chegar.<\/p>\n<p><strong>Produ\u00e7\u00e3o:<\/strong> <a href=\"https:\/\/www.facebook.com\/doidaaadepedra\" target=\"_blank\">Doida de Pedra <\/a><br \/>\n<strong>Apoio:<\/strong> Hospital Ulysses Pernambucano e Flores no Ar<\/p>\n<p><strong>Evento no facebook:<\/strong> https:\/\/www.facebook.com\/events\/937613906326208\/<\/p>\n","protected":false},"excerpt":{"rendered":"<p>Nesta sexta-feira, dia 29 de Janeiro de 2016, \u00e0s 9 horas, ser\u00e1 realizado o tradicional Baile do Bloco da Folia do Hospital Ulysses Pernambucano, na Tamarineira. O evento conta com a parceria da equipe do Doida de Pedra, que aproveita a ocasi\u00e3o para retomar o projeto &#8220;INTEGRA\u00c7\u00c3O: A\u00e7\u00f5es Perform\u00e1ticas e Sa\u00fade mental&#8221; que, desde 2013, [&hellip;]<\/p>\n","protected":false},"author":1,"featured_media":23513,"comment_status":"open","ping_status":"open","sticky":false,"template":"","format":"standard","meta":{"om_disable_all_campaigns":false,"_monsterinsights_skip_tracking":false,"_monsterinsights_sitenote_active":false,"_monsterinsights_sitenote_note":"","_monsterinsights_sitenote_category":0,"footnotes":""},"categories":[8,214],"tags":[108],"acf":[],"publishpress_future_action":{"enabled":false,"date":"1969-12-31 21:00:00","action":"","terms":[],"taxonomy":"","browser_timezone_offset":0},"_links":{"self":[{"href":"https:\/\/portalfloresnoar.com\/floresnoar\/wp-json\/wp\/v2\/posts\/23511"}],"collection":[{"href":"https:\/\/portalfloresnoar.com\/floresnoar\/wp-json\/wp\/v2\/posts"}],"about":[{"href":"https:\/\/portalfloresnoar.com\/floresnoar\/wp-json\/wp\/v2\/types\/post"}],"author":[{"embeddable":true,"href":"https:\/\/portalfloresnoar.com\/floresnoar\/wp-json\/wp\/v2\/users\/1"}],"replies":[{"embeddable":true,"href":"https:\/\/portalfloresnoar.com\/floresnoar\/wp-json\/wp\/v2\/comments?post=23511"}],"version-history":[{"count":0,"href":"https:\/\/portalfloresnoar.com\/floresnoar\/wp-json\/wp\/v2\/posts\/23511\/revisions"}],"wp:featuredmedia":[{"embeddable":true,"href":"https:\/\/portalfloresnoar.com\/floresnoar\/wp-json\/wp\/v2\/media\/23513"}],"wp:attachment":[{"href":"https:\/\/portalfloresnoar.com\/floresnoar\/wp-json\/wp\/v2\/media?parent=23511"}],"wp:term":[{"taxonomy":"category","embeddable":true,"href":"https:\/\/portalfloresnoar.com\/floresnoar\/wp-json\/wp\/v2\/categories?post=23511"},{"taxonomy":"post_tag","embeddable":true,"href":"https:\/\/portalfloresnoar.com\/floresnoar\/wp-json\/wp\/v2\/tags?post=23511"}],"curies":[{"name":"wp","href":"https:\/\/api.w.org\/{rel}","templated":true}]}}