

{"id":23460,"date":"2015-12-09T08:46:05","date_gmt":"2015-12-09T11:46:05","guid":{"rendered":"http:\/\/portalfloresnoar.com\/floresnoar\/?p=23460"},"modified":"2016-02-03T10:41:44","modified_gmt":"2016-02-03T13:41:44","slug":"xi-sarau-do-bloco-do-nada-dia-281-na-livraria-cultura","status":"publish","type":"post","link":"https:\/\/portalfloresnoar.com\/floresnoar\/xi-sarau-do-bloco-do-nada-dia-281-na-livraria-cultura\/","title":{"rendered":"XI Sarau do Bloco do Nada dia 28\/1 na Livraria Cultura"},"content":{"rendered":"<p style=\"text-align: center;\"><img decoding=\"async\" loading=\"lazy\" class=\"aligncenter  wp-image-23461\" alt=\"sarau bloco do nada\" src=\"http:\/\/portalfloresnoar.com\/floresnoar\/wp-content\/uploads\/2016\/01\/sarau-bloco-do-nada.jpg\" width=\"691\" height=\"488\" srcset=\"https:\/\/portalfloresnoar.com\/floresnoar\/wp-content\/uploads\/2016\/01\/sarau-bloco-do-nada.jpg 960w, https:\/\/portalfloresnoar.com\/floresnoar\/wp-content\/uploads\/2016\/01\/sarau-bloco-do-nada-300x211.jpg 300w\" sizes=\"(max-width: 691px) 100vw, 691px\" \/><\/p>\n<p>Configura\u00e7\u00f5es do Nada \u00e9 o tema do Sarau de 2016. Tr\u00eas pensadores da cena cultural recifense foram convidados para o sarau deste ano: o figurinista e diretor de arte Beto Normal, o multimidi\u00e1tico artista Henrique Koblitz e a jornalista, artes\u00e3 e professoranda Eva Duarte. O famigerado office boy do Nada Jomard Muniz de Britto estar\u00e1 encarregado de fazer as provoca\u00e7\u00f5es com os tr\u00eas e com o p\u00fablico presente.<\/p>\n<p>&#8220;Convidamos voc\u00ea a reservar essas duas horinhas de janeiro para uma inusitada atividade carnavalesca que promove uma reflex\u00e3o sobre e a partir do Nada. Traga um texto, um pensamento, um poema, algo a dizer sobre o Nada. Venha se reabastecer no Nada para brincar o Carnaval mais feliz&#8221;, convocam os organizadores do Sarau e do Bloco do Nada.<\/p>\n<p><strong>Data:<\/strong>28.1.2016<br \/>\n<strong>Local:<\/strong> Audit\u00f3rio da Livraria Cultura &#8211; Pa\u00e7o Alf\u00e2ndega, Recife Antigo, Recife<br \/>\n<strong>Hora: <\/strong>19h<\/p>\n<p><em>Veja tamb\u00e9m:<\/em><br \/>\n<strong><a href=\"http:\/\/portalfloresnoar.com\/floresnoar\/bloco-do-nada\/\" target=\"_blank\">Conhe\u00e7a neste v\u00eddeo a hist\u00f3ria do Bloco do Nada<\/a><\/strong><\/p>\n","protected":false},"excerpt":{"rendered":"<p>Configura\u00e7\u00f5es do Nada \u00e9 o tema do Sarau de 2016. Tr\u00eas pensadores da cena cultural recifense foram convidados para o sarau deste ano: o figurinista e diretor de arte Beto Normal, o multimidi\u00e1tico artista Henrique Koblitz e a jornalista, artes\u00e3 e professoranda Eva Duarte. O famigerado office boy do Nada Jomard Muniz de Britto estar\u00e1 [&hellip;]<\/p>\n","protected":false},"author":1,"featured_media":23462,"comment_status":"open","ping_status":"open","sticky":false,"template":"","format":"standard","meta":{"om_disable_all_campaigns":false,"_monsterinsights_skip_tracking":false,"_monsterinsights_sitenote_active":false,"_monsterinsights_sitenote_note":"","_monsterinsights_sitenote_category":0,"footnotes":""},"categories":[8,214],"tags":[108],"acf":[],"publishpress_future_action":{"enabled":false,"date":"1969-12-31 21:00:00","action":"","terms":[],"taxonomy":"","browser_timezone_offset":0},"_links":{"self":[{"href":"https:\/\/portalfloresnoar.com\/floresnoar\/wp-json\/wp\/v2\/posts\/23460"}],"collection":[{"href":"https:\/\/portalfloresnoar.com\/floresnoar\/wp-json\/wp\/v2\/posts"}],"about":[{"href":"https:\/\/portalfloresnoar.com\/floresnoar\/wp-json\/wp\/v2\/types\/post"}],"author":[{"embeddable":true,"href":"https:\/\/portalfloresnoar.com\/floresnoar\/wp-json\/wp\/v2\/users\/1"}],"replies":[{"embeddable":true,"href":"https:\/\/portalfloresnoar.com\/floresnoar\/wp-json\/wp\/v2\/comments?post=23460"}],"version-history":[{"count":0,"href":"https:\/\/portalfloresnoar.com\/floresnoar\/wp-json\/wp\/v2\/posts\/23460\/revisions"}],"wp:featuredmedia":[{"embeddable":true,"href":"https:\/\/portalfloresnoar.com\/floresnoar\/wp-json\/wp\/v2\/media\/23462"}],"wp:attachment":[{"href":"https:\/\/portalfloresnoar.com\/floresnoar\/wp-json\/wp\/v2\/media?parent=23460"}],"wp:term":[{"taxonomy":"category","embeddable":true,"href":"https:\/\/portalfloresnoar.com\/floresnoar\/wp-json\/wp\/v2\/categories?post=23460"},{"taxonomy":"post_tag","embeddable":true,"href":"https:\/\/portalfloresnoar.com\/floresnoar\/wp-json\/wp\/v2\/tags?post=23460"}],"curies":[{"name":"wp","href":"https:\/\/api.w.org\/{rel}","templated":true}]}}