

{"id":23446,"date":"2016-06-10T18:49:49","date_gmt":"2016-06-10T21:49:49","guid":{"rendered":"http:\/\/portalfloresnoar.com\/floresnoar\/?p=23446"},"modified":"2016-07-08T15:01:51","modified_gmt":"2016-07-08T18:01:51","slug":"grupo-de-bioenergetica-no-gerar-com-encontros-quinzenais","status":"publish","type":"post","link":"https:\/\/portalfloresnoar.com\/floresnoar\/grupo-de-bioenergetica-no-gerar-com-encontros-quinzenais\/","title":{"rendered":"[AGENDA PE] Grupo de Bionerg\u00e9tica no Gerar com encontros quinzenais"},"content":{"rendered":"<p><img decoding=\"async\" loading=\"lazy\" class=\"aligncenter size-full wp-image-23447\" alt=\"CORPO VIBRANTE\" src=\"http:\/\/portalfloresnoar.com\/floresnoar\/wp-content\/uploads\/2016\/01\/CORPO-VIBRANTE.jpg\" width=\"413\" height=\"584\" srcset=\"https:\/\/portalfloresnoar.com\/floresnoar\/wp-content\/uploads\/2016\/01\/CORPO-VIBRANTE.jpg 413w, https:\/\/portalfloresnoar.com\/floresnoar\/wp-content\/uploads\/2016\/01\/CORPO-VIBRANTE-212x300.jpg 212w\" sizes=\"(max-width: 413px) 100vw, 413px\" \/><\/p>\n<p>As psic\u00f3logas e analistas Bioenerg\u00e9ticas Maria Luiza Saito e Rejane Medeiros oferecem no Espa\u00e7o Gerar, quinzenalmente, os encontros \u2018Corpo Vibrante, sem medo de Viver\u2019.<\/p>\n<p>O conceito da terapia Bioenerg\u00e9tica \u00e9 trabalhar o indiv\u00edduo como um todo na busca de: um corpo vibrante, uma respira\u00e7\u00e3o plena, carga e descarga de energia atrav\u00e9s de exerc\u00edcios espec\u00edficos.<\/p>\n<p>&#8220;A Bioenerg\u00e9tica busca a compreens\u00e3o da personalidade, da qualidade dos relacionamentos, dos processos de pensamento e da sexualidade em fun\u00e7\u00e3o da energia que flui no corpo. A finalidade da terapia bioenerg\u00e9tica \u00e9 integrar: Corpo \u2013 Mente \u2013 Esp\u00edrito. Seu corpo \u00e9 a melhor fonte de informa\u00e7\u00e3o sobre seu funcionamento mental, emocional e instintivo para buscar a sua conex\u00e3o com o todo que \u00e9 voc\u00ea&#8221;, declaram as terapeutas.<\/p>\n<p>MAIS INFORMA\u00c7\u00d5ES<br \/>\n<strong>Maria Luiza Saito <\/strong><br \/>\nFone: (81) 999969247<br \/>\nE-mail: mlmohaupt5@hotmail.com<\/p>\n<p><strong>Rejane Medeiros<\/strong><br \/>\nFone: (81) 99114.8787<br \/>\nE-mail: rpmedeiros@ymail.com<\/p>\n<p><strong>Local dos encontros: <\/strong>Espa\u00e7o Gerar \u2013 Rua Jorge de Albuquerque, 103, Casa Forte, Recife. Fone: (81) 3268.1749<\/p>\n","protected":false},"excerpt":{"rendered":"<p>As psic\u00f3logas e analistas Bioenerg\u00e9ticas Maria Luiza Saito e Rejane Medeiros oferecem no Espa\u00e7o Gerar, quinzenalmente, os encontros \u2018Corpo Vibrante, sem medo de Viver\u2019. O conceito da terapia Bioenerg\u00e9tica \u00e9 trabalhar o indiv\u00edduo como um todo na busca de: um corpo vibrante, uma respira\u00e7\u00e3o plena, carga e descarga de energia atrav\u00e9s de exerc\u00edcios espec\u00edficos. &#8220;A [&hellip;]<\/p>\n","protected":false},"author":1,"featured_media":23448,"comment_status":"open","ping_status":"open","sticky":false,"template":"","format":"standard","meta":{"om_disable_all_campaigns":false,"_monsterinsights_skip_tracking":false,"_monsterinsights_sitenote_active":false,"_monsterinsights_sitenote_note":"","_monsterinsights_sitenote_category":0,"footnotes":""},"categories":[8,214],"tags":[132],"acf":[],"publishpress_future_action":{"enabled":false,"date":"1969-12-31 21:00:00","action":"","terms":[],"taxonomy":"","browser_timezone_offset":0},"_links":{"self":[{"href":"https:\/\/portalfloresnoar.com\/floresnoar\/wp-json\/wp\/v2\/posts\/23446"}],"collection":[{"href":"https:\/\/portalfloresnoar.com\/floresnoar\/wp-json\/wp\/v2\/posts"}],"about":[{"href":"https:\/\/portalfloresnoar.com\/floresnoar\/wp-json\/wp\/v2\/types\/post"}],"author":[{"embeddable":true,"href":"https:\/\/portalfloresnoar.com\/floresnoar\/wp-json\/wp\/v2\/users\/1"}],"replies":[{"embeddable":true,"href":"https:\/\/portalfloresnoar.com\/floresnoar\/wp-json\/wp\/v2\/comments?post=23446"}],"version-history":[{"count":0,"href":"https:\/\/portalfloresnoar.com\/floresnoar\/wp-json\/wp\/v2\/posts\/23446\/revisions"}],"wp:featuredmedia":[{"embeddable":true,"href":"https:\/\/portalfloresnoar.com\/floresnoar\/wp-json\/wp\/v2\/media\/23448"}],"wp:attachment":[{"href":"https:\/\/portalfloresnoar.com\/floresnoar\/wp-json\/wp\/v2\/media?parent=23446"}],"wp:term":[{"taxonomy":"category","embeddable":true,"href":"https:\/\/portalfloresnoar.com\/floresnoar\/wp-json\/wp\/v2\/categories?post=23446"},{"taxonomy":"post_tag","embeddable":true,"href":"https:\/\/portalfloresnoar.com\/floresnoar\/wp-json\/wp\/v2\/tags?post=23446"}],"curies":[{"name":"wp","href":"https:\/\/api.w.org\/{rel}","templated":true}]}}