

{"id":23394,"date":"2016-01-01T05:43:31","date_gmt":"2016-01-01T08:43:31","guid":{"rendered":"http:\/\/portalfloresnoar.com\/floresnoar\/?p=23394"},"modified":"2016-02-01T11:30:45","modified_gmt":"2016-02-01T14:30:45","slug":"encontro-de-biodanca-dia-301-em-aldeia","status":"publish","type":"post","link":"https:\/\/portalfloresnoar.com\/floresnoar\/encontro-de-biodanca-dia-301-em-aldeia\/","title":{"rendered":"Encontro de Biodan\u00e7a dia 30\/1 em Aldeia"},"content":{"rendered":"<p style=\"text-align: center;\"><img decoding=\"async\" loading=\"lazy\" class=\"aligncenter  wp-image-23397\" alt=\"grupo bioenerg\u00e9tica recife\" src=\"http:\/\/portalfloresnoar.com\/floresnoar\/wp-content\/uploads\/2016\/01\/grupo-bioenerg\u00e9tica-recife1.jpg\" width=\"653\" height=\"352\" srcset=\"https:\/\/portalfloresnoar.com\/floresnoar\/wp-content\/uploads\/2016\/01\/grupo-bioenerg\u00e9tica-recife1.jpg 725w, https:\/\/portalfloresnoar.com\/floresnoar\/wp-content\/uploads\/2016\/01\/grupo-bioenerg\u00e9tica-recife1-300x161.jpg 300w\" sizes=\"(max-width: 653px) 100vw, 653px\" \/><\/p>\n<p>No pr\u00f3ximo dia 30 de janeiro tem Biodan\u00e7a no Ch\u00e1cara Esmeralda (Espa\u00e7o Lapis Lazuli &#8211; unidade Aldeia). O encontro come\u00e7a \u00e0s 10h e vai at\u00e9 \u00e0s 18h e acontece sempre no \u00faltimo s\u00e1bado de cada m\u00eas. O grupo est\u00e1 aberto a novos integrantes!<\/p>\n<p>&#8220;A Biodan\u00e7a \u00e9 um trabalho realizado em grupo que estimula o aprendizado da comunica\u00e7\u00e3o, do cuidado e da coopera\u00e7\u00e3o, o que leva as pessoas a se relacionarem melhor e estabelecer v\u00ednculos afetivos. A pr\u00e1tica estimula a renova\u00e7\u00e3o e equil\u00edbrio org\u00e2nico, a resist\u00eancia imunol\u00f3gica, a energia vital e disposi\u00e7\u00e3o para a a\u00e7\u00e3o, substituindo o estresse pela harmonia&#8221;, declara o terapeuta Roberto Pagano.<\/p>\n<p><strong>Alguns benef\u00edcios da Biodan\u00e7a:<\/strong><br \/>\n&#8211; Revitaliza todo o organismo<br \/>\n&#8211; Combate o estresse e ins\u00f4nia<br \/>\n&#8211; Anti-depressivo<br \/>\n&#8211; Fortalece o Sistema Imunol\u00f3gico<br \/>\n&#8211; Equilibra sistema neuroend\u00f3crino<br \/>\n&#8211; Restabelece as fun\u00e7\u00f5es sexuais<br \/>\n&#8211; Eleva a autoestima<br \/>\n&#8211; Promove assertividade e criatividade<\/p>\n<p>SERVI\u00c7O<br \/>\n<strong>Grupo de Biodan\u00e7a<\/strong><br \/>\n<strong>Data:<\/strong> 30 de janeiro de 2016<br \/>\n<strong>Hora: <\/strong>10 \u00e0s 18h<br \/>\n<strong>Local:<\/strong> Ch\u00e1cara Esmeralda-Rua Breno Martins, s\/n\u00ba-Estrada de Aldeia, km 8,2.<br \/>\n<strong>Mensalidade:<\/strong> R$ 80,00 (individual); R$ 120,00 (casal)<br \/>\n<strong>Periodicidade:<\/strong> Grupo mensal (sempre no \u00faltimo s\u00e1bado do m\u00eas)<\/p>\n<p><strong>Facilitador: <\/strong>Roberto Pagano &#8211; Licenciado pela International Biocentric Fundation (IBF); Especializa\u00e7\u00e3o em Projeto Minotauro e \u00c1rvore dos Desejos.<\/p>\n<p><strong>Informa\u00e7\u00f5es\/Inscri\u00e7\u00f5es<\/strong><br \/>\nRoberto Pagano \u2013 9 8899.8261 (Whatsapp) robertopaganoluz@gmail.com<br \/>\nGoretti Melo \u2013 3426.8737\/98855-6581 (Whatsapp) falagorettimelo@gmail.com<\/p>\n<p><strong>Acompanhe o link do evento no Facebook:<\/strong>\u00a0<a href=\"https:\/\/www.facebook.com\/events\/194932244191463\/\" target=\"_blank\">https:\/\/www.facebook.com\/events\/194932244191463\/<\/a><\/p>\n<p><a style=\"line-height: 1.71429; letter-spacing: 0em;\" href=\"http:\/\/http:\/\/lapislazuli-recife.blogspot.com.br\/\" target=\"_blank\">http:\/\/lapislazuli-recife.blogspot.com.br\/<\/a><br \/>\n<a href=\"http:\/\/www.facebook.com\/espacolapislazuli\" target=\"_blank\">www.facebook.com\/espacolapislazuli<\/a><\/p>\n<p>ROTEIRO DA CH\u00c1CARA ESMERALDA<\/p>\n<p><img decoding=\"async\" loading=\"lazy\" class=\"aligncenter size-full wp-image-23395\" alt=\"ch\u00e1cara esmeralda\" src=\"http:\/\/portalfloresnoar.com\/floresnoar\/wp-content\/uploads\/2016\/01\/ch\u00e1cara-esmeralda.jpg\" width=\"602\" height=\"455\" srcset=\"https:\/\/portalfloresnoar.com\/floresnoar\/wp-content\/uploads\/2016\/01\/ch\u00e1cara-esmeralda.jpg 602w, https:\/\/portalfloresnoar.com\/floresnoar\/wp-content\/uploads\/2016\/01\/ch\u00e1cara-esmeralda-300x226.jpg 300w, https:\/\/portalfloresnoar.com\/floresnoar\/wp-content\/uploads\/2016\/01\/ch\u00e1cara-esmeralda-160x120.jpg 160w\" sizes=\"(max-width: 602px) 100vw, 602px\" \/><\/p>\n","protected":false},"excerpt":{"rendered":"<p>No pr\u00f3ximo dia 30 de janeiro tem Biodan\u00e7a no Ch\u00e1cara Esmeralda (Espa\u00e7o Lapis Lazuli &#8211; unidade Aldeia). O encontro come\u00e7a \u00e0s 10h e vai at\u00e9 \u00e0s 18h e acontece sempre no \u00faltimo s\u00e1bado de cada m\u00eas. O grupo est\u00e1 aberto a novos integrantes! &#8220;A Biodan\u00e7a \u00e9 um trabalho realizado em grupo que estimula o aprendizado [&hellip;]<\/p>\n","protected":false},"author":1,"featured_media":23397,"comment_status":"open","ping_status":"open","sticky":false,"template":"","format":"standard","meta":{"om_disable_all_campaigns":false,"_monsterinsights_skip_tracking":false,"_monsterinsights_sitenote_active":false,"_monsterinsights_sitenote_note":"","_monsterinsights_sitenote_category":0,"footnotes":""},"categories":[8,214],"tags":[66],"acf":[],"publishpress_future_action":{"enabled":false,"date":"1969-12-31 21:00:00","action":"","terms":[],"taxonomy":"","browser_timezone_offset":0},"_links":{"self":[{"href":"https:\/\/portalfloresnoar.com\/floresnoar\/wp-json\/wp\/v2\/posts\/23394"}],"collection":[{"href":"https:\/\/portalfloresnoar.com\/floresnoar\/wp-json\/wp\/v2\/posts"}],"about":[{"href":"https:\/\/portalfloresnoar.com\/floresnoar\/wp-json\/wp\/v2\/types\/post"}],"author":[{"embeddable":true,"href":"https:\/\/portalfloresnoar.com\/floresnoar\/wp-json\/wp\/v2\/users\/1"}],"replies":[{"embeddable":true,"href":"https:\/\/portalfloresnoar.com\/floresnoar\/wp-json\/wp\/v2\/comments?post=23394"}],"version-history":[{"count":0,"href":"https:\/\/portalfloresnoar.com\/floresnoar\/wp-json\/wp\/v2\/posts\/23394\/revisions"}],"wp:featuredmedia":[{"embeddable":true,"href":"https:\/\/portalfloresnoar.com\/floresnoar\/wp-json\/wp\/v2\/media\/23397"}],"wp:attachment":[{"href":"https:\/\/portalfloresnoar.com\/floresnoar\/wp-json\/wp\/v2\/media?parent=23394"}],"wp:term":[{"taxonomy":"category","embeddable":true,"href":"https:\/\/portalfloresnoar.com\/floresnoar\/wp-json\/wp\/v2\/categories?post=23394"},{"taxonomy":"post_tag","embeddable":true,"href":"https:\/\/portalfloresnoar.com\/floresnoar\/wp-json\/wp\/v2\/tags?post=23394"}],"curies":[{"name":"wp","href":"https:\/\/api.w.org\/{rel}","templated":true}]}}