

{"id":23388,"date":"2016-01-11T21:39:57","date_gmt":"2016-01-12T00:39:57","guid":{"rendered":"http:\/\/portalfloresnoar.com\/floresnoar\/?p=23388"},"modified":"2016-01-11T21:39:57","modified_gmt":"2016-01-12T00:39:57","slug":"mini-oficinas-e-cursos-com-a-artista-plastica-goretti-varella","status":"publish","type":"post","link":"https:\/\/portalfloresnoar.com\/floresnoar\/mini-oficinas-e-cursos-com-a-artista-plastica-goretti-varella\/","title":{"rendered":"Mini-Oficinas e Cursos com a artista pl\u00e1stica Goretti Varella"},"content":{"rendered":"<p><img decoding=\"async\" loading=\"lazy\" class=\"aligncenter size-full wp-image-23389\" alt=\"aulas goretti varella\" src=\"http:\/\/portalfloresnoar.com\/floresnoar\/wp-content\/uploads\/2016\/01\/aulas-goretti-varella.jpg\" width=\"728\" height=\"415\" data-mce-src=\"http:\/\/portalfloresnoar.com\/floresnoar\/wp-content\/uploads\/2016\/01\/aulas-goretti-varella.jpg\" srcset=\"https:\/\/portalfloresnoar.com\/floresnoar\/wp-content\/uploads\/2016\/01\/aulas-goretti-varella.jpg 728w, https:\/\/portalfloresnoar.com\/floresnoar\/wp-content\/uploads\/2016\/01\/aulas-goretti-varella-300x171.jpg 300w\" sizes=\"(max-width: 728px) 100vw, 728px\" \/><\/p>\n<p>A arte-educadora, arteterapeuta e artista pl\u00e1stica Goretti Varella oferece mini-oficinas e cursos no Lumen Novum, em Casa Forte. Confira abaixo os detalhes!<\/p>\n<p><strong># MINI-OFICINAS #<\/strong><br \/>\nCada mini-oficina \u00e9 composta por 4 encontros, \u00e0s segundas-feiras, das 8h \u00e0s 9h30.<\/p>\n<p><strong>Oficina 1 &#8211; Estudo da Cor<\/strong><br \/>\n<em>Conte\u00fado:<\/em><br \/>\n&#8211; Disco Crom\u00e1tico<br \/>\n&#8211; Tipos de Tintas (Pigmentos)<br \/>\n&#8211; Uso de Diferentes Tipos de Pinceis<br \/>\n&#8211; Uso de Diferentes tipos de Suportes<\/p>\n<p><strong>Oficina 2 &#8211; L\u00e1pis Grafite e Carv\u00e3o<\/strong><br \/>\n<em>Conte\u00fado:<\/em><br \/>\n&#8211; Tra\u00e7os<br \/>\n&#8211; Texturas (hachuras)<br \/>\n&#8211; Uso de Diferentes tipos de Grafites<br \/>\n&#8211; Uso de Diferentes Tipos de Papeis<\/p>\n<p>Valor de cada Mini-Oficina:<br \/>\nR$ 160,00 (individual)<br \/>\nR$ 120,00 (a partir de 02 pessoas)<\/p>\n<p><strong># CURSOS #<\/strong><br \/>\nCada curso \u00e9 composto de 12 encontros (3 meses), e as aulas acontecem nas segundas-feiras, das 10h \u00e0s 11h30<\/p>\n<p><strong>Curso Desenho para Principiantes<\/strong><br \/>\n(a partir dos 13 anos de idade)<\/p>\n<p><em>Objetivos:<\/em><br \/>\n&#8211; Desenvolvimento do Processo Criativo<br \/>\n&#8211; Reconhecimento do Tra\u00e7o<br \/>\n&#8211; Desenvolvimento e Composi\u00e7\u00e3o de Temas<\/p>\n<p><em>T\u00e9cnicas:<\/em><br \/>\n&#8211; Desenho de Observa\u00e7\u00e3o<br \/>\n&#8211; Composi\u00e7\u00e3o Formal<br \/>\n&#8211; Luz e Sombra<br \/>\n&#8211; Uso de L\u00e1pis Grafite, Carv\u00e3o e Pastel Seco<br \/>\n&#8211; Uso de diferentes tipos de pap\u00e9is<\/p>\n<p><strong>Curso Pintura para principiantes <\/strong><br \/>\n(a partir dos 13 anos de idade)<\/p>\n<p><em>Objetivos:<\/em><br \/>\n&#8211; Desenvolvimento do<br \/>\nProcesso Criativo;<br \/>\n&#8211; Reconhecimento da Pincelada;<br \/>\n&#8211; Desenvolvimento e Composi\u00e7\u00e3o<br \/>\nde Temas.<\/p>\n<p><em>T\u00e9cnicas<\/em><br \/>\n&#8211; Esbo\u00e7os<br \/>\n&#8211; Composi\u00e7\u00e3o Formal<br \/>\n&#8211; Perspectiva Tonal<br \/>\n&#8211; Tipos de pinceladas<br \/>\n&#8211; Disco Crom\u00e1tico<br \/>\n&#8211; Tipos de Tintas (Pigmentos)<br \/>\n&#8211; Uso de Diferentes Tipos de Pinceis<br \/>\n&#8211; Uso de Diferentes tipos de Suportes<br \/>\n&#8211; Pintura ao ar livre<\/p>\n<p><strong>Valor do curso:<\/strong><br \/>\nR$ 200,00 (individual)<br \/>\nR$ 160,00 (a partir de 02 pessoas)<\/p>\n<p><em>obs: a lista de material \u00e9 disponibilizada na inscri\u00e7\u00e3o.<\/em><\/p>\n<p>CONTATO<br \/>\n<strong>Fones:<\/strong> 81- 996196372 &#8211; 32663044<br \/>\n<strong>E-mail:<\/strong> oficinasgorettivarella@gmail.com<br \/>\n<strong>Endere\u00e7o:<\/strong> Lumen Novum &#8211; Rua Comendador Bernardino Costa, n\u00ba117 , Casa Forte, Recife- PE<\/p>\n","protected":false},"excerpt":{"rendered":"<p>A arte-educadora, arteterapeuta e artista pl\u00e1stica Goretti Varella oferece mini-oficinas e cursos no Lumen Novum, em Casa Forte. Confira abaixo os detalhes! # MINI-OFICINAS # Cada mini-oficina \u00e9 composta por 4 encontros, \u00e0s segundas-feiras, das 8h \u00e0s 9h30. Oficina 1 &#8211; Estudo da Cor Conte\u00fado: &#8211; Disco Crom\u00e1tico &#8211; Tipos de Tintas (Pigmentos) &#8211; Uso [&hellip;]<\/p>\n","protected":false},"author":1,"featured_media":23389,"comment_status":"open","ping_status":"open","sticky":false,"template":"","format":"standard","meta":{"om_disable_all_campaigns":false,"_monsterinsights_skip_tracking":false,"_monsterinsights_sitenote_active":false,"_monsterinsights_sitenote_note":"","_monsterinsights_sitenote_category":0,"footnotes":""},"categories":[8,224,214],"tags":[44,89,150],"acf":[],"publishpress_future_action":{"enabled":false,"date":"1969-12-31 21:00:00","action":"","terms":[],"taxonomy":"","browser_timezone_offset":0},"_links":{"self":[{"href":"https:\/\/portalfloresnoar.com\/floresnoar\/wp-json\/wp\/v2\/posts\/23388"}],"collection":[{"href":"https:\/\/portalfloresnoar.com\/floresnoar\/wp-json\/wp\/v2\/posts"}],"about":[{"href":"https:\/\/portalfloresnoar.com\/floresnoar\/wp-json\/wp\/v2\/types\/post"}],"author":[{"embeddable":true,"href":"https:\/\/portalfloresnoar.com\/floresnoar\/wp-json\/wp\/v2\/users\/1"}],"replies":[{"embeddable":true,"href":"https:\/\/portalfloresnoar.com\/floresnoar\/wp-json\/wp\/v2\/comments?post=23388"}],"version-history":[{"count":0,"href":"https:\/\/portalfloresnoar.com\/floresnoar\/wp-json\/wp\/v2\/posts\/23388\/revisions"}],"wp:featuredmedia":[{"embeddable":true,"href":"https:\/\/portalfloresnoar.com\/floresnoar\/wp-json\/wp\/v2\/media\/23389"}],"wp:attachment":[{"href":"https:\/\/portalfloresnoar.com\/floresnoar\/wp-json\/wp\/v2\/media?parent=23388"}],"wp:term":[{"taxonomy":"category","embeddable":true,"href":"https:\/\/portalfloresnoar.com\/floresnoar\/wp-json\/wp\/v2\/categories?post=23388"},{"taxonomy":"post_tag","embeddable":true,"href":"https:\/\/portalfloresnoar.com\/floresnoar\/wp-json\/wp\/v2\/tags?post=23388"}],"curies":[{"name":"wp","href":"https:\/\/api.w.org\/{rel}","templated":true}]}}