

{"id":23377,"date":"2015-11-11T01:27:35","date_gmt":"2015-11-11T04:27:35","guid":{"rendered":"http:\/\/portalfloresnoar.com\/floresnoar\/?p=23377"},"modified":"2016-01-19T11:13:43","modified_gmt":"2016-01-19T14:13:43","slug":"encontro-comecando-o-ano-novo-cuidando-da-morada-interior-e-exterior-e-sintonia-com-a-realizacao-dia-161","status":"publish","type":"post","link":"https:\/\/portalfloresnoar.com\/floresnoar\/encontro-comecando-o-ano-novo-cuidando-da-morada-interior-e-exterior-e-sintonia-com-a-realizacao-dia-161\/","title":{"rendered":"Encontro &#8216;Come\u00e7ando o ano novo cuidando da morada interior e exterior em sintonia com a realiza\u00e7\u00e3o&#8217;, dia 16\/1"},"content":{"rendered":"<p style=\"text-align: center;\"><img decoding=\"async\" loading=\"lazy\" class=\"size-full wp-image-23378 aligncenter\" alt=\"feng shui\" src=\"http:\/\/portalfloresnoar.com\/floresnoar\/wp-content\/uploads\/2016\/01\/feng-shui.jpg\" width=\"706\" height=\"635\" srcset=\"https:\/\/portalfloresnoar.com\/floresnoar\/wp-content\/uploads\/2016\/01\/feng-shui.jpg 706w, https:\/\/portalfloresnoar.com\/floresnoar\/wp-content\/uploads\/2016\/01\/feng-shui-300x269.jpg 300w\" sizes=\"(max-width: 706px) 100vw, 706px\" \/><\/p>\n<p>Que tal come\u00e7ar o ano cuidando da morada interior e exterior? Todas as pessoas que j\u00e1 fizeram curso, workshop e viv\u00eancias no Reflorescer est\u00e3o convidadas a participar do encontro &#8216;Come\u00e7ando o ano novo cuidando da morada interior e exterior e sintonia com a realiza\u00e7\u00e3o&#8217;, no dia 16 de janeiro (s\u00e1bado), das 9h \u00e0s 14h. A contribui\u00e7\u00e3o \u00e9 de R$ 30,00.<\/p>\n<p><strong>Objetivos do encontro:<\/strong><br \/>\n&#8211; Proporcionar um encontro com os que t\u00eam interesse em cuidar de seus ambientes, em sintonia com o conhecimento ancestral do Feng Shui, da Constela\u00e7\u00e3o Sint\u00eamica, e reconhecem como os ambientes podem ser terap\u00eauticos, favorecendo a prosperidade.<\/p>\n<p>&#8211; Compartilhar conhecimentos, revisar, tirar d\u00favidas, vivenciar em grupo o Feng Shui numa Vis\u00e3o Sist\u00eamica.<\/p>\n<p>&#8211; Favorecer a difus\u00e3o desse conhecimento, possibilitando que mais pessoas possam cuidar de seus ambientes em sintonia com a autorrealiza\u00e7\u00e3o.<\/p>\n<p><strong>Dia:<\/strong> 16\/01\/16 (s\u00e1bado)<br \/>\n<strong>Hor\u00e1rio:<\/strong> 9h \u00e0s 14h<br \/>\n<strong>Retribui\u00e7\u00e3o Consciente:<\/strong> R$ 30,00 (trinta reais)<br \/>\n<strong>Local:<\/strong> Rua An\u00edbal Falc\u00e3o 151, Gra\u00e7as &#8211; Recife\/PE<\/p>\n<p><strong>Mais Informa\u00e7\u00f5es:<\/strong><br \/>\n(81) 99969-0239 Tim | (81) 98336-3273 Oi e Wtsp<br \/>\nreflorescer7@gmail.com<\/p>\n<p>Obs: confirmar participa\u00e7\u00e3o atrav\u00e9s de e-mail (vagas limitadas).<\/p>\n","protected":false},"excerpt":{"rendered":"<p>Que tal come\u00e7ar o ano cuidando da morada interior e exterior? Todas as pessoas que j\u00e1 fizeram curso, workshop e viv\u00eancias no Reflorescer est\u00e3o convidadas a participar do encontro &#8216;Come\u00e7ando o ano novo cuidando da morada interior e exterior e sintonia com a realiza\u00e7\u00e3o&#8217;, no dia 16 de janeiro (s\u00e1bado), das 9h \u00e0s 14h. A [&hellip;]<\/p>\n","protected":false},"author":1,"featured_media":23379,"comment_status":"open","ping_status":"open","sticky":false,"template":"","format":"standard","meta":{"om_disable_all_campaigns":false,"_monsterinsights_skip_tracking":false,"_monsterinsights_sitenote_active":false,"_monsterinsights_sitenote_note":"","_monsterinsights_sitenote_category":0,"footnotes":""},"categories":[8,214],"tags":[143],"acf":[],"publishpress_future_action":{"enabled":false,"date":"1969-12-31 21:00:00","action":"","terms":[],"taxonomy":"","browser_timezone_offset":0},"_links":{"self":[{"href":"https:\/\/portalfloresnoar.com\/floresnoar\/wp-json\/wp\/v2\/posts\/23377"}],"collection":[{"href":"https:\/\/portalfloresnoar.com\/floresnoar\/wp-json\/wp\/v2\/posts"}],"about":[{"href":"https:\/\/portalfloresnoar.com\/floresnoar\/wp-json\/wp\/v2\/types\/post"}],"author":[{"embeddable":true,"href":"https:\/\/portalfloresnoar.com\/floresnoar\/wp-json\/wp\/v2\/users\/1"}],"replies":[{"embeddable":true,"href":"https:\/\/portalfloresnoar.com\/floresnoar\/wp-json\/wp\/v2\/comments?post=23377"}],"version-history":[{"count":0,"href":"https:\/\/portalfloresnoar.com\/floresnoar\/wp-json\/wp\/v2\/posts\/23377\/revisions"}],"wp:featuredmedia":[{"embeddable":true,"href":"https:\/\/portalfloresnoar.com\/floresnoar\/wp-json\/wp\/v2\/media\/23379"}],"wp:attachment":[{"href":"https:\/\/portalfloresnoar.com\/floresnoar\/wp-json\/wp\/v2\/media?parent=23377"}],"wp:term":[{"taxonomy":"category","embeddable":true,"href":"https:\/\/portalfloresnoar.com\/floresnoar\/wp-json\/wp\/v2\/categories?post=23377"},{"taxonomy":"post_tag","embeddable":true,"href":"https:\/\/portalfloresnoar.com\/floresnoar\/wp-json\/wp\/v2\/tags?post=23377"}],"curies":[{"name":"wp","href":"https:\/\/api.w.org\/{rel}","templated":true}]}}