

{"id":23282,"date":"2015-12-08T23:00:58","date_gmt":"2015-12-09T02:00:58","guid":{"rendered":"http:\/\/portalfloresnoar.com\/floresnoar\/?p=23282"},"modified":"2016-01-19T11:19:54","modified_gmt":"2016-01-19T14:19:54","slug":"arte-afeto-e-brincadeiras-para-garotada-na-casa-astral-no-mes-de-janeiro","status":"publish","type":"post","link":"https:\/\/portalfloresnoar.com\/floresnoar\/arte-afeto-e-brincadeiras-para-garotada-na-casa-astral-no-mes-de-janeiro\/","title":{"rendered":"Arte, afeto e brincadeiras para garotada na Casa Astral no m\u00eas de janeiro"},"content":{"rendered":"<p style=\"text-align: center;\"><img decoding=\"async\" loading=\"lazy\" class=\"aligncenter  wp-image-23283\" alt=\"colonia de ferias casa astral recife\" src=\"http:\/\/portalfloresnoar.com\/floresnoar\/wp-content\/uploads\/2015\/12\/colonia-de-ferias-casa-astral-recife.jpg\" width=\"598\" height=\"367\" srcset=\"https:\/\/portalfloresnoar.com\/floresnoar\/wp-content\/uploads\/2015\/12\/colonia-de-ferias-casa-astral-recife.jpg 747w, https:\/\/portalfloresnoar.com\/floresnoar\/wp-content\/uploads\/2015\/12\/colonia-de-ferias-casa-astral-recife-300x184.jpg 300w\" sizes=\"(max-width: 598px) 100vw, 598px\" \/><\/p>\n<p>Em Janeiro de 2016 a Casa Astral oferece mais uma edi\u00e7\u00e3o das <em>F\u00e9rias No Po\u00e7o<\/em>, trazendo arte, brincadeiras e afeto para a garotada, com tranquilidade e alegria para os pais.\u00a0A programa\u00e7\u00e3o foi pensada para crian\u00e7as com idades entre 5 e 9 anos, e acontece de 4 a 29 de janeiro, das 13h \u00e0s 17h.<\/p>\n<p>Na programa\u00e7\u00e3o, atividades como: brincadeiras populares, jardinagem, arte manuais, confec\u00e7\u00e3o de brinquedos com recicl\u00e1veis, brincadeiras cantadas e ritmadas, cineminha, conta\u00e7\u00e3o de hist\u00f3ria, livrinhos artesanais e sempre com brincadeiras livres pra soltar a criatividade e mexer com a imagina\u00e7\u00e3o.<\/p>\n<p>Tudo isso no clima aconchegante da Casa, que busca retomar o &#8216;astral de s\u00edtio, de casa de v\u00f3&#8217;, com cuidado e carinho pela crian\u00e7ada. E ainda um lanche com gostosuras saud\u00e1veis, que atendem ao paladar mirim e \u00e0s recomenda\u00e7\u00f5es das fam\u00edlias.<\/p>\n<p>As atividades tamb\u00e9m ter\u00e3o uma liga\u00e7\u00e3o forte com o ciclo carnavalesco, e, no final da temporada, um bailinho de confraterniza\u00e7\u00e3o com as fam\u00edlias. A equipe de facilitadores \u00e9 composta por profissionais com experi\u00eancia em atividades art\u00edsticas e infantis.<\/p>\n<p>Pacotes podem ser feitos por di\u00e1ria (R$ 60,00), 5 dias (R$ 250,00) ou o m\u00eas completo (R$ 750,00).<\/p>\n<p>SERVI\u00c7O<br \/>\n<strong>F\u00e9rias no Po\u00e7o &#8211; Arte, Afeto e Brincadeiras<\/strong><br \/>\n<strong>Data:<\/strong> 04 a 29 de Janeiro<br \/>\n<strong>Hor\u00e1rio:<\/strong> 13h \u00e0s 17h<br \/>\n<strong>Local:<\/strong> Casa Astral &#8211; Rua Joaquim Xavier de Andrade, 104, Po\u00e7o da Panela, Recife-PE<br \/>\n<strong><\/strong><\/p>\n<p><strong>Mais Informa\u00e7\u00f5es<\/strong><br \/>\n<strong>Telefones: <\/strong>(81) 3048.7782\/ (81) 98622.5520<br \/>\n<strong>E-mail:<\/strong> casaastralrecife@gmail.com<\/p>\n","protected":false},"excerpt":{"rendered":"<p>Em Janeiro de 2016 a Casa Astral oferece mais uma edi\u00e7\u00e3o das F\u00e9rias No Po\u00e7o, trazendo arte, brincadeiras e afeto para a garotada, com tranquilidade e alegria para os pais.\u00a0A programa\u00e7\u00e3o foi pensada para crian\u00e7as com idades entre 5 e 9 anos, e acontece de 4 a 29 de janeiro, das 13h \u00e0s 17h. Na [&hellip;]<\/p>\n","protected":false},"author":1,"featured_media":23283,"comment_status":"open","ping_status":"open","sticky":false,"template":"","format":"standard","meta":{"om_disable_all_campaigns":false,"_monsterinsights_skip_tracking":false,"_monsterinsights_sitenote_active":false,"_monsterinsights_sitenote_note":"","_monsterinsights_sitenote_category":0,"footnotes":""},"categories":[8,224,214],"tags":[223],"acf":[],"publishpress_future_action":{"enabled":false,"date":"1969-12-31 21:00:00","action":"","terms":[],"taxonomy":"","browser_timezone_offset":0},"_links":{"self":[{"href":"https:\/\/portalfloresnoar.com\/floresnoar\/wp-json\/wp\/v2\/posts\/23282"}],"collection":[{"href":"https:\/\/portalfloresnoar.com\/floresnoar\/wp-json\/wp\/v2\/posts"}],"about":[{"href":"https:\/\/portalfloresnoar.com\/floresnoar\/wp-json\/wp\/v2\/types\/post"}],"author":[{"embeddable":true,"href":"https:\/\/portalfloresnoar.com\/floresnoar\/wp-json\/wp\/v2\/users\/1"}],"replies":[{"embeddable":true,"href":"https:\/\/portalfloresnoar.com\/floresnoar\/wp-json\/wp\/v2\/comments?post=23282"}],"version-history":[{"count":0,"href":"https:\/\/portalfloresnoar.com\/floresnoar\/wp-json\/wp\/v2\/posts\/23282\/revisions"}],"wp:featuredmedia":[{"embeddable":true,"href":"https:\/\/portalfloresnoar.com\/floresnoar\/wp-json\/wp\/v2\/media\/23283"}],"wp:attachment":[{"href":"https:\/\/portalfloresnoar.com\/floresnoar\/wp-json\/wp\/v2\/media?parent=23282"}],"wp:term":[{"taxonomy":"category","embeddable":true,"href":"https:\/\/portalfloresnoar.com\/floresnoar\/wp-json\/wp\/v2\/categories?post=23282"},{"taxonomy":"post_tag","embeddable":true,"href":"https:\/\/portalfloresnoar.com\/floresnoar\/wp-json\/wp\/v2\/tags?post=23282"}],"curies":[{"name":"wp","href":"https:\/\/api.w.org\/{rel}","templated":true}]}}