

{"id":23275,"date":"2016-01-01T02:47:45","date_gmt":"2016-01-01T05:47:45","guid":{"rendered":"http:\/\/portalfloresnoar.com\/floresnoar\/?p=23275"},"modified":"2017-04-26T23:12:37","modified_gmt":"2017-04-27T02:12:37","slug":"o-que-dizem-os-oraculos-sobre-2016","status":"publish","type":"post","link":"https:\/\/portalfloresnoar.com\/floresnoar\/o-que-dizem-os-oraculos-sobre-2016\/","title":{"rendered":"O que dizem os or\u00e1culos sobre 2016"},"content":{"rendered":"<p><img decoding=\"async\" loading=\"lazy\" class=\"aligncenter size-full wp-image-23276\" alt=\"foto_jersey_coastal_copyleft\" src=\"http:\/\/portalfloresnoar.com\/floresnoar\/wp-content\/uploads\/2015\/12\/foto_jersey_coastal_copyleft.jpg\" width=\"600\" height=\"400\" srcset=\"https:\/\/portalfloresnoar.com\/floresnoar\/wp-content\/uploads\/2015\/12\/foto_jersey_coastal_copyleft.jpg 600w, https:\/\/portalfloresnoar.com\/floresnoar\/wp-content\/uploads\/2015\/12\/foto_jersey_coastal_copyleft-300x200.jpg 300w\" sizes=\"(max-width: 600px) 100vw, 600px\" \/><\/p>\n<pre>Da Reda\u00e7\u00e3o do Portal Flores no Ar<\/pre>\n<p>Quando penso no n\u00famero 2016, visualizo a cor amarela. E quando senti pela primeira vez esta sensa\u00e7\u00e3o ainda nem sabia que 2016 ser\u00e1 um ano regido pelo grande astro, o Sol! Abaixo re\u00fano o que dizem os or\u00e1culos sobre 2016. Como voc\u00eas ver\u00e3o um \u00f3timo ano para colocar LUZ em todos os aspectos de nossa vida.<\/p>\n<p>A Astrologia aponta que o Sol, s\u00edmbolo da consci\u00eancia, \u00e9 o astro regente de 2016, indicando um ano de realiza\u00e7\u00e3o pessoal e espiritual. O momento \u00e9 de vitalidade, criatividade, expans\u00e3o da consci\u00eancia. O Astro-Rei nos presenteia com energias de determina\u00e7\u00e3o, dignidade, otimismo e exuber\u00e2ncia. \u00c9 necess\u00e1rio, entretanto, ter aten\u00e7\u00e3o com tend\u00eancias ego\u00edstas. O bom mesmo \u00e9 brilhar juntos!<\/p>\n<p>De acordo com a astr\u00f3loga Eunice Ferrari, estaremos em busca do nosso poder pessoal, de novas realiza\u00e7\u00f5es e estaremos mais capacitados para atingirmos nossas metas, pois nossa auto confian\u00e7a, sentido de honra e auto express\u00e3o estar\u00e3o bastante intensos dentro de n\u00f3s. Teremos for\u00e7a e determina\u00e7\u00e3o para lutarmos bravamente por tudo o que desejarmos. &#8220;Um ano regido pelo Sol representa o in\u00edcio de um novo ciclo, portanto, os in\u00edcios estar\u00e3o protegidos pelo nosso deus&#8221;, declara a astr\u00f3loga. O mago Fagner Aphros afirma que &#8220;\u00e9 um ano de colheita para aqueles que souberam plantar e bem plantado&#8221;.<\/p>\n<p>Segundo a Numerologia, 2016 ser\u00e1 regido pelo 9, n\u00famero de finaliza\u00e7\u00f5es, t\u00e9rminos de ciclo, encerramentos. O conselho \u00e9 a pr\u00e1tica do desapego, deixar ir o que tiver que ir, se desprender do passado. \u00c9 um ano de conclus\u00e3o, entrega e perd\u00e3o. De acordo com o site <a href=\"http:\/\/www.zastros.com.br\/\" target=\"_blank\">Zastros<\/a>, &#8220;se voc\u00ea tem adiado decis\u00f5es de ruptura de qualquer aspecto, neste ano 9 isso tende a acontecer, mais cedo ou mais tarde. O n\u00famero 9 d\u00e1 uma forcinha para que decis\u00f5es que estavam sendo adiadas sejam tomadas. Este n\u00famero costuma tamb\u00e9m trazer necessidade de crescimento espiritual. As pessoas se sentir\u00e3o impulsionadas a buscar conhecimento, sabedoria e dire\u00e7\u00e3o&#8221;.<\/p>\n<p>O numer\u00f3logo Yubertson Miranda conta que o n\u00famero 9 \u00e9 conhecido como o &#8216;doador universal&#8217;, o que marca um ano em que a satisfa\u00e7\u00e3o est\u00e1 ligada a ser prestativo, \u00e0 necessidade de se doar ao outro. Segundo Miranda, a ang\u00fastia e o vazio existencial tamb\u00e9m poder\u00e3o estar presentes impulsionando que a sa\u00edda da zona de conforto e a realiza\u00e7\u00e3o de mudan\u00e7as importantes. &#8220;Algumas restrat\u00e9gias podem ser bem-vindas, como refletir profundamente a respeito do modo como voc\u00ea vem vivendo algumas \u00e1reas de sua vida h\u00e1 algum tempo. Fazer aquele famoso &#8216;balan\u00e7o&#8217;. O que n\u00e3o lhe satisfaz mais? Chegou a hora de abandonar uma rela\u00e7\u00e3o desgastada e que n\u00e3o tem mais futuro? Quem sabe agora \u00e9 o seu grande momento de sair de um emprego que sufoca seus talentos e buscar o seu pr\u00f3prio neg\u00f3cio ou mesmo um outro trabalho mais satisfat\u00f3rio?&#8221; \u00c9 tempo de cada um refletir sobre o prop\u00f3sito de sua vida, o significado da sua exist\u00eancia.<\/p>\n<p>O Tar\u00f4 indica que o arcano que rege 2016 \u00e9 o Eremita, s\u00edmbolo da Sabedoria. Paci\u00eancia, conhecimento, discernimento, sil\u00eancio, cautela, isolamento, autocontrole, prud\u00eancia e calma s\u00e3o algumas das palavras-chave do Eremita. O site <a href=\"http:\/\/ceudodia.weebly.com\/tarocirc\/2016-o-eremita-sera-o-seu-regente\" target=\"_blank\">C\u00e9u do Dia<\/a>, destaca que \u00e9 uma ano de reflex\u00e3o, recolhimento e de autoan\u00e1lise. &#8220;N\u00e3o ser\u00e1 um ano de desenvolvimento r\u00e1pido, mas de muito planejamento, onde as metas precisar\u00e3o ser tra\u00e7adas com crit\u00e9rio, discernimento, cautela e muita aten\u00e7\u00e3o.&#8221;<\/p>\n<p>&#8220;A paci\u00eancia \u00e9 uma das principais virtudes a serem desenvolvidas neste ano. O buscador vai em busca de si pr\u00f3prio, mas sabe que deve seguir os passos da natureza &#8211; saber lidar com o tempo, esperar o melhor momento e agir com absoluta prud\u00eancia diante do que n\u00e3o pode ser evitado. A voz do s\u00e1bio \u00e9 ouvida na serenidade. Em vez de se desesperar com determinadas situa\u00e7\u00f5es, o melhor \u00e9 aprender a esperar&#8221;, declara o tar\u00f3logo Leo Chioda.<\/p>\n<p>O orix\u00e1 que estar\u00e1 \u00e0 frente de 2016 \u00e9 Oxal\u00e1, o orix\u00e1 da paz, respons\u00e1vel pela cria\u00e7\u00e3o da vida na Terra. De acordo com Pai L\u00e9o das Pedreiras, quando temos um Ano regido por esse grande Orix\u00e1 temos um ano mais lento, pois Oxal\u00e1 \u00e9 lento, por\u00e9m constante. &#8220;Ser\u00e1 um ano para repensarmos nossas atitudes e despertarmos o Amor ao pr\u00f3ximo, pois este \u00e9 o \u00fanico caminho que nos conecta a Oxal\u00e1. Espiritualmente estaremos muito bem guardados, pois o Orix\u00e1 do branco \u00e9 um grande protetor e guardi\u00e3o de toda Humanidade!&#8221;<\/p>\n<p>O <a href=\"http:\/\/luzdivinaespiritual.blogspot.com.br\/2015\/11\/oxala-o-orixa-regente-de-2016.html\" target=\"_blank\">blog Luz Divina<\/a> ressalta que Oxal\u00e1 prenuncia um ano de obst\u00e1culos consider\u00e1veis que poder\u00e3o ser transpostos com a devida perseveran\u00e7a. O bom uso das palavras e as atitudes prudentes s\u00e3o exigidas para que nenhum esfor\u00e7o na dire\u00e7\u00e3o da harmonia seja em v\u00e3o. O ano de Oxal\u00e1 consiste em estudo, reflex\u00e3o e at\u00e9 mesmo uma boa dose de obstina\u00e7\u00e3o. As pessoas buscar\u00e3o mais a criatividade, a intelectualidade, a sabedoria, a f\u00e9, a espiritualiza\u00e7\u00e3o, a calma e a harmonia, assim como pode haver mais tomada de consci\u00eancia&#8221;.<\/p>\n<p>Que assim seja!<\/p>\n<p>FONTES:<\/p>\n<div><a href=\"https:\/\/dialogospoliticos.wordpress.com\/2015\/11\/10\/oxala-e-iemanja-os-orixas-regentes-de-2016\/\" target=\"_blank\">https:\/\/dialogospoliticos.<wbr \/>wordpress.com\/2015\/11\/10\/<wbr \/>oxala-e-iemanja-os-orixas-<wbr \/>regentes-de-2016\/<\/a><\/div>\n<div><a href=\"http:\/\/www.personare.com.br\/2016-o-ano-da-sabedoria-m6663\" target=\"_blank\">http:\/\/www.personare.com.br\/<wbr \/>2016-o-ano-da-sabedoria-m6663<\/a><\/div>\n<div><a href=\"http:\/\/www.personare.com.br\/numerologia-revela-tendencias-para-2016-m6605\" target=\"_blank\">http:\/\/www.personare.com.br\/<wbr \/>numerologia-revela-tendencias-<wbr \/>para-2016-m6605<\/a><\/div>\n<p><a href=\"http:\/\/vidaeestilo.terra.com.br\/horoscopo\/astrologia\/sol-e-o-regente-de-2016,0ea22d46cebf1cb4a543f90cff239a129vkyuuqb.html\" target=\"_blank\">http:\/\/vidaeestilo.terra.com.br\/horoscopo\/astrologia\/sol-e-o-regente-de-2016,0ea22d46cebf1cb4a543f90cff239a129vkyuuqb.html<\/a><br \/>\n<a href=\"http:\/\/www.fagneraphros.com\/2015\/08\/planeta-regente-de-2016-sol.html\" target=\"_blank\">http:\/\/www.fagneraphros.com\/2015\/08\/planeta-regente-de-2016-sol.html<\/a><br \/>\n<a href=\"http:\/\/www.zastros.com.br\/numerologia\/numerologia-2016-sera-regido-pelo-numero-9\/\" target=\"_blank\">http:\/\/www.zastros.com.br\/numerologia\/numerologia-2016-sera-regido-pelo-numero-9\/<\/a><br \/>\n<a href=\"http:\/\/ceudodia.weebly.com\/tarocirc\/2016-o-eremita-sera-o-seu-regente\" target=\"_blank\">http:\/\/ceudodia.weebly.com\/tarocirc\/2016-o-eremita-sera-o-seu-regente<\/a><br \/>\n<a href=\"http:\/\/http:\/\/luzdivinaespiritual.blogspot.com.br\/2015\/11\/oxala-o-orixa-regente-de-2016.html\" target=\"_blank\">http:\/\/luzdivinaespiritual.blogspot.com.br\/2015\/11\/oxala-o-orixa-regente-de-2016.html<\/a><\/p>\n","protected":false},"excerpt":{"rendered":"<p>Da Reda\u00e7\u00e3o do Portal Flores no Ar Quando penso no n\u00famero 2016, visualizo a cor amarela. E quando senti pela primeira vez esta sensa\u00e7\u00e3o ainda nem sabia que 2016 ser\u00e1 um ano regido pelo grande astro, o Sol! Abaixo re\u00fano o que dizem os or\u00e1culos sobre 2016. Como voc\u00eas ver\u00e3o um \u00f3timo ano para colocar [&hellip;]<\/p>\n","protected":false},"author":1,"featured_media":23276,"comment_status":"open","ping_status":"open","sticky":false,"template":"","format":"standard","meta":{"om_disable_all_campaigns":false,"_monsterinsights_skip_tracking":false,"_monsterinsights_sitenote_active":false,"_monsterinsights_sitenote_note":"","_monsterinsights_sitenote_category":0,"footnotes":""},"categories":[9],"tags":[18,232,174,296,86],"acf":[],"publishpress_future_action":{"enabled":false,"date":"1969-12-31 21:00:00","action":"","terms":[],"taxonomy":"","browser_timezone_offset":0},"_links":{"self":[{"href":"https:\/\/portalfloresnoar.com\/floresnoar\/wp-json\/wp\/v2\/posts\/23275"}],"collection":[{"href":"https:\/\/portalfloresnoar.com\/floresnoar\/wp-json\/wp\/v2\/posts"}],"about":[{"href":"https:\/\/portalfloresnoar.com\/floresnoar\/wp-json\/wp\/v2\/types\/post"}],"author":[{"embeddable":true,"href":"https:\/\/portalfloresnoar.com\/floresnoar\/wp-json\/wp\/v2\/users\/1"}],"replies":[{"embeddable":true,"href":"https:\/\/portalfloresnoar.com\/floresnoar\/wp-json\/wp\/v2\/comments?post=23275"}],"version-history":[{"count":0,"href":"https:\/\/portalfloresnoar.com\/floresnoar\/wp-json\/wp\/v2\/posts\/23275\/revisions"}],"wp:featuredmedia":[{"embeddable":true,"href":"https:\/\/portalfloresnoar.com\/floresnoar\/wp-json\/wp\/v2\/media\/23276"}],"wp:attachment":[{"href":"https:\/\/portalfloresnoar.com\/floresnoar\/wp-json\/wp\/v2\/media?parent=23275"}],"wp:term":[{"taxonomy":"category","embeddable":true,"href":"https:\/\/portalfloresnoar.com\/floresnoar\/wp-json\/wp\/v2\/categories?post=23275"},{"taxonomy":"post_tag","embeddable":true,"href":"https:\/\/portalfloresnoar.com\/floresnoar\/wp-json\/wp\/v2\/tags?post=23275"}],"curies":[{"name":"wp","href":"https:\/\/api.w.org\/{rel}","templated":true}]}}