

{"id":23235,"date":"2015-12-10T10:16:05","date_gmt":"2015-12-10T13:16:05","guid":{"rendered":"http:\/\/portalfloresnoar.com\/floresnoar\/?p=23235"},"modified":"2016-02-03T10:39:19","modified_gmt":"2016-02-03T13:39:19","slug":"ii-encontro-do-workshop-bolsa-da-doula-dia-171-no-espaco-gerar","status":"publish","type":"post","link":"https:\/\/portalfloresnoar.com\/floresnoar\/ii-encontro-do-workshop-bolsa-da-doula-dia-171-no-espaco-gerar\/","title":{"rendered":"II Encontro do Workshop Bolsa da Doula dia 30\/1 no Espa\u00e7o Gerar"},"content":{"rendered":"<p><img decoding=\"async\" loading=\"lazy\" class=\"aligncenter size-full wp-image-23359\" alt=\"doula recife\" src=\"http:\/\/portalfloresnoar.com\/floresnoar\/wp-content\/uploads\/2016\/01\/doula-recife.jpg\" width=\"616\" height=\"616\" srcset=\"https:\/\/portalfloresnoar.com\/floresnoar\/wp-content\/uploads\/2016\/01\/doula-recife.jpg 616w, https:\/\/portalfloresnoar.com\/floresnoar\/wp-content\/uploads\/2016\/01\/doula-recife-150x150.jpg 150w, https:\/\/portalfloresnoar.com\/floresnoar\/wp-content\/uploads\/2016\/01\/doula-recife-300x300.jpg 300w, https:\/\/portalfloresnoar.com\/floresnoar\/wp-content\/uploads\/2016\/01\/doula-recife-100x100.jpg 100w\" sizes=\"(max-width: 616px) 100vw, 616px\" \/><br \/>\nA \u00c1gua ser\u00e1 o elemento foco do II\u00a0Encontro do Workshop Bolsa da Doula, que ser\u00e1 realizado no dia 30 de janeiro de 2016 no Espa\u00e7o Gerar, em Casa Forte.\u00a0A viv\u00eancia \u00e9 voltada para Doulas, Parteiras, Enfermeiras e todas as pessoas interessadas em encontrar mais ferramentas de apoio para o parto.\u00a0Nos encontros as \u00a0participantes mergulham num estudo profundo dos quatro elementos presentes na natureza, dentro de cada um e nos ciclos da vida.<\/p>\n<p>&#8220;Pretendemos com este workshop estimular atua\u00e7\u00f5es terap\u00eauticas das Doulas atrav\u00e9s de suas pr\u00f3prias viv\u00eancias. A partir do parto, encontraremos maneiras de aliviar as tens\u00f5es, nomear medos, mergulhar no conhecimento sagrado, natural e ancestral, que se manifesta em cada ser feminino guiado pelo significado de cada elemento da natureza. Neste segundo encontro, a libera\u00e7\u00e3o emocional e a ancestralidade &#8211; presentes simbolicamente no elemento \u00c1gua &#8211;\u00a0\u00a0ser\u00e3o os temas trabalhados com aplica\u00e7\u00f5es pr\u00e1ticas, t\u00e9cnicas e viv\u00eancias de autoconhecimento que ser\u00e3o \u00fateis para o auto-desenvolvimento e para o atendimento das parturientes.<\/p>\n<p style=\"text-align: left;\"><img decoding=\"async\" loading=\"lazy\" class=\"wp-image-22961 alignleft\" alt=\"doula maiana gomes\" src=\"http:\/\/portalfloresnoar.com\/floresnoar\/wp-content\/uploads\/2015\/11\/doula-maiana-gomes.jpg\" width=\"350\" height=\"211\" srcset=\"https:\/\/portalfloresnoar.com\/floresnoar\/wp-content\/uploads\/2015\/11\/doula-maiana-gomes.jpg 730w, https:\/\/portalfloresnoar.com\/floresnoar\/wp-content\/uploads\/2015\/11\/doula-maiana-gomes-300x180.jpg 300w\" sizes=\"(max-width: 350px) 100vw, 350px\" \/><\/p>\n<p style=\"text-align: left;\">Maiana Gomes \u00e9 acupunturista formada pela ABA, Irid\u00f3loga, mestre em Reiki Usui, massoterapeuta Oriental, terapeuta Floral do Sistema Florais da Amaz\u00f4nia, consteladora Sist\u00eamica em forma\u00e7\u00e3o. \u00c9\u00a0Doula, com forma\u00e7\u00e3o pelo Instituto N\u00f4mades e multiplicadora da Ci\u00eancia do In\u00edcio da Vida. \u00c9 tamb\u00e9m educadora do Projeto &#8220;Doulas, Articulando Vidas&#8221; do Centro Nordestino de Medicina Popular e educadora do Projeto Parter\u00eda Urbana.<\/p>\n<p>SERVI\u00c7O <strong>II Encontro: Elemento \u00c1gua &#8211; Libera\u00e7\u00e3o emocional e ancestralidade<\/strong> Data: 30\/01\/2016 Hor\u00e1rio: 9h \u00e0s 13h e 14h \u00e0s 18h Local: Espa\u00e7o Gerar &#8211; Arteterapia e Bem-Estar, Rua Jorge de Albuquerque, 103. Casa Forte &#8211; Recife (PE) Investimento: R$ 180 (<em>Emitimos Certifcado)<\/em><\/p>\n<div>p\u00e1gina do evento no facebook:\u00a0<a href=\"https:\/\/www.facebook.com\/events\/693523704122490\/\" target=\"_blank\">https:\/\/www.facebook.com\/<wbr \/>events\/693523704122490\/<\/a><\/div>\n<div><\/div>\n<div><em>Vagas limitadas!<\/em> <strong>Inscri\u00e7\u00f5es e informa\u00e7\u00f5es<\/strong> (81) 997940225 \/ 984572630 &#8211; Paula <a href=\"mailto:7sereias@gmail.com\" target=\"_blank\">7sereias@gmail.com<\/a><\/div>\n","protected":false},"excerpt":{"rendered":"<p>A \u00c1gua ser\u00e1 o elemento foco do II\u00a0Encontro do Workshop Bolsa da Doula, que ser\u00e1 realizado no dia 30 de janeiro de 2016 no Espa\u00e7o Gerar, em Casa Forte.\u00a0A viv\u00eancia \u00e9 voltada para Doulas, Parteiras, Enfermeiras e todas as pessoas interessadas em encontrar mais ferramentas de apoio para o parto.\u00a0Nos encontros as \u00a0participantes mergulham num [&hellip;]<\/p>\n","protected":false},"author":1,"featured_media":22961,"comment_status":"open","ping_status":"open","sticky":false,"template":"","format":"standard","meta":{"om_disable_all_campaigns":false,"_monsterinsights_skip_tracking":false,"_monsterinsights_sitenote_active":false,"_monsterinsights_sitenote_note":"","_monsterinsights_sitenote_category":0,"footnotes":""},"categories":[8,224,214],"tags":[107,80,22,238],"acf":[],"publishpress_future_action":{"enabled":false,"date":"1969-12-31 21:00:00","action":"","terms":[],"taxonomy":"","browser_timezone_offset":0},"_links":{"self":[{"href":"https:\/\/portalfloresnoar.com\/floresnoar\/wp-json\/wp\/v2\/posts\/23235"}],"collection":[{"href":"https:\/\/portalfloresnoar.com\/floresnoar\/wp-json\/wp\/v2\/posts"}],"about":[{"href":"https:\/\/portalfloresnoar.com\/floresnoar\/wp-json\/wp\/v2\/types\/post"}],"author":[{"embeddable":true,"href":"https:\/\/portalfloresnoar.com\/floresnoar\/wp-json\/wp\/v2\/users\/1"}],"replies":[{"embeddable":true,"href":"https:\/\/portalfloresnoar.com\/floresnoar\/wp-json\/wp\/v2\/comments?post=23235"}],"version-history":[{"count":0,"href":"https:\/\/portalfloresnoar.com\/floresnoar\/wp-json\/wp\/v2\/posts\/23235\/revisions"}],"wp:featuredmedia":[{"embeddable":true,"href":"https:\/\/portalfloresnoar.com\/floresnoar\/wp-json\/wp\/v2\/media\/22961"}],"wp:attachment":[{"href":"https:\/\/portalfloresnoar.com\/floresnoar\/wp-json\/wp\/v2\/media?parent=23235"}],"wp:term":[{"taxonomy":"category","embeddable":true,"href":"https:\/\/portalfloresnoar.com\/floresnoar\/wp-json\/wp\/v2\/categories?post=23235"},{"taxonomy":"post_tag","embeddable":true,"href":"https:\/\/portalfloresnoar.com\/floresnoar\/wp-json\/wp\/v2\/tags?post=23235"}],"curies":[{"name":"wp","href":"https:\/\/api.w.org\/{rel}","templated":true}]}}