

{"id":23233,"date":"2020-12-19T06:07:19","date_gmt":"2020-12-19T09:07:19","guid":{"rendered":"http:\/\/portalfloresnoar.com\/floresnoar\/?p=23233"},"modified":"2020-12-20T20:22:50","modified_gmt":"2020-12-20T23:22:50","slug":"solsticio-de-verao","status":"publish","type":"post","link":"https:\/\/portalfloresnoar.com\/floresnoar\/solsticio-de-verao\/","title":{"rendered":"Solst\u00edcio de Ver\u00e3o"},"content":{"rendered":"<figure id=\"attachment_23240\" aria-describedby=\"caption-attachment-23240\" style=\"width: 584px\" class=\"wp-caption aligncenter\"><img decoding=\"async\" loading=\"lazy\" class=\" wp-image-23240 \" src=\"http:\/\/portalfloresnoar.com\/floresnoar\/wp-content\/uploads\/2015\/12\/nascer-sol_foto-lu-rabelo.jpg\" alt=\"Foto: Lu Rabelo\" width=\"584\" height=\"328\" srcset=\"https:\/\/portalfloresnoar.com\/floresnoar\/wp-content\/uploads\/2015\/12\/nascer-sol_foto-lu-rabelo.jpg 730w, https:\/\/portalfloresnoar.com\/floresnoar\/wp-content\/uploads\/2015\/12\/nascer-sol_foto-lu-rabelo-300x168.jpg 300w\" sizes=\"(max-width: 584px) 100vw, 584px\" \/><figcaption id=\"caption-attachment-23240\" class=\"wp-caption-text\">Foto: Luciana Carmen<\/figcaption><\/figure>\n<p>[<em>Da Reda\u00e7\u00e3o Flores no Ar]<\/em><\/p>\n<p>O Solst\u00edcio \u00e9 um acontecimento astron\u00f4mico que ocorre duas vezes por ano, em dezembro e em junho, significando o in\u00edcio do Ver\u00e3o ou do Inverno. O solst\u00edcio acontece devido aos fen\u00f4menos de rota\u00e7\u00e3o e transla\u00e7\u00e3o do planeta Terra, pois gra\u00e7as a eles a luz solar \u00e9 distribu\u00edda de forma desigual entre os dois hemisf\u00e9rios. Os momentos exatos dos solst\u00edcios, que tamb\u00e9m marcam as mudan\u00e7as de esta\u00e7\u00e3o, s\u00e3o obtidos por c\u00e1lculos de astronomia.<\/p>\n<p>No caso de n\u00f3s, c\u00e1 do Hemisf\u00e9rio Sul, no dia 21 de dezembro, quando o Sol entra no signo de Capric\u00f3rnio, acontece o Solst\u00edcio de Ver\u00e3o, significando que a dura\u00e7\u00e3o do dia \u00e9 a mais longa do ano (no Hemisf\u00e9rio Norte acontece neste dia o Solst\u00edcio de Inverno, o que significa que a dura\u00e7\u00e3o da noite \u00e9 a mais longa do ano). \u00c9 no Solst\u00edcio de Ver\u00e3o que acontece o dia de maior claridade, simbolicamente trazendo uma forte energia de Luz, de Vida.<\/p>\n<p>Diversas religi\u00f5es consideram os dias de Solst\u00edcio e Equin\u00f3cio como sendo m\u00e1gicos, uma vez que s\u00e3o em tais momentos que ocorrem as mudan\u00e7as de esta\u00e7\u00f5es. &#8220;Os solst\u00edcios marcam o momento em que a vibra\u00e7\u00e3o terrestre \u00e9 mais elevada&#8221;, declara a autora rosacruciana Corinne Heline.<\/p>\n<p>Na Roda do Ano Celta (tamb\u00e9m conhecida como Roda do Ano Wicca), no dia 21 de dezembro, no Hemisf\u00e9rio Norte, quando acontece o Solst\u00edcio de Inverno, \u00e9 celebrado o Sabbat de Yule, tempos de introspec\u00e7\u00e3o e esperan\u00e7a. J\u00e1 no Hemisf\u00e9rio Sul (para quem segue a Roda Sul), quando se inicia o Ver\u00e3o \u00e9 comemorado o Sabbat de Litha, momento de fertilidade e crescimento.<\/p>\n<p>Astrologicamente, de acordo com o astr\u00f3logo Haroldo Barros, durante a entrada do Sol em Capric\u00f3rnio, &#8220;signo localizado no ponto mais alto do zod\u00edaco e s\u00edmbolo por excel\u00eancia das eleva\u00e7\u00f5es e montanhas, o Cosmos nos convida ao reconhecimento da plenitude e integralidade da Natureza (inclusive a Natureza humana), a mesma plenitude que traz, em seu bojo, a sonoridade primordial que expulsa as for\u00e7as cegas que nos enchem de p\u00e2nico. Mas que n\u00f3s possamos, tamb\u00e9m, ter a humildade e a disposi\u00e7\u00e3o para escalar as montanhas, tanto as da exist\u00eancia cotidiana como tamb\u00e9m aquelas que nos elevam a maiores realidades. E que possamos celebrar a esta\u00e7\u00e3o do Ver\u00e3o com alegria e plenitude, mas que, sobretudo, essa plenitude esteja tamb\u00e9m presente em nossas almas&#8221;.<\/p>\n<p>&nbsp;<\/p>\n<p>&nbsp;<\/p>\n","protected":false},"excerpt":{"rendered":"<p>[Da Reda\u00e7\u00e3o Flores no Ar] O Solst\u00edcio \u00e9 um acontecimento astron\u00f4mico que ocorre duas vezes por ano, em dezembro e em junho, significando o in\u00edcio do Ver\u00e3o ou do Inverno. O solst\u00edcio acontece devido aos fen\u00f4menos de rota\u00e7\u00e3o e transla\u00e7\u00e3o do planeta Terra, pois gra\u00e7as a eles a luz solar \u00e9 distribu\u00edda de forma desigual [&hellip;]<\/p>\n","protected":false},"author":1,"featured_media":23240,"comment_status":"open","ping_status":"open","sticky":false,"template":"","format":"standard","meta":{"om_disable_all_campaigns":false,"_monsterinsights_skip_tracking":false,"_monsterinsights_sitenote_active":false,"_monsterinsights_sitenote_note":"","_monsterinsights_sitenote_category":0,"footnotes":""},"categories":[10],"tags":[18,980,981,557,412],"acf":[],"publishpress_future_action":{"enabled":false,"date":"1969-12-31 21:00:00","action":"","terms":[],"taxonomy":"","browser_timezone_offset":0},"_links":{"self":[{"href":"https:\/\/portalfloresnoar.com\/floresnoar\/wp-json\/wp\/v2\/posts\/23233"}],"collection":[{"href":"https:\/\/portalfloresnoar.com\/floresnoar\/wp-json\/wp\/v2\/posts"}],"about":[{"href":"https:\/\/portalfloresnoar.com\/floresnoar\/wp-json\/wp\/v2\/types\/post"}],"author":[{"embeddable":true,"href":"https:\/\/portalfloresnoar.com\/floresnoar\/wp-json\/wp\/v2\/users\/1"}],"replies":[{"embeddable":true,"href":"https:\/\/portalfloresnoar.com\/floresnoar\/wp-json\/wp\/v2\/comments?post=23233"}],"version-history":[{"count":0,"href":"https:\/\/portalfloresnoar.com\/floresnoar\/wp-json\/wp\/v2\/posts\/23233\/revisions"}],"wp:featuredmedia":[{"embeddable":true,"href":"https:\/\/portalfloresnoar.com\/floresnoar\/wp-json\/wp\/v2\/media\/23240"}],"wp:attachment":[{"href":"https:\/\/portalfloresnoar.com\/floresnoar\/wp-json\/wp\/v2\/media?parent=23233"}],"wp:term":[{"taxonomy":"category","embeddable":true,"href":"https:\/\/portalfloresnoar.com\/floresnoar\/wp-json\/wp\/v2\/categories?post=23233"},{"taxonomy":"post_tag","embeddable":true,"href":"https:\/\/portalfloresnoar.com\/floresnoar\/wp-json\/wp\/v2\/tags?post=23233"}],"curies":[{"name":"wp","href":"https:\/\/api.w.org\/{rel}","templated":true}]}}