

{"id":23204,"date":"2016-01-18T23:10:11","date_gmt":"2016-01-19T02:10:11","guid":{"rendered":"http:\/\/portalfloresnoar.com\/floresnoar\/?p=23204"},"modified":"2016-02-24T15:56:06","modified_gmt":"2016-02-24T18:56:06","slug":"jardim-alecrim-recife-esta-com-matriculas-abertas-para-turmas-de-manha-e-a-tarde","status":"publish","type":"post","link":"https:\/\/portalfloresnoar.com\/floresnoar\/jardim-alecrim-recife-esta-com-matriculas-abertas-para-turmas-de-manha-e-a-tarde\/","title":{"rendered":"Jardim Alecrim Recife est\u00e1 com matriculas abertas para turmas de manh\u00e3 \u00e0 tarde"},"content":{"rendered":"<p><img decoding=\"async\" loading=\"lazy\" class=\"size-full wp-image-23207 alignleft\" alt=\"pedagogia waldorf no recife\" src=\"http:\/\/portalfloresnoar.com\/floresnoar\/wp-content\/uploads\/2015\/12\/pedagogia-waldorf-no-recife.jpg\" width=\"403\" height=\"514\" srcset=\"https:\/\/portalfloresnoar.com\/floresnoar\/wp-content\/uploads\/2015\/12\/pedagogia-waldorf-no-recife.jpg 403w, https:\/\/portalfloresnoar.com\/floresnoar\/wp-content\/uploads\/2015\/12\/pedagogia-waldorf-no-recife-235x300.jpg 235w\" sizes=\"(max-width: 403px) 100vw, 403px\" \/>O Jardim Alecrim Recife est\u00e1 com matr\u00edculas abertas para crian\u00e7as de 1 ano e meio a 6 anos em turmas pela manh\u00e3 e \u00e0 tarde. Inspirado na Pedagogia Waldorf, o espa\u00e7o, localizado em Casa Forte, proporciona \u00e0 crian\u00e7a pequena uma rotina saud\u00e1vel, assemelhando-se ao ambiente de um lar repleto de calor e seguran\u00e7a.<\/p>\n<p>&#8220;Desenvolvemos um trabalho de respeito ao ser crian\u00e7a. Observamos que o incentivo precoce \u00e0 leitura, escrita e o contato com m\u00eddias digitais s\u00e3o comuns em muitos espa\u00e7os pedag\u00f3gicos, sendo, no entanto, prejudiciais \u00e0 sa\u00fade do indiv\u00edduo que est\u00e1 em processo de matura\u00e7\u00e3o do sistema neural e emocional. Priorizamos o brincar livre, o est\u00edmulo \u00e0 fantasia e \u00e0 imagina\u00e7\u00e3o, al\u00e9m do contato com a arte e a natureza&#8221;, pontua a fonoaudi\u00f3loga, pedagoga waldorf, terapeuta familiar sist\u00eamica e fundadora do Jardim Alecrim Recife, Janise Paiva.<\/p>\n<p><strong>Primeiro Set\u00eanio<\/strong><br \/>\nDe acordo com a Pedagogia Waldorf, desenvolvida, em 1919, pelo fil\u00f3sofo austr\u00edaco Rudolf Steiner, a crian\u00e7a at\u00e9 os sete anos de idade est\u00e1, principalmente, desenvolvendo seu corpo f\u00edsico. Por isso, a metodologia proporciona atividades f\u00edsicas ligadas ao brincar na primeira inf\u00e2ncia.<\/p>\n<p>&#8220;\u00c9 como se voc\u00ea constru\u00edsse uma casa come\u00e7ando pelo telhado e esquecesse de firmar a base. Mal a crian\u00e7a aprende a andar, falar e pensar, j\u00e1 est\u00e1 precisando lidar com um monte de s\u00edmbolos e tarefas desconexas com seus interesses. Ela ainda n\u00e3o est\u00e1 pronta para um c\u00f3digo frio, sem vida como linguagem escrita. Precisa crescer, firmar seu corpo, dominar a linguagem oral, fortalecer seu alicerce, para, a\u00ed sim, continuar o processo de alfabetiza\u00e7\u00e3o\u201d, afirma.<\/p>\n<p>Janise explica ainda que \u00e9 preciso dar vas\u00e3o \u00e0 curiosidade dos pequenos. \u201cEles v\u00e3o querer decifrar os c\u00f3digos que s\u00f3 adultos e crian\u00e7as maiores sabem. No mundo existem letras por todos os lugares por onde nossas crian\u00e7as passam. Quando ela est\u00e1 pronta, madura, ela mesma sente vontade de saber o que significam aqueles s\u00edmbolos. Ler \u00e9 como amar, quando estamos prontos acontece &#8220;, refor\u00e7a Janise.<\/p>\n<p>O Jardim Alecrim fica na Rua Silveira Lobo, 107, em Casa Forte, no Recife.<\/p>\n<p>MAIS INFORMA\u00c7\u00d5ES<br \/>\n<strong>E-mail<\/strong>: jardimalecrimrecife@gmail.com<br \/>\n<strong>Fone<\/strong>: (81) 3071.4247<br \/>\n<strong>Site<\/strong>: <a href=\"http:\/\/www.jardimalecrim.com\/\" target=\"_blank\">www.jardimalecrim.com<\/a><br \/>\n<strong>FanPage<\/strong>:<a href=\"https:\/\/www.facebook.com\/Jardim-Alecrim-Recife-272245776182376\/?fref=ts\" target=\"_blank\"> https:\/\/www.facebook.com\/Jardim-Alecrim-Recife-272245776182376\/?fref=ts<\/a><\/p>\n","protected":false},"excerpt":{"rendered":"<p>O Jardim Alecrim Recife est\u00e1 com matr\u00edculas abertas para crian\u00e7as de 1 ano e meio a 6 anos em turmas pela manh\u00e3 e \u00e0 tarde. Inspirado na Pedagogia Waldorf, o espa\u00e7o, localizado em Casa Forte, proporciona \u00e0 crian\u00e7a pequena uma rotina saud\u00e1vel, assemelhando-se ao ambiente de um lar repleto de calor e seguran\u00e7a. &#8220;Desenvolvemos um [&hellip;]<\/p>\n","protected":false},"author":1,"featured_media":23205,"comment_status":"open","ping_status":"open","sticky":false,"template":"","format":"standard","meta":{"om_disable_all_campaigns":false,"_monsterinsights_skip_tracking":false,"_monsterinsights_sitenote_active":false,"_monsterinsights_sitenote_note":"","_monsterinsights_sitenote_category":0,"footnotes":""},"categories":[8,214],"tags":[120,115],"acf":[],"publishpress_future_action":{"enabled":false,"date":"1969-12-31 21:00:00","action":"","terms":[],"taxonomy":"","browser_timezone_offset":0},"_links":{"self":[{"href":"https:\/\/portalfloresnoar.com\/floresnoar\/wp-json\/wp\/v2\/posts\/23204"}],"collection":[{"href":"https:\/\/portalfloresnoar.com\/floresnoar\/wp-json\/wp\/v2\/posts"}],"about":[{"href":"https:\/\/portalfloresnoar.com\/floresnoar\/wp-json\/wp\/v2\/types\/post"}],"author":[{"embeddable":true,"href":"https:\/\/portalfloresnoar.com\/floresnoar\/wp-json\/wp\/v2\/users\/1"}],"replies":[{"embeddable":true,"href":"https:\/\/portalfloresnoar.com\/floresnoar\/wp-json\/wp\/v2\/comments?post=23204"}],"version-history":[{"count":0,"href":"https:\/\/portalfloresnoar.com\/floresnoar\/wp-json\/wp\/v2\/posts\/23204\/revisions"}],"wp:featuredmedia":[{"embeddable":true,"href":"https:\/\/portalfloresnoar.com\/floresnoar\/wp-json\/wp\/v2\/media\/23205"}],"wp:attachment":[{"href":"https:\/\/portalfloresnoar.com\/floresnoar\/wp-json\/wp\/v2\/media?parent=23204"}],"wp:term":[{"taxonomy":"category","embeddable":true,"href":"https:\/\/portalfloresnoar.com\/floresnoar\/wp-json\/wp\/v2\/categories?post=23204"},{"taxonomy":"post_tag","embeddable":true,"href":"https:\/\/portalfloresnoar.com\/floresnoar\/wp-json\/wp\/v2\/tags?post=23204"}],"curies":[{"name":"wp","href":"https:\/\/api.w.org\/{rel}","templated":true}]}}