

{"id":22957,"date":"2015-09-18T10:10:46","date_gmt":"2015-09-18T13:10:46","guid":{"rendered":"http:\/\/portalfloresnoar.com\/floresnoar\/?p=22957"},"modified":"2016-07-25T10:38:09","modified_gmt":"2016-07-25T13:38:09","slug":"workshop-de-danca-do-ventre-curativa-com-josie-duarte-dia-2111-em-sao-paulo","status":"publish","type":"post","link":"https:\/\/portalfloresnoar.com\/floresnoar\/workshop-de-danca-do-ventre-curativa-com-josie-duarte-dia-2111-em-sao-paulo\/","title":{"rendered":"&#8216;Workshop de Dan\u00e7a do Ventre Curativa&#8217; com Josie Duarte dia 21\/11 em S\u00e3o Paulo"},"content":{"rendered":"<p><img decoding=\"async\" loading=\"lazy\" class=\" wp-image-22958 alignleft\" alt=\"josie duarte\" src=\"http:\/\/portalfloresnoar.com\/floresnoar\/wp-content\/uploads\/2015\/11\/josie-duarte1.jpg\" width=\"231\" height=\"347\" srcset=\"https:\/\/portalfloresnoar.com\/floresnoar\/wp-content\/uploads\/2015\/11\/josie-duarte1.jpg 413w, https:\/\/portalfloresnoar.com\/floresnoar\/wp-content\/uploads\/2015\/11\/josie-duarte1-199x300.jpg 199w\" sizes=\"(max-width: 231px) 100vw, 231px\" \/>A terapeuta corporal Josie Duarte &#8211; ap\u00f3s quatro anos do \u00faltimo encontro em S\u00e3o Paulo &#8211; facilitar\u00e1 no dia 21 de novembro, no Espa\u00e7o Conex\u00e3o Esperanza, no bairro do Bom Retiro, em S\u00e3o Paulo, <strong>Workshop de Dan\u00e7a do Ventre Curativa<\/strong>. Na ocasi\u00e3o, Josie apresentar\u00e1 o trabalho que vem desenvolvendo ao longo de 17 anos, nomeado por ela de Dan\u00e7a do Ventre Curativa.<\/p>\n<p>&#8220;\u00c9 um trabalho de consci\u00eancia corporal e autoconhecimento que proporciona \u00e0 mulher a movimenta\u00e7\u00e3o de cren\u00e7as profundas atrav\u00e9s da educa\u00e7\u00e3o emocional pela dan\u00e7a. Neste workshop dan\u00e7aremos o ventre a partir dos 7 v\u00e9us, uma dan\u00e7a muito mais antiga que a refer\u00eancia b\u00edblica dos relatos sobre a dan\u00e7a de Salom\u00e9. \u00c9 uma dan\u00e7a sagrada de integra\u00e7\u00e3o de corpo e o espirito&#8221;, declara a terapeuta.<\/p>\n<p>O encontro \u00e9 voltado a todas as mulheres interessadas, n\u00e3o necessitando ter nenhuma experi\u00eancia anterior com dan\u00e7a.<\/p>\n<p>SERVI\u00c7O<br \/>\n<strong>Workshop de Dan\u00e7a do Ventre Curativa<\/strong><br \/>\n<strong>Data<\/strong>: 21 de novembro de 2015<br \/>\n<strong>Local<\/strong>: Espa\u00e7o Conex\u00e3o Esperanza, Rua Tr\u00eas Rios, 452, conj 11, Bom Retiro, S\u00e3o Paulo\/SP<\/p>\n<p><strong>Telefone<\/strong>: (11) 3361-2629 (\u00e0 tarde), com Judith Esperanza<br \/>\n<strong>Zap<\/strong>: (81) 99513 5242<\/p>\n<p><strong>Retribui\u00e7\u00e3o<\/strong>: R$ 150,00<\/p>\n","protected":false},"excerpt":{"rendered":"<p>A terapeuta corporal Josie Duarte &#8211; ap\u00f3s quatro anos do \u00faltimo encontro em S\u00e3o Paulo &#8211; facilitar\u00e1 no dia 21 de novembro, no Espa\u00e7o Conex\u00e3o Esperanza, no bairro do Bom Retiro, em S\u00e3o Paulo, Workshop de Dan\u00e7a do Ventre Curativa. Na ocasi\u00e3o, Josie apresentar\u00e1 o trabalho que vem desenvolvendo ao longo de 17 anos, nomeado [&hellip;]<\/p>\n","protected":false},"author":1,"featured_media":22959,"comment_status":"open","ping_status":"open","sticky":false,"template":"","format":"standard","meta":{"om_disable_all_campaigns":false,"_monsterinsights_skip_tracking":false,"_monsterinsights_sitenote_active":false,"_monsterinsights_sitenote_note":"","_monsterinsights_sitenote_category":0,"footnotes":""},"categories":[8,290],"tags":[42,288],"acf":[],"publishpress_future_action":{"enabled":false,"date":"1969-12-31 21:00:00","action":"","terms":[],"taxonomy":"","browser_timezone_offset":0},"_links":{"self":[{"href":"https:\/\/portalfloresnoar.com\/floresnoar\/wp-json\/wp\/v2\/posts\/22957"}],"collection":[{"href":"https:\/\/portalfloresnoar.com\/floresnoar\/wp-json\/wp\/v2\/posts"}],"about":[{"href":"https:\/\/portalfloresnoar.com\/floresnoar\/wp-json\/wp\/v2\/types\/post"}],"author":[{"embeddable":true,"href":"https:\/\/portalfloresnoar.com\/floresnoar\/wp-json\/wp\/v2\/users\/1"}],"replies":[{"embeddable":true,"href":"https:\/\/portalfloresnoar.com\/floresnoar\/wp-json\/wp\/v2\/comments?post=22957"}],"version-history":[{"count":0,"href":"https:\/\/portalfloresnoar.com\/floresnoar\/wp-json\/wp\/v2\/posts\/22957\/revisions"}],"wp:featuredmedia":[{"embeddable":true,"href":"https:\/\/portalfloresnoar.com\/floresnoar\/wp-json\/wp\/v2\/media\/22959"}],"wp:attachment":[{"href":"https:\/\/portalfloresnoar.com\/floresnoar\/wp-json\/wp\/v2\/media?parent=22957"}],"wp:term":[{"taxonomy":"category","embeddable":true,"href":"https:\/\/portalfloresnoar.com\/floresnoar\/wp-json\/wp\/v2\/categories?post=22957"},{"taxonomy":"post_tag","embeddable":true,"href":"https:\/\/portalfloresnoar.com\/floresnoar\/wp-json\/wp\/v2\/tags?post=22957"}],"curies":[{"name":"wp","href":"https:\/\/api.w.org\/{rel}","templated":true}]}}