

{"id":22952,"date":"2015-11-18T09:50:33","date_gmt":"2015-11-18T12:50:33","guid":{"rendered":"http:\/\/portalfloresnoar.com\/floresnoar\/?p=22952"},"modified":"2015-11-18T10:16:19","modified_gmt":"2015-11-18T13:16:19","slug":"workshop-bolsa-de-doula-com-maiana-gomes-dia-1112-no-gerar","status":"publish","type":"post","link":"https:\/\/portalfloresnoar.com\/floresnoar\/workshop-bolsa-de-doula-com-maiana-gomes-dia-1112-no-gerar\/","title":{"rendered":"&#8216;Workshop Bolsa de Doula&#8217; com Maiana Gomes dia 11\/12 no Gerar"},"content":{"rendered":"<p><img decoding=\"async\" loading=\"lazy\" class=\"aligncenter size-full wp-image-22953\" alt=\"workshop doula recife\" src=\"http:\/\/portalfloresnoar.com\/floresnoar\/wp-content\/uploads\/2015\/11\/workshop-doula-recife.jpg\" width=\"655\" height=\"655\" srcset=\"https:\/\/portalfloresnoar.com\/floresnoar\/wp-content\/uploads\/2015\/11\/workshop-doula-recife.jpg 655w, https:\/\/portalfloresnoar.com\/floresnoar\/wp-content\/uploads\/2015\/11\/workshop-doula-recife-150x150.jpg 150w, https:\/\/portalfloresnoar.com\/floresnoar\/wp-content\/uploads\/2015\/11\/workshop-doula-recife-300x300.jpg 300w, https:\/\/portalfloresnoar.com\/floresnoar\/wp-content\/uploads\/2015\/11\/workshop-doula-recife-100x100.jpg 100w\" sizes=\"(max-width: 655px) 100vw, 655px\" \/><\/p>\n<p>A terapeuta e doula Maiana Gomes inicia no dia 11 de dezembro, das 18h \u00e0s 22h, no Gerar, uma Jornada de quatro encontros, intitulada Bolsa de Doula, visando um estudo profundo dos quatro elementos presentes na natureza, dentro de n\u00f3s e nos ciclos da vida.<\/p>\n<p>A viv\u00eancia \u00e9 voltada para doulas, parteiras, enfermeiras e todas as pessoas interessadas em encontrar mais ferramentas de apoio para o parto.<\/p>\n<p>No encontro ser\u00e3o abordados temas com aplica\u00e7\u00f5es pr\u00e1ticas, t\u00e9cnicas e viv\u00eancias de autoconhecimento que ser\u00e3o \u00fateis para o pr\u00f3prio auto-desenvolvimento e para o atendimento das parturientes.<\/p>\n<p>&#8220;Pretendemos com este workshop estimular atua\u00e7\u00f5es terap\u00eauticas das doulas atrav\u00e9s de suas pr\u00f3prias viv\u00eancias. A partir do parto, encontraremos maneiras de aliviar as tens\u00f5es, nomear medos, mergulhar no conhecimento sagrado, natural e ancestral, que se manifesta em cada ser feminino, guiado pelo significado de cada elemento da natureza&#8221;, declara Maiana.<\/p>\n<p style=\"text-align: left;\"><strong><img decoding=\"async\" loading=\"lazy\" class=\"wp-image-22961 alignleft\" alt=\"doula maiana gomes\" src=\"http:\/\/portalfloresnoar.com\/floresnoar\/wp-content\/uploads\/2015\/11\/doula-maiana-gomes.jpg\" width=\"307\" height=\"185\" srcset=\"https:\/\/portalfloresnoar.com\/floresnoar\/wp-content\/uploads\/2015\/11\/doula-maiana-gomes.jpg 730w, https:\/\/portalfloresnoar.com\/floresnoar\/wp-content\/uploads\/2015\/11\/doula-maiana-gomes-300x180.jpg 300w\" sizes=\"(max-width: 307px) 100vw, 307px\" \/>Maiana Gomes<\/strong><br \/>\n\u00c9 acupunturista formada pela ABA, irid\u00f3loga, mestre em Reiki Usui, massoterapeuta Oriental, terapeuta Floral do Sistema Florais da Amaz\u00f4nia, consteladora sist\u00eamica em forma\u00e7\u00e3o.\u00a0Doula, com forma\u00e7\u00e3o pelo Instituto N\u00f4mades. Multiplicadora da Ci\u00eancia do In\u00edcio da Vida.\u00a0Educadora do Projeto &#8220;Doulas, Articulando Vidas&#8221; do Centro Nordestino de Medicina Popular;\u00a0Educadora do Projeto Parter\u00eda Urbana.<\/p>\n<p><strong>I Encontro: Elemento Terra<\/strong><br \/>\n<strong>Data: <\/strong>11\/12\/15<br \/>\n<strong>Hora: <\/strong>18h \u00e0s 22h.<br \/>\n<strong>Local:<\/strong> Gerar &#8211; Arteterapia e Bem-Estar: Rua Jorge de Albuquerque, 103, Casa Forte, Recife. Fone: (81) 3268.1749<br \/>\n<strong>Investimento:<\/strong> R$ 120,00<\/p>\n<p><strong>Inscri\u00e7\u00f5es e informa\u00e7\u00f5es<\/strong><br \/>\n<strong>Fones:<\/strong> (81) 997940225 \/ 984572630 &#8211; Paula<br \/>\n<strong>E-mail:<\/strong> 7sereias@gmail.com<\/p>\n<p>&nbsp;<\/p>\n<p><strong>P\u00e1gina do evento no facebook:<\/strong> <a href=\"https:\/\/www.facebook.com\/events\/419654781578897\/\" target=\"_blank\">https:\/\/www.facebook.com\/events\/419654781578897\/<\/a><\/p>\n","protected":false},"excerpt":{"rendered":"<p>A terapeuta e doula Maiana Gomes inicia no dia 11 de dezembro, das 18h \u00e0s 22h, no Gerar, uma Jornada de quatro encontros, intitulada Bolsa de Doula, visando um estudo profundo dos quatro elementos presentes na natureza, dentro de n\u00f3s e nos ciclos da vida. A viv\u00eancia \u00e9 voltada para doulas, parteiras, enfermeiras e todas [&hellip;]<\/p>\n","protected":false},"author":1,"featured_media":22961,"comment_status":"open","ping_status":"open","sticky":false,"template":"","format":"standard","meta":{"om_disable_all_campaigns":false,"_monsterinsights_skip_tracking":false,"_monsterinsights_sitenote_active":false,"_monsterinsights_sitenote_note":"","_monsterinsights_sitenote_category":0,"footnotes":""},"categories":[8,224,214],"tags":[107,80,39],"acf":[],"publishpress_future_action":{"enabled":false,"date":"1969-12-31 21:00:00","action":"","terms":[],"taxonomy":"","browser_timezone_offset":0},"_links":{"self":[{"href":"https:\/\/portalfloresnoar.com\/floresnoar\/wp-json\/wp\/v2\/posts\/22952"}],"collection":[{"href":"https:\/\/portalfloresnoar.com\/floresnoar\/wp-json\/wp\/v2\/posts"}],"about":[{"href":"https:\/\/portalfloresnoar.com\/floresnoar\/wp-json\/wp\/v2\/types\/post"}],"author":[{"embeddable":true,"href":"https:\/\/portalfloresnoar.com\/floresnoar\/wp-json\/wp\/v2\/users\/1"}],"replies":[{"embeddable":true,"href":"https:\/\/portalfloresnoar.com\/floresnoar\/wp-json\/wp\/v2\/comments?post=22952"}],"version-history":[{"count":0,"href":"https:\/\/portalfloresnoar.com\/floresnoar\/wp-json\/wp\/v2\/posts\/22952\/revisions"}],"wp:featuredmedia":[{"embeddable":true,"href":"https:\/\/portalfloresnoar.com\/floresnoar\/wp-json\/wp\/v2\/media\/22961"}],"wp:attachment":[{"href":"https:\/\/portalfloresnoar.com\/floresnoar\/wp-json\/wp\/v2\/media?parent=22952"}],"wp:term":[{"taxonomy":"category","embeddable":true,"href":"https:\/\/portalfloresnoar.com\/floresnoar\/wp-json\/wp\/v2\/categories?post=22952"},{"taxonomy":"post_tag","embeddable":true,"href":"https:\/\/portalfloresnoar.com\/floresnoar\/wp-json\/wp\/v2\/tags?post=22952"}],"curies":[{"name":"wp","href":"https:\/\/api.w.org\/{rel}","templated":true}]}}