

{"id":22944,"date":"2015-09-17T12:30:57","date_gmt":"2015-09-17T15:30:57","guid":{"rendered":"http:\/\/portalfloresnoar.com\/floresnoar\/?p=22944"},"modified":"2015-11-23T19:00:25","modified_gmt":"2015-11-23T22:00:25","slug":"mostras-cineclubes-e-lancamentos-de-livros-na-semana-de-arquitetura","status":"publish","type":"post","link":"https:\/\/portalfloresnoar.com\/floresnoar\/mostras-cineclubes-e-lancamentos-de-livros-na-semana-de-arquitetura\/","title":{"rendered":"Mostras, cineclubes e lan\u00e7amentos de livros na Semana de Arquitetura"},"content":{"rendered":"<p style=\"text-align: center;\"><em><strong>Aberto ao p\u00fablico, evento acontece at\u00e9 sexta (20), no campus Piedade da Faculdade dos Guararapes (FG). Programa\u00e7\u00e3o conta com palestras, lan\u00e7amentos de livros, exposi\u00e7\u00f5es, minicursos e cineclube<\/strong><\/em><\/p>\n<figure id=\"attachment_22945\" aria-describedby=\"caption-attachment-22945\" style=\"width: 431px\" class=\"wp-caption alignleft\"><img decoding=\"async\" loading=\"lazy\" class=\" wp-image-22945 \" alt=\"filme em transito\" src=\"http:\/\/portalfloresnoar.com\/floresnoar\/wp-content\/uploads\/2015\/11\/filme-em-transito.jpg\" width=\"431\" height=\"210\" srcset=\"https:\/\/portalfloresnoar.com\/floresnoar\/wp-content\/uploads\/2015\/11\/filme-em-transito.jpg 615w, https:\/\/portalfloresnoar.com\/floresnoar\/wp-content\/uploads\/2015\/11\/filme-em-transito-300x146.jpg 300w\" sizes=\"(max-width: 431px) 100vw, 431px\" \/><figcaption id=\"caption-attachment-22945\" class=\"wp-caption-text\">Cena de &#8216;Em Tr\u00e2nsito, um dos filmes que ser\u00e3o exibidos<\/figcaption><\/figure>\n<p>Acessibilidade, verticaliza\u00e7\u00e3o e mobilidade da capital pernambucana ser\u00e3o alguns dos temas discutidos na Semana de Arquitetura, que \u00e9 realizada pela Faculdade dos Guararapes (FG) \u2013 integrante da rede internacional de universidades Laureate, entre os pr\u00f3ximos dias 16 e 20 de novembro. O encontro \u00e9 aberto ao p\u00fablico e acontece no campus Piedade da institui\u00e7\u00e3o de ensino.<\/p>\n<p>O evento gratuito ter\u00e1 uma programa\u00e7\u00e3o diversificada, envolvendo palestras, lan\u00e7amentos de livros, exposi\u00e7\u00f5es, minicursos e cineclube. \u201cToda essa agenda de atividades tem como inten\u00e7\u00e3o discutir com a sociedade sobre a arquitetura e sua influ\u00eancia na constru\u00e7\u00e3o das cidades que temos e merecemos\u201d, adiantou o coordenador do curso de Arquitetura e Urbanismo da FG, o arquiteto e urbanista C\u00e9sar Barros.<\/p>\n<p>Duas exposi\u00e7\u00f5es iniciam a programa\u00e7\u00e3o e j\u00e1 estar\u00e3o dispon\u00edveis ao p\u00fablico, no primeiro dia. Uma delas \u00e9 a exposi\u00e7\u00e3o fotogr\u00e1fica \u201cDa Janela do meu \u00d4nibus\u201d, de iniciativa de Isabela Faria, desenvolvido no Instagram e Facebook, com publica\u00e7\u00f5es de fotos autorais e de colaboradores do Brasil e do mundo, sempre a partir da janela de um coletivo, incentivando a melhoria da mobilidade urbana das cidades e refor\u00e7ando a rela\u00e7\u00e3o de identidade do indiv\u00edduo com a cidade. A a\u00e7\u00e3o j\u00e1 resultou mais de 1.500 postagens; mais de 4.500 curtidores no Facebook e quase 3.000 no Instagram, envolvendo cerca de 38 pa\u00edses e mais de 40 munic\u00edpios\/cidades no Brasil. A outra \u00e9 uma mostra de maquetes e paineis. Na abertura tamb\u00e9m haver\u00e1 exibi\u00e7\u00e3o do filme bikeXcars.<\/p>\n<p>Lan\u00e7amento de Livros<br \/>\nTr\u00eas livros ser\u00e3o lan\u00e7ados durante a Semana de Arquitetura. Entre eles, est\u00e1 o da doutoranda e mestre em Comunica\u00e7\u00e3o pela Universidade Federal de Pernambuco (UFPE), Catarina Andrade, que apresentar\u00e1 a obra: \u2018As Fronteiras da Representa\u00e7\u00e3o &#8211; Imagens perif\u00e9ricas no cinema franc\u00eas contempor\u00e2neo, pela Annablume Editora. Fruto da tese de disserta\u00e7\u00e3o de mestrado da autora, com a metodologia de pesquisa cient\u00edfica, a obra analisa a tend\u00eancia cinematogr\u00e1fica francesa atual em refletir as transforma\u00e7\u00f5es socioculturais vividas nas \u00faltimas d\u00e9cadas, com a periferia sendo o cen\u00e1rio principal dessa extensa produ\u00e7\u00e3o audiovisual.<br \/>\nAs demais publica\u00e7\u00f5es s\u00e3o: \u2018As li\u00e7\u00f5es de Bogot\u00e1 e Medel\u00edn\u2019, do secret\u00e1rio municipal de Seguran\u00e7a Urbana, Murilo Cavalcanti; e \u2018Arquitetura Praieira Vernacular\u2019, do arquiteto Genival Jr;<\/p>\n<p><strong>Cineclube<\/strong><br \/>\nA programa\u00e7\u00e3o da Semana de Arquitetura contar\u00e1 ainda com exibi\u00e7\u00e3o de diversos curtas em um cineclube. Pelo menos nove curtas estar\u00e3o em cartaz para divertir e permitir debate de temas diversos.<\/p>\n<p><strong>Show<\/strong><br \/>\nNa sexta-feira (20), \u00faltimo dia do evento, ser\u00e1 realizada a festa de encerramento, no p\u00e1tio externo da institui\u00e7\u00e3o de ensino. Ser\u00e1 o \u201cSom na Rural\u201d, com a participa\u00e7\u00e3o do apresentador Roger de Renor, al\u00e9m de DJs e show da banda Mal\u00edcia Champion. Haver\u00e1 ainda pra\u00e7a de alimenta\u00e7\u00e3o com food trucks.<\/p>\n<p>#CONFIRA ABAIXO A PROGRAMA\u00c7\u00c3O COMPLETA:<\/p>\n<p>DIA 16 \u2013 SEGUNDA-FEIRA<br \/>\n8h \u00e0s 22h &#8211; Exposi\u00e7\u00e3o com mostra de maquetes e pain\u00e9is;<br \/>\n19h \u2013 Abertura, entrega do pr\u00eamio do Concurso de Salas FG-2015 e exibi\u00e7\u00e3o do filme bikesXcars.<\/p>\n<p>DIA 17 \u2013 TER\u00c7A-FEIRA<br \/>\n13h \u00e0s 17h &#8211; Minicurso &#8211; PLIM: t\u00e9cnicas para gera\u00e7\u00e3o de ideias criativas, com o arquiteto, urbanista e coordenador do curso de Constru\u00e7\u00e3o de Edif\u00edcios, Pablo Nogueira.<br \/>\n-17h \u00e0s 19h \u2013 Cineclubes: Em tr\u00e2nsito &#8211; Marcelo Pedroso (18min); Recife frio &#8211; Kleber Mendon\u00e7a (24 min); My Way &#8211; Camilo Cavalcanti (7 min).<br \/>\n-18h \u00e0s 19h \u2013 Lan\u00e7amento do livro: \u2018Arquitetura Praieira Vernacular\u2019, de Genival Jr.<br \/>\n-19h \u00e0s 21h \u2013 Palestra: Cidades Criativas, com Erika Moura.<br \/>\n19h \u2013 Palestra: Projeto Recife 500 anos\/PCR.<\/p>\n<p>DIA 18 \u2013 QUARTA-FEIRA<br \/>\n-13h \u00e0s 17h \u2013 Minicurso: VIV\u00caNCIAS FOTOGR\u00c1FICAS: aplica\u00e7\u00e3o a arquitetura e urbanismo, com Renato Spencer.<br \/>\n-17h \u00e0s 19h \u2013 Cineclubes: Pra\u00e7a Walt Disney &#8211; Renata Pinheiro (18 min); Desurbanismo &#8211; Luiz Henrique Leal e outros (7 min).<br \/>\n18h \u2013 Lan\u00e7amento do livro: \u2018As li\u00e7\u00f5es de Bogot\u00e1 e Medell\u00edn\u2019, de Murilo Cavalcanti<br \/>\n-19h \u2013 Palestra: O Artista Como Sism\u00f3grafo: A Experi\u00eancia Urbana De Paulo Bruscky, com Carol Trindade.<br \/>\n-19h \u00e0s 21h \u2013 Palestra: Evolu\u00e7\u00e3o Urbana, Sustentabilidade e Planejamento, com Alexandre Ramos.<\/p>\n<p>DIA 19 \u2013 QUINTA-FEIRA<br \/>\n-13h \u00e0s 17h \u2013 Minicurso: A reinven\u00e7\u00e3o da forma, com Fernando Medeiros.<br \/>\n-17h \u00e0s 19h \u2013 Cineclubes: Solid\u00e3o p\u00fablica &#8211; Daniel Arag\u00e3o (16 min); Menino aranha &#8211; Mariana Lacerda (13 min); Projeto torres g\u00eameas \u2013 v\u00e1rios (21 min).<br \/>\n18h \u2013 \u2018Lan\u00e7amento do livro: As fronteiras da representa\u00e7\u00e3o &#8211; Imagens: perif\u00e9ricas do cinema franc\u00eas contempor\u00e2neo\u2019, de Catarina Andrade.<br \/>\n-19h \u00e0s 21h \u2013 Palestras: Pr\u00e1ticas Urban\u00edsticas Hegem\u00f4nicas Para A Pobreza: Legitimando A Espolia\u00e7\u00e3o Urbana, com Ivan Marques.<br \/>\n-19 \u2013 Palestra: Prefeitura de Jaboat\u00e3o.<\/p>\n<p>DIA 20 \u2013 SEXTA-FEIRA<br \/>\n-13h \u00e0s 17h \u2013 Minicurso: ACESSIBILIDADE: a luz da revis\u00e3o da NBR 9050, com Adriano Pereira.<br \/>\n-17h \u00e0s 19h \u2013 Cineclube: Av. Bras\u00edlia formosa &#8211; Gabriel Mascaro<br \/>\n-19h \u00e0s 22h &#8211; Festa de encerramento: Som na Rural \u2013 com Roger de Renor \u2013 Djs e show da banda Mal\u00edcia Champion, pra\u00e7a de alimenta\u00e7\u00e3o com food truck.<\/p>\n","protected":false},"excerpt":{"rendered":"<p>Aberto ao p\u00fablico, evento acontece at\u00e9 sexta (20), no campus Piedade da Faculdade dos Guararapes (FG). Programa\u00e7\u00e3o conta com palestras, lan\u00e7amentos de livros, exposi\u00e7\u00f5es, minicursos e cineclube Acessibilidade, verticaliza\u00e7\u00e3o e mobilidade da capital pernambucana ser\u00e3o alguns dos temas discutidos na Semana de Arquitetura, que \u00e9 realizada pela Faculdade dos Guararapes (FG) \u2013 integrante da rede [&hellip;]<\/p>\n","protected":false},"author":1,"featured_media":22946,"comment_status":"open","ping_status":"open","sticky":false,"template":"","format":"standard","meta":{"om_disable_all_campaigns":false,"_monsterinsights_skip_tracking":false,"_monsterinsights_sitenote_active":false,"_monsterinsights_sitenote_note":"","_monsterinsights_sitenote_category":0,"footnotes":""},"categories":[8,214],"tags":[40],"acf":[],"publishpress_future_action":{"enabled":false,"date":"1969-12-31 21:00:00","action":"","terms":[],"taxonomy":"","browser_timezone_offset":0},"_links":{"self":[{"href":"https:\/\/portalfloresnoar.com\/floresnoar\/wp-json\/wp\/v2\/posts\/22944"}],"collection":[{"href":"https:\/\/portalfloresnoar.com\/floresnoar\/wp-json\/wp\/v2\/posts"}],"about":[{"href":"https:\/\/portalfloresnoar.com\/floresnoar\/wp-json\/wp\/v2\/types\/post"}],"author":[{"embeddable":true,"href":"https:\/\/portalfloresnoar.com\/floresnoar\/wp-json\/wp\/v2\/users\/1"}],"replies":[{"embeddable":true,"href":"https:\/\/portalfloresnoar.com\/floresnoar\/wp-json\/wp\/v2\/comments?post=22944"}],"version-history":[{"count":0,"href":"https:\/\/portalfloresnoar.com\/floresnoar\/wp-json\/wp\/v2\/posts\/22944\/revisions"}],"wp:featuredmedia":[{"embeddable":true,"href":"https:\/\/portalfloresnoar.com\/floresnoar\/wp-json\/wp\/v2\/media\/22946"}],"wp:attachment":[{"href":"https:\/\/portalfloresnoar.com\/floresnoar\/wp-json\/wp\/v2\/media?parent=22944"}],"wp:term":[{"taxonomy":"category","embeddable":true,"href":"https:\/\/portalfloresnoar.com\/floresnoar\/wp-json\/wp\/v2\/categories?post=22944"},{"taxonomy":"post_tag","embeddable":true,"href":"https:\/\/portalfloresnoar.com\/floresnoar\/wp-json\/wp\/v2\/tags?post=22944"}],"curies":[{"name":"wp","href":"https:\/\/api.w.org\/{rel}","templated":true}]}}