

{"id":22930,"date":"2015-11-18T10:44:24","date_gmt":"2015-11-18T13:44:24","guid":{"rendered":"http:\/\/portalfloresnoar.com\/floresnoar\/?p=22930"},"modified":"2015-12-04T09:42:31","modified_gmt":"2015-12-04T12:42:31","slug":"curso-de-meditacao-das-rosas-com-felipe-lapa-dias-4-e-512-no-recife","status":"publish","type":"post","link":"https:\/\/portalfloresnoar.com\/floresnoar\/curso-de-meditacao-das-rosas-com-felipe-lapa-dias-4-e-512-no-recife\/","title":{"rendered":"Curso de Medita\u00e7\u00e3o das Rosas com Felipe Lapa dias 4 e 5\/12 no Recife"},"content":{"rendered":"<p><img decoding=\"async\" loading=\"lazy\" class=\"aligncenter size-full wp-image-22932\" alt=\"medita\u00e7\u00e3o das rosas recife\" src=\"http:\/\/portalfloresnoar.com\/floresnoar\/wp-content\/uploads\/2015\/11\/medita\u00e7\u00e3o-das-rosas-recife.jpg\" width=\"630\" height=\"868\" srcset=\"https:\/\/portalfloresnoar.com\/floresnoar\/wp-content\/uploads\/2015\/11\/medita\u00e7\u00e3o-das-rosas-recife.jpg 630w, https:\/\/portalfloresnoar.com\/floresnoar\/wp-content\/uploads\/2015\/11\/medita\u00e7\u00e3o-das-rosas-recife-217x300.jpg 217w\" sizes=\"(max-width: 630px) 100vw, 630px\" \/><\/p>\n<p>Nos dias 4 e 5 de dezembro o terapeuta Felipe Lapa facilita na Casa Viva Eventos, no Recife, o Curso de Medita\u00e7\u00e3o das Rosas, poderosa ferramenta de limpeza energ\u00e9tica e prote\u00e7\u00e3o da aura.<\/p>\n<p>Mais informa\u00e7\u00f5es<br \/>\nE-mail: contato@fontesdeluz.com.br<br \/>\nTelefones: (81) 99902.0991<br \/>\nLocal: Casa Viva Eventos &#8211; Rua Major Joaquim Cavalcanti, 87, Parnamirim, Recife\/PE.<\/p>\n<p><a href=\"http:\/\/www.fontesdeluz.com.br\" target=\"_blank\">www.fontesdeluz.com.br<\/a><\/p>\n","protected":false},"excerpt":{"rendered":"<p>Nos dias 4 e 5 de dezembro o terapeuta Felipe Lapa facilita na Casa Viva Eventos, no Recife, o Curso de Medita\u00e7\u00e3o das Rosas, poderosa ferramenta de limpeza energ\u00e9tica e prote\u00e7\u00e3o da aura. Mais informa\u00e7\u00f5es E-mail: contato@fontesdeluz.com.br Telefones: (81) 99902.0991 Local: Casa Viva Eventos &#8211; Rua Major Joaquim Cavalcanti, 87, Parnamirim, Recife\/PE. www.fontesdeluz.com.br<\/p>\n","protected":false},"author":1,"featured_media":22931,"comment_status":"open","ping_status":"open","sticky":false,"template":"","format":"standard","meta":{"om_disable_all_campaigns":false,"_monsterinsights_skip_tracking":false,"_monsterinsights_sitenote_active":false,"_monsterinsights_sitenote_note":"","_monsterinsights_sitenote_category":0,"footnotes":""},"categories":[8,224,214],"tags":[246],"acf":[],"publishpress_future_action":{"enabled":false,"date":"1969-12-31 21:00:00","action":"","terms":[],"taxonomy":"","browser_timezone_offset":0},"_links":{"self":[{"href":"https:\/\/portalfloresnoar.com\/floresnoar\/wp-json\/wp\/v2\/posts\/22930"}],"collection":[{"href":"https:\/\/portalfloresnoar.com\/floresnoar\/wp-json\/wp\/v2\/posts"}],"about":[{"href":"https:\/\/portalfloresnoar.com\/floresnoar\/wp-json\/wp\/v2\/types\/post"}],"author":[{"embeddable":true,"href":"https:\/\/portalfloresnoar.com\/floresnoar\/wp-json\/wp\/v2\/users\/1"}],"replies":[{"embeddable":true,"href":"https:\/\/portalfloresnoar.com\/floresnoar\/wp-json\/wp\/v2\/comments?post=22930"}],"version-history":[{"count":0,"href":"https:\/\/portalfloresnoar.com\/floresnoar\/wp-json\/wp\/v2\/posts\/22930\/revisions"}],"wp:featuredmedia":[{"embeddable":true,"href":"https:\/\/portalfloresnoar.com\/floresnoar\/wp-json\/wp\/v2\/media\/22931"}],"wp:attachment":[{"href":"https:\/\/portalfloresnoar.com\/floresnoar\/wp-json\/wp\/v2\/media?parent=22930"}],"wp:term":[{"taxonomy":"category","embeddable":true,"href":"https:\/\/portalfloresnoar.com\/floresnoar\/wp-json\/wp\/v2\/categories?post=22930"},{"taxonomy":"post_tag","embeddable":true,"href":"https:\/\/portalfloresnoar.com\/floresnoar\/wp-json\/wp\/v2\/tags?post=22930"}],"curies":[{"name":"wp","href":"https:\/\/api.w.org\/{rel}","templated":true}]}}