

{"id":22906,"date":"2015-09-13T12:17:06","date_gmt":"2015-09-13T15:17:06","guid":{"rendered":"http:\/\/portalfloresnoar.com\/floresnoar\/?p=22906"},"modified":"2015-12-04T09:40:19","modified_gmt":"2015-12-04T12:40:19","slug":"musica-e-espiritualidade-uma-consciencia-para-uma-nova-era-de-24-a-2911-no-recife","status":"publish","type":"post","link":"https:\/\/portalfloresnoar.com\/floresnoar\/musica-e-espiritualidade-uma-consciencia-para-uma-nova-era-de-24-a-2911-no-recife\/","title":{"rendered":"&#8216;M\u00fasica e Espiritualidade: Consci\u00eancia para uma Nova Era&#8217; de 24 a 29\/11 no Recife"},"content":{"rendered":"<p><img decoding=\"async\" loading=\"lazy\" class=\"aligncenter size-full wp-image-22908\" alt=\"musica e espiritualidade\" src=\"http:\/\/portalfloresnoar.com\/floresnoar\/wp-content\/uploads\/2015\/11\/musica-e-espiritualidade.jpg\" width=\"720\" height=\"431\" srcset=\"https:\/\/portalfloresnoar.com\/floresnoar\/wp-content\/uploads\/2015\/11\/musica-e-espiritualidade.jpg 720w, https:\/\/portalfloresnoar.com\/floresnoar\/wp-content\/uploads\/2015\/11\/musica-e-espiritualidade-300x179.jpg 300w\" sizes=\"(max-width: 720px) 100vw, 720px\" \/><\/p>\n<p>De 24 a 29\/11 ser\u00e1 realizada no Recife uma programa\u00e7\u00e3o especial para conex\u00e3o com a nossa ess\u00eancia a partir da m\u00fasica. Carlos Amaral e Analu Caldas compartilhar\u00e3o nos encontros viv\u00eancias musicais desenvolvidas em Piracanga.<\/p>\n<p>&#8220;A m\u00fasica est\u00e1 em todo ser humano, mas ao longo de nossa vida, bloqueamos nossa express\u00e3o, nosso canto, nossa m\u00fasica. \u00c9 poss\u00edvel atrav\u00e9s da consci\u00eancia e desmistifica\u00e7\u00e3o de algumas cren\u00e7as quebrar esses bloqueios e acessar o cora\u00e7\u00e3o&#8221;, declaram os facilitadores.<\/p>\n<p>Para participar n\u00e3o \u00e9 preciso ter conhecimento pr\u00e9vio de m\u00fasica. &#8220;Vamos criar, tocar, cantar, celebrar e trazer mais consci\u00eancia pras nossas vidas atrav\u00e9s da m\u00fasica. E no \u00faltimo dia celebraremos em pra\u00e7a p\u00fablica com muita m\u00fasica e uni\u00e3o!&#8221;<\/p>\n<p><strong>Evento no facebook:<\/strong> <a href=\"https:\/\/www.facebook.com\/events\/442665052583701\/447023395481200\/\" target=\"_blank\">https:\/\/www.facebook.com\/events\/442665052583701\/447023395481200\/<\/a><\/p>\n<p>Confira abaixo toda a programa\u00e7\u00e3o!<\/p>\n<p><img decoding=\"async\" loading=\"lazy\" class=\"aligncenter size-full wp-image-22907\" alt=\"musica e espiritualidade no recife\" src=\"http:\/\/portalfloresnoar.com\/floresnoar\/wp-content\/uploads\/2015\/11\/musica-e-espiritualidade-no-recife.jpg\" width=\"662\" height=\"936\" srcset=\"https:\/\/portalfloresnoar.com\/floresnoar\/wp-content\/uploads\/2015\/11\/musica-e-espiritualidade-no-recife.jpg 662w, https:\/\/portalfloresnoar.com\/floresnoar\/wp-content\/uploads\/2015\/11\/musica-e-espiritualidade-no-recife-212x300.jpg 212w\" sizes=\"(max-width: 662px) 100vw, 662px\" \/><\/p>\n","protected":false},"excerpt":{"rendered":"<p>De 24 a 29\/11 ser\u00e1 realizada no Recife uma programa\u00e7\u00e3o especial para conex\u00e3o com a nossa ess\u00eancia a partir da m\u00fasica. Carlos Amaral e Analu Caldas compartilhar\u00e3o nos encontros viv\u00eancias musicais desenvolvidas em Piracanga. &#8220;A m\u00fasica est\u00e1 em todo ser humano, mas ao longo de nossa vida, bloqueamos nossa express\u00e3o, nosso canto, nossa m\u00fasica. \u00c9 [&hellip;]<\/p>\n","protected":false},"author":1,"featured_media":22908,"comment_status":"open","ping_status":"open","sticky":false,"template":"","format":"standard","meta":{"om_disable_all_campaigns":false,"_monsterinsights_skip_tracking":false,"_monsterinsights_sitenote_active":false,"_monsterinsights_sitenote_note":"","_monsterinsights_sitenote_category":0,"footnotes":""},"categories":[8,214],"tags":[33,31],"acf":[],"publishpress_future_action":{"enabled":false,"date":"1969-12-31 21:00:00","action":"","terms":[],"taxonomy":"","browser_timezone_offset":0},"_links":{"self":[{"href":"https:\/\/portalfloresnoar.com\/floresnoar\/wp-json\/wp\/v2\/posts\/22906"}],"collection":[{"href":"https:\/\/portalfloresnoar.com\/floresnoar\/wp-json\/wp\/v2\/posts"}],"about":[{"href":"https:\/\/portalfloresnoar.com\/floresnoar\/wp-json\/wp\/v2\/types\/post"}],"author":[{"embeddable":true,"href":"https:\/\/portalfloresnoar.com\/floresnoar\/wp-json\/wp\/v2\/users\/1"}],"replies":[{"embeddable":true,"href":"https:\/\/portalfloresnoar.com\/floresnoar\/wp-json\/wp\/v2\/comments?post=22906"}],"version-history":[{"count":0,"href":"https:\/\/portalfloresnoar.com\/floresnoar\/wp-json\/wp\/v2\/posts\/22906\/revisions"}],"wp:featuredmedia":[{"embeddable":true,"href":"https:\/\/portalfloresnoar.com\/floresnoar\/wp-json\/wp\/v2\/media\/22908"}],"wp:attachment":[{"href":"https:\/\/portalfloresnoar.com\/floresnoar\/wp-json\/wp\/v2\/media?parent=22906"}],"wp:term":[{"taxonomy":"category","embeddable":true,"href":"https:\/\/portalfloresnoar.com\/floresnoar\/wp-json\/wp\/v2\/categories?post=22906"},{"taxonomy":"post_tag","embeddable":true,"href":"https:\/\/portalfloresnoar.com\/floresnoar\/wp-json\/wp\/v2\/tags?post=22906"}],"curies":[{"name":"wp","href":"https:\/\/api.w.org\/{rel}","templated":true}]}}