

{"id":22892,"date":"2015-09-17T09:19:06","date_gmt":"2015-09-17T12:19:06","guid":{"rendered":"http:\/\/portalfloresnoar.com\/floresnoar\/?p=22892"},"modified":"2015-11-30T21:08:36","modified_gmt":"2015-12-01T00:08:36","slug":"workshop-de-mandalas-com-rozi-cariri-dias-28-e-2911-no-recife","status":"publish","type":"post","link":"https:\/\/portalfloresnoar.com\/floresnoar\/workshop-de-mandalas-com-rozi-cariri-dias-28-e-2911-no-recife\/","title":{"rendered":"Workshop de Mandalas de Linha  dias 28 e 29\/11 no Recife"},"content":{"rendered":"<p><img decoding=\"async\" loading=\"lazy\" class=\"aligncenter size-full wp-image-22893\" alt=\"mandalas de fios\" src=\"http:\/\/portalfloresnoar.com\/floresnoar\/wp-content\/uploads\/2015\/11\/mandalas-de-fios.jpg\" width=\"726\" height=\"516\" srcset=\"https:\/\/portalfloresnoar.com\/floresnoar\/wp-content\/uploads\/2015\/11\/mandalas-de-fios.jpg 726w, https:\/\/portalfloresnoar.com\/floresnoar\/wp-content\/uploads\/2015\/11\/mandalas-de-fios-300x213.jpg 300w\" sizes=\"(max-width: 726px) 100vw, 726px\" \/><\/p>\n<p>Viv\u00eancias com a arte terap\u00eautica de tecer mandalas ser\u00e3o oferecidas pela cearense Rozi Cariri no Recife, dias 28 e 29 de novembro, no Workshop de Mandalas. O encontro ser\u00e1 no S\u00edtio dos Pintos, pr\u00f3ximo \u00e0 UFRPE. O investimento para participar \u00e9 de R$ 240,00 (at\u00e9 dia 15\/11 pre\u00e7o promocional por R$ 200,00)<\/p>\n<p><span style=\"line-height: 1.71429; letter-spacing: 0em;\">As Viv\u00eancias com Mandalas consistem de uma imers\u00e3o onde, atrav\u00e9s da elabora\u00e7\u00e3o reflexiva de Mandalas em um espa\u00e7o agrad\u00e1vel e arborizado, ser\u00e1 exercitado o tra\u00e7ado geom\u00e9trico de linhas e\/ou l\u00e3s coloridas para trabalhar a pessoa nos aspectos f\u00edsico, emocional, intelectual e energ\u00e9tico.<\/span><\/p>\n<p>No aspecto f\u00edsico, elas promovem bem estar, relaxamento e a preven\u00e7\u00e3o do stress. Emocionalmente, o trabalho com as Mandalas pode desbloquear emo\u00e7\u00f5es e sentimentos antigos e atuais e, quando realizado coletivamente, ajuda no fortalecimento dos la\u00e7os afetivos entre os envolvidos. Quanto ao intelecto, por exigir concentra\u00e7\u00e3o e foco, a confec\u00e7\u00e3o de Mandalas colabora tamb\u00e9m para combater a dispers\u00e3o e o d\u00e9ficit de aten\u00e7\u00e3o, auxiliando na leitura e na realiza\u00e7\u00e3o de trabalhos intelectuais. Atrav\u00e9s do ato de tecer uma Mandala, \u00e9 poss\u00edvel despertar a intui\u00e7\u00e3o, direcionar a energia mental para determinado objetivo harmonizando intui\u00e7\u00e3o, vontade e raz\u00e3o, e estabelecer assim um caminho que alcance um maior n\u00edvel de consci\u00eancia.<\/p>\n<p>&#8220;A contempla\u00e7\u00e3o\/medita\u00e7\u00e3o das formas e cores harmoniosas das Mandalas ajuda a elevar nosso estado interior ou mesmo a ativar e canalizar determinados tipos de energias. Na Mandala, \u00e9 criado um espa\u00e7o sagrado pr\u00f3prio, um lugar de prote\u00e7\u00e3o, um foco para a concentra\u00e7\u00e3o de nossas energias mentais e emocionais. O processo de elabora\u00e7\u00e3o e contempla\u00e7\u00e3o individual ou coletivo de Mandalas pode contribuir para o autoconhecimento, desenvolvimento espiritual, prosperidade pessoal e para atrair relacionamentos harmoniosos&#8221;, declara Rozi Cariri.<\/p>\n<p><strong>Mandalas de Luz<\/strong>\u00a0&#8211; Rozi Cariri recria um trabalho desenvolvido pelos \u00edndios Huichol no M\u00e9xico. As mandalas &#8216;Olhos de Deus&#8217; (fios tecidos pelo povo Huichol em arma\u00e7\u00e3o de madeira) s\u00e3o usadas como uma ferramenta ritual, um objeto m\u00e1gico, sendo ainda consideradas um s\u00edmbolo cultural. Para os Huichol, as mandalas &#8216;Olhos de Deus&#8217; trazem o simbolismo do poder da vis\u00e3o e entendimento daquilo que \u00e9 desconhecido e incognisc\u00edvel: o Mist\u00e9rio. Os quatro pontos representam os elementos Terra, Fogo, \u00c1gua e Ar. O ponto &#8216;Olhos de Deus&#8217; pode ser simples ou mais complexo, dependendo da forma como \u00e9 tecido, podendo ser feito em duas ou mais varetas. Os Huichol chamam seus &#8216;Olhos de Deus&#8217; de Sikuli, que significa \u201co poder de ver e compreender coisas desconhecidas\u201d.<\/p>\n<p>Os interessados devem fazer as inscri\u00e7\u00f5es atrav\u00e9s dos seguintes contatos:<br \/>\n<strong>E-mail:<\/strong> rozicariri@gmail.com<br \/>\n<strong>Fone:<\/strong> (81) 98838.8510<\/p>\n","protected":false},"excerpt":{"rendered":"<p>Viv\u00eancias com a arte terap\u00eautica de tecer mandalas ser\u00e3o oferecidas pela cearense Rozi Cariri no Recife, dias 28 e 29 de novembro, no Workshop de Mandalas. O encontro ser\u00e1 no S\u00edtio dos Pintos, pr\u00f3ximo \u00e0 UFRPE. O investimento para participar \u00e9 de R$ 240,00 (at\u00e9 dia 15\/11 pre\u00e7o promocional por R$ 200,00) As Viv\u00eancias com [&hellip;]<\/p>\n","protected":false},"author":1,"featured_media":22894,"comment_status":"open","ping_status":"open","sticky":false,"template":"","format":"standard","meta":{"om_disable_all_campaigns":false,"_monsterinsights_skip_tracking":false,"_monsterinsights_sitenote_active":false,"_monsterinsights_sitenote_note":"","_monsterinsights_sitenote_category":0,"footnotes":""},"categories":[8,214],"tags":[67],"acf":[],"publishpress_future_action":{"enabled":false,"date":"1969-12-31 21:00:00","action":"","terms":[],"taxonomy":"","browser_timezone_offset":0},"_links":{"self":[{"href":"https:\/\/portalfloresnoar.com\/floresnoar\/wp-json\/wp\/v2\/posts\/22892"}],"collection":[{"href":"https:\/\/portalfloresnoar.com\/floresnoar\/wp-json\/wp\/v2\/posts"}],"about":[{"href":"https:\/\/portalfloresnoar.com\/floresnoar\/wp-json\/wp\/v2\/types\/post"}],"author":[{"embeddable":true,"href":"https:\/\/portalfloresnoar.com\/floresnoar\/wp-json\/wp\/v2\/users\/1"}],"replies":[{"embeddable":true,"href":"https:\/\/portalfloresnoar.com\/floresnoar\/wp-json\/wp\/v2\/comments?post=22892"}],"version-history":[{"count":0,"href":"https:\/\/portalfloresnoar.com\/floresnoar\/wp-json\/wp\/v2\/posts\/22892\/revisions"}],"wp:featuredmedia":[{"embeddable":true,"href":"https:\/\/portalfloresnoar.com\/floresnoar\/wp-json\/wp\/v2\/media\/22894"}],"wp:attachment":[{"href":"https:\/\/portalfloresnoar.com\/floresnoar\/wp-json\/wp\/v2\/media?parent=22892"}],"wp:term":[{"taxonomy":"category","embeddable":true,"href":"https:\/\/portalfloresnoar.com\/floresnoar\/wp-json\/wp\/v2\/categories?post=22892"},{"taxonomy":"post_tag","embeddable":true,"href":"https:\/\/portalfloresnoar.com\/floresnoar\/wp-json\/wp\/v2\/tags?post=22892"}],"curies":[{"name":"wp","href":"https:\/\/api.w.org\/{rel}","templated":true}]}}