

{"id":22863,"date":"2015-09-01T10:14:30","date_gmt":"2015-09-01T13:14:30","guid":{"rendered":"http:\/\/portalfloresnoar.com\/floresnoar\/?p=22863"},"modified":"2015-11-17T10:36:12","modified_gmt":"2015-11-17T13:36:12","slug":"cine-debate-crises-brasileiras-vistas-atraves-do-olhar-de-cineastas-brasileiros-nesta-quinta-na-ufrpe","status":"publish","type":"post","link":"https:\/\/portalfloresnoar.com\/floresnoar\/cine-debate-crises-brasileiras-vistas-atraves-do-olhar-de-cineastas-brasileiros-nesta-quinta-na-ufrpe\/","title":{"rendered":"Cine-debate &#8216;Crises brasileiras vistas atrav\u00e9s do olhar de cineastas brasileiros&#8217; nesta quinta na UFRPE"},"content":{"rendered":"<figure id=\"attachment_22864\" aria-describedby=\"caption-attachment-22864\" style=\"width: 700px\" class=\"wp-caption aligncenter\"><img decoding=\"async\" loading=\"lazy\" class=\"size-full wp-image-22864\" alt=\"Cena do filme 'Em Tr\u00e2nsito'\" src=\"http:\/\/portalfloresnoar.com\/floresnoar\/wp-content\/uploads\/2015\/11\/Em-Tr\u00e2nsito.jpg\" width=\"700\" height=\"377\" srcset=\"https:\/\/portalfloresnoar.com\/floresnoar\/wp-content\/uploads\/2015\/11\/Em-Tr\u00e2nsito.jpg 700w, https:\/\/portalfloresnoar.com\/floresnoar\/wp-content\/uploads\/2015\/11\/Em-Tr\u00e2nsito-300x161.jpg 300w\" sizes=\"(max-width: 700px) 100vw, 700px\" \/><figcaption id=\"caption-attachment-22864\" class=\"wp-caption-text\">Cena do filme &#8216;Em Tr\u00e2nsito&#8217;<\/figcaption><\/figure>\n<p>Nesta quinta-feira (12\/11), o Grupo de Pesquisa em Comunica\u00e7\u00e3o, Direitos, Cidadania e Mudan\u00e7as Sociais (COMUDI) realiza um cine-debate com o tema &#8220;Crises brasileiras vistas atrav\u00e9s do olhar de cineastas brasileiros&#8221;, que integra a programa\u00e7\u00e3o da VI Semana de Ci\u00eancias Sociais da UFRPE.<\/p>\n<p>A sess\u00e3o \u00e9 gratuita e ser\u00e1 composta pelos curtas pernambucanos &#8220;Suape: desenvolvimento para quem?&#8221;, &#8220;Acercadacana&#8221;, &#8220;De Profundis&#8221; e &#8220;Em Tr\u00e2nsito&#8221;. Ap\u00f3s a exibi\u00e7\u00e3o haver\u00e1 debate com as\/os realizadoras\/realizadores Mariana Ol\u00edvia, Felipe Peres Calheiros, Isabela Cribari e Marcelo Pedroso. A atividade acontece a partir das 19h, na sala de audiovisual do CEGOE\/UFRPE e na ocasi\u00e3o tamb\u00e9m acontecer\u00e1 uma exposi\u00e7\u00e3o fotogr\u00e1fica com o material registrado durante a produ\u00e7\u00e3o do document\u00e1rio &#8220;Suape: desenvolvimento para quem?&#8221;.<\/p>\n<p>O Grupo de Pesquisa em Comunica\u00e7\u00e3o, Direitos, Cidadania e Mudan\u00e7as Sociais (COMUDI), da Universidade Federal Rural de Pernambuco, tem por objetivo abordar aspectos das sociedades contempor\u00e2neas, quanto a din\u00e2micas e processos sociais que direcionam mudan\u00e7as na organiza\u00e7\u00e3o social, formando novos h\u00e1bitos, necessidades, expectativas e renovando as compreens\u00f5es de cidadania e participa\u00e7\u00e3o social. Buscamos tratar, em subprojetos peri\u00f3dicos e de m\u00e9dia dura\u00e7\u00e3o, das pr\u00e1ticas recentes de mobiliza\u00e7\u00e3o e atua\u00e7\u00e3o social e pol\u00edtica, dentre elas aquelas de comunica\u00e7\u00e3o, ambientais e culturais, direcionadas pelas recentes exig\u00eancias de novos direitos e a visibilidade de novos atores sociais.<\/p>\n<p>A VI Semana de Ci\u00eancias Sociais da UFRPE acontece no Centro de Ensino de Gradua\u00e7\u00e3o Obra-Escola (CEGOE) da UFRPE entre os dias 09 e 13 de novembro de 2015. Tem como objetivo promover um amplo debate no campo das ci\u00eancias sociais sobre a mais recente crise sob a qual imerge o Brasil na atualidade, ultrapassando a simples informa\u00e7\u00e3o do fato com intuito de tom\u00e1-lo como objeto de estudo cient\u00edfico e aprofundar o conhecimento das causas pol\u00edticas e econ\u00f4micas que s\u00e3o o fundamento da desestrutura\u00e7\u00e3o social brasileira.<\/p>\n<p><em>Sobre os filmes: <\/em><br \/>\n<strong>Suape: desenvolvimento para quem? <\/strong>(PE)<br \/>\nDire\u00e7\u00e3o: Mariana Ol\u00edvia<br \/>\nDoc, 28min, 2015<\/p>\n<p>O document\u00e1rio apresenta impactos e injusti\u00e7as socioambientais gerados na regi\u00e3o do Complexo Portu\u00e1rio de Suape e re\u00fane depoimentos de moradores, entidades e pesquisadores, que fazem um panorama acerca das consequ\u00eancias do desenvolvimento nas cidades de Ipojuca e Cabo de Santo Agostinho, onde o complexo industrial est\u00e1 instalado. O filme integra os resultados de uma pesquisa intitulada Estrat\u00e9gias de Comunica\u00e7\u00e3o para a constru\u00e7\u00e3o de territ\u00f3rios sustent\u00e1veis no contexto da cadeia produtiva do petr\u00f3leo em Pernambuco \u2013 uma abordagem de sa\u00fade ambiental, desenvolvida pela equipe do Laborat\u00f3rio de Sa\u00fade, Ambiente e Trabalho da Fiocruz \u2013 PE.<\/p>\n<p><strong>Acercadacana<\/strong> (PE)<br \/>\nDire\u00e7\u00e3o: Felipe Peres Calheiros<br \/>\nDoc, 20min, 2010<\/p>\n<p>Nos anos 1990, com a valoriza\u00e7\u00e3o do etanol e a expans\u00e3o do latif\u00fandio canavieiro, 15 mil fam\u00edlias foram expulsas de seus s\u00edtios na zona da mata de Pernambuco. Maria Francisca decidiu resistir.<\/p>\n<p><strong>De Profundis<\/strong> (PE)<br \/>\nDire\u00e7\u00e3o: Isabela Cribari<br \/>\nDoc, 20min, 2014<\/p>\n<p>E hoje, tem o qu\u00ea? Nada! L\u00e1 o povo amanhecia e ia pra sua ilha. E aqui? Nada! Da riqueza fomos pra pobreza. A gente n\u00e3o cria nada. Achava que aquilo n\u00e3o ia acontecer n\u00e3o. Foi dif\u00edcil pra todo mundo. Tanto chorava o grande, como chorava o pequeno. Rezando e chorando. Eu vi minha fam\u00edlia definhar. Aos pouquinhos, roubaram a gana, a vida. Ela cortou os pulsos. Ela, veneno. Uma colega muito pra frente, 15 Diazepam, a\u00ed inchou. Ela, rem\u00e9dio. Ela pulou da torre. Duas vezes. Um amigo: veneno. Ap\u00f3s veneno, simplesmente colocou a corda no pesco\u00e7o e, e, e&#8230; N\u00e3o tem explica\u00e7\u00e3o. Cheguei a tomar. 12 envelopes. Cada comprimido 850g. Continuo tomando. Quatro anos. Viciada. N\u00e3o consigo. Minha irm\u00e3 tomou, melhora uma, outra adoece. J\u00e1 \u00e9, comigo, o quarto na fam\u00edlia. Vamos voltar pra tr\u00e1s para a \u00e1gua levar n\u00f3s tamb\u00e9m. Dormir. Morrer.<\/p>\n<p><strong>Em Tr\u00e2nsito<\/strong> (PE)<br \/>\nDire\u00e7\u00e3o: Marcelo Pedroso<br \/>\nFic, 19min, 2013<\/p>\n<p>Elias, em tr\u00e2nsito.<\/p>\n<p>SERVI\u00c7O<br \/>\n<strong>Cinedebate &#8220;Crises brasileiras vistas atrav\u00e9s do olhar de cineastas brasileiros&#8221;<\/strong><br \/>\n12 de novembro | 19h<br \/>\nLocal: Sala de Audiovisual do CEGOE\/UFRPE \u2013 2 Andar<br \/>\nEndere\u00e7o: R. Dom Manuel de Medeiros, s\/n &#8211; Dois Irm\u00e3os &#8211; Recife<br \/>\nEntrada Gratuita<br \/>\n<a href=\"http:\/\/www.visemanacsufrpe.blogspot.com.br\" target=\"_blank\">http:\/\/www.visemanacsufrpe.blogspot.com.br<\/a><\/p>\n","protected":false},"excerpt":{"rendered":"<p>Nesta quinta-feira (12\/11), o Grupo de Pesquisa em Comunica\u00e7\u00e3o, Direitos, Cidadania e Mudan\u00e7as Sociais (COMUDI) realiza um cine-debate com o tema &#8220;Crises brasileiras vistas atrav\u00e9s do olhar de cineastas brasileiros&#8221;, que integra a programa\u00e7\u00e3o da VI Semana de Ci\u00eancias Sociais da UFRPE. A sess\u00e3o \u00e9 gratuita e ser\u00e1 composta pelos curtas pernambucanos &#8220;Suape: desenvolvimento para [&hellip;]<\/p>\n","protected":false},"author":1,"featured_media":22864,"comment_status":"open","ping_status":"open","sticky":false,"template":"","format":"standard","meta":{"om_disable_all_campaigns":false,"_monsterinsights_skip_tracking":false,"_monsterinsights_sitenote_active":false,"_monsterinsights_sitenote_note":"","_monsterinsights_sitenote_category":0,"footnotes":""},"categories":[8,214],"tags":[63],"acf":[],"publishpress_future_action":{"enabled":false,"date":"1969-12-31 21:00:00","action":"","terms":[],"taxonomy":"","browser_timezone_offset":0},"_links":{"self":[{"href":"https:\/\/portalfloresnoar.com\/floresnoar\/wp-json\/wp\/v2\/posts\/22863"}],"collection":[{"href":"https:\/\/portalfloresnoar.com\/floresnoar\/wp-json\/wp\/v2\/posts"}],"about":[{"href":"https:\/\/portalfloresnoar.com\/floresnoar\/wp-json\/wp\/v2\/types\/post"}],"author":[{"embeddable":true,"href":"https:\/\/portalfloresnoar.com\/floresnoar\/wp-json\/wp\/v2\/users\/1"}],"replies":[{"embeddable":true,"href":"https:\/\/portalfloresnoar.com\/floresnoar\/wp-json\/wp\/v2\/comments?post=22863"}],"version-history":[{"count":0,"href":"https:\/\/portalfloresnoar.com\/floresnoar\/wp-json\/wp\/v2\/posts\/22863\/revisions"}],"wp:featuredmedia":[{"embeddable":true,"href":"https:\/\/portalfloresnoar.com\/floresnoar\/wp-json\/wp\/v2\/media\/22864"}],"wp:attachment":[{"href":"https:\/\/portalfloresnoar.com\/floresnoar\/wp-json\/wp\/v2\/media?parent=22863"}],"wp:term":[{"taxonomy":"category","embeddable":true,"href":"https:\/\/portalfloresnoar.com\/floresnoar\/wp-json\/wp\/v2\/categories?post=22863"},{"taxonomy":"post_tag","embeddable":true,"href":"https:\/\/portalfloresnoar.com\/floresnoar\/wp-json\/wp\/v2\/tags?post=22863"}],"curies":[{"name":"wp","href":"https:\/\/api.w.org\/{rel}","templated":true}]}}