

{"id":22829,"date":"2015-09-09T12:17:43","date_gmt":"2015-09-09T15:17:43","guid":{"rendered":"http:\/\/portalfloresnoar.com\/floresnoar\/?p=22829"},"modified":"2015-11-14T11:45:49","modified_gmt":"2015-11-14T14:45:49","slug":"workshop-de-culinaria-vegana-neste-sabado-no-espaco-rosa-dos-ventos","status":"publish","type":"post","link":"https:\/\/portalfloresnoar.com\/floresnoar\/workshop-de-culinaria-vegana-neste-sabado-no-espaco-rosa-dos-ventos\/","title":{"rendered":"Workshop de culin\u00e1ria vegana neste s\u00e1bado no Espa\u00e7o Rosa dos Ventos"},"content":{"rendered":"<p><img decoding=\"async\" loading=\"lazy\" class=\"aligncenter size-full wp-image-22830\" alt=\"aquelarre\" src=\"http:\/\/portalfloresnoar.com\/floresnoar\/wp-content\/uploads\/2015\/11\/aquelarre.jpg\" width=\"638\" height=\"638\" srcset=\"https:\/\/portalfloresnoar.com\/floresnoar\/wp-content\/uploads\/2015\/11\/aquelarre.jpg 638w, https:\/\/portalfloresnoar.com\/floresnoar\/wp-content\/uploads\/2015\/11\/aquelarre-150x150.jpg 150w, https:\/\/portalfloresnoar.com\/floresnoar\/wp-content\/uploads\/2015\/11\/aquelarre-300x300.jpg 300w, https:\/\/portalfloresnoar.com\/floresnoar\/wp-content\/uploads\/2015\/11\/aquelarre-100x100.jpg 100w\" sizes=\"(max-width: 638px) 100vw, 638px\" \/><\/p>\n<p style=\"text-align: left;\"><img decoding=\"async\" loading=\"lazy\" class=\"wp-image-22832 alignleft\" alt=\"veganismo_recife\" src=\"http:\/\/portalfloresnoar.com\/floresnoar\/wp-content\/uploads\/2015\/11\/veganismo_recife.jpg\" width=\"315\" height=\"236\" srcset=\"https:\/\/portalfloresnoar.com\/floresnoar\/wp-content\/uploads\/2015\/11\/veganismo_recife.jpg 750w, https:\/\/portalfloresnoar.com\/floresnoar\/wp-content\/uploads\/2015\/11\/veganismo_recife-300x224.jpg 300w, https:\/\/portalfloresnoar.com\/floresnoar\/wp-content\/uploads\/2015\/11\/veganismo_recife-160x120.jpg 160w\" sizes=\"(max-width: 315px) 100vw, 315px\" \/>As alquimistas da cozinha Rosa dos Sabores, Dany Rosso e Donna T\u00e2nia, realizam dia 14 de novembro, das 9h \u00e0s 17h, no Espa\u00e7o Rosa dos Ventos, no Recife, o workshop de culin\u00e1ria Aquelarre* Vegano.\u00a0Neste primeiro workshop, entrar\u00e3o no card\u00e1pio de receitas: p\u00e3es, queijos, pastas, molhos, sopa e saladas.<\/p>\n<p>Apesar da experi\u00eancia em restaurantes na Espanha, foi no Brasil que a uruguaia Dany Rosso encantou-se pela culin\u00e1ria vegana e hoje a cozinha Rosa dos Sabores \u00e9 o seu laborat\u00f3rio para experimentar verdadeiras alquimias culin\u00e1rias.<\/p>\n<p>Dany Rosso faz parceria com Donna T\u00e2nia que, ap\u00f3s aposentar-se em empresa multinacional, come\u00e7ou a trabalhar com tortas e salgados e logo seguiu na cozinha do Rosa dos Sabores aperfei\u00e7oando as suas m\u00e3os que at\u00e9 hoje investigam a culin\u00e1ria vegetariana.<\/p>\n<p>Juntas essas duas mestras estar\u00e3o compartilhando com o p\u00fablico suas cria\u00e7\u00f5es a partir de um vasto universo de possibilidades da culin\u00e1ria vegana. Os participantes ir\u00e3o se surpreender com a simplicidade e facilidade do preparo destes alimentos ricos e saud\u00e1veis no dia-dia.<\/p>\n<p><em style=\"line-height: 1.71429; letter-spacing: 0em;\">*Aquelarre quer dizer &#8216;encontro de bruxas&#8217;<\/em><\/p>\n<p>SERVI\u00c7O<br \/>\n<strong>Workshop Aquelarre Vegano<\/strong><br \/>\n<strong>Local:<\/strong> Espa\u00e7o Rosa dos Ventos. Rua Augusto Rodrigues, 371, Torre\u00e3o Recife PE<br \/>\n<strong>Inscri\u00e7\u00e3o pelo fone:<\/strong>\u00a0(81) 3037-2594<br \/>\n<strong>Investimento:<\/strong> R$ 100,00<\/p>\n<p><em>Vagas Limitadas!<\/em><\/p>\n","protected":false},"excerpt":{"rendered":"<p>As alquimistas da cozinha Rosa dos Sabores, Dany Rosso e Donna T\u00e2nia, realizam dia 14 de novembro, das 9h \u00e0s 17h, no Espa\u00e7o Rosa dos Ventos, no Recife, o workshop de culin\u00e1ria Aquelarre* Vegano.\u00a0Neste primeiro workshop, entrar\u00e3o no card\u00e1pio de receitas: p\u00e3es, queijos, pastas, molhos, sopa e saladas. Apesar da experi\u00eancia em restaurantes na Espanha, [&hellip;]<\/p>\n","protected":false},"author":1,"featured_media":22834,"comment_status":"open","ping_status":"open","sticky":false,"template":"","format":"standard","meta":{"om_disable_all_campaigns":false,"_monsterinsights_skip_tracking":false,"_monsterinsights_sitenote_active":false,"_monsterinsights_sitenote_note":"","_monsterinsights_sitenote_category":0,"footnotes":""},"categories":[8,214],"tags":[50,162],"acf":[],"publishpress_future_action":{"enabled":false,"date":"1969-12-31 21:00:00","action":"","terms":[],"taxonomy":"","browser_timezone_offset":0},"_links":{"self":[{"href":"https:\/\/portalfloresnoar.com\/floresnoar\/wp-json\/wp\/v2\/posts\/22829"}],"collection":[{"href":"https:\/\/portalfloresnoar.com\/floresnoar\/wp-json\/wp\/v2\/posts"}],"about":[{"href":"https:\/\/portalfloresnoar.com\/floresnoar\/wp-json\/wp\/v2\/types\/post"}],"author":[{"embeddable":true,"href":"https:\/\/portalfloresnoar.com\/floresnoar\/wp-json\/wp\/v2\/users\/1"}],"replies":[{"embeddable":true,"href":"https:\/\/portalfloresnoar.com\/floresnoar\/wp-json\/wp\/v2\/comments?post=22829"}],"version-history":[{"count":0,"href":"https:\/\/portalfloresnoar.com\/floresnoar\/wp-json\/wp\/v2\/posts\/22829\/revisions"}],"wp:featuredmedia":[{"embeddable":true,"href":"https:\/\/portalfloresnoar.com\/floresnoar\/wp-json\/wp\/v2\/media\/22834"}],"wp:attachment":[{"href":"https:\/\/portalfloresnoar.com\/floresnoar\/wp-json\/wp\/v2\/media?parent=22829"}],"wp:term":[{"taxonomy":"category","embeddable":true,"href":"https:\/\/portalfloresnoar.com\/floresnoar\/wp-json\/wp\/v2\/categories?post=22829"},{"taxonomy":"post_tag","embeddable":true,"href":"https:\/\/portalfloresnoar.com\/floresnoar\/wp-json\/wp\/v2\/tags?post=22829"}],"curies":[{"name":"wp","href":"https:\/\/api.w.org\/{rel}","templated":true}]}}