

{"id":22801,"date":"2015-10-10T11:00:24","date_gmt":"2015-10-10T14:00:24","guid":{"rendered":"http:\/\/portalfloresnoar.com\/floresnoar\/?p=22801"},"modified":"2015-11-15T21:06:36","modified_gmt":"2015-11-16T00:06:36","slug":"luminaris-promove-festival-de-primavera-no-dia-1511","status":"publish","type":"post","link":"https:\/\/portalfloresnoar.com\/floresnoar\/luminaris-promove-festival-de-primavera-no-dia-1511\/","title":{"rendered":"Luminaris promove Festival da Primavera no dia 15\/11"},"content":{"rendered":"<p><img decoding=\"async\" loading=\"lazy\" class=\"aligncenter size-full wp-image-22802\" alt=\"festival da primavera\" src=\"http:\/\/portalfloresnoar.com\/floresnoar\/wp-content\/uploads\/2015\/11\/festival-da-primavera.jpg\" width=\"679\" height=\"960\" srcset=\"https:\/\/portalfloresnoar.com\/floresnoar\/wp-content\/uploads\/2015\/11\/festival-da-primavera.jpg 679w, https:\/\/portalfloresnoar.com\/floresnoar\/wp-content\/uploads\/2015\/11\/festival-da-primavera-212x300.jpg 212w\" sizes=\"(max-width: 679px) 100vw, 679px\" \/><\/p>\n<p>O Luminaris N\u00facleo de Desenvolvimento Humano realizar\u00e1, no dia 15 de novembro (domingo), das 8h \u00e0s 18h, o Festival da Primavera, oferecendo gratuitamente diversas viv\u00eancias, oficinas e palestras. Haver\u00e1 aulas de Yoga, Medita\u00e7\u00e3o, viv\u00eancias com Constela\u00e7\u00e3o Familiar, palestras sobre Astrologia, Bioenerg\u00e9tica, atendimento em Yogaterapia, massagens, conta\u00e7\u00e3o de hist\u00f3rias, venda de produtos, apresenta\u00e7\u00e3o musical, al\u00e9m de muitas outras atividades. A programa\u00e7\u00e3o inclui atividades com beb\u00eas, crian\u00e7as e adultos.<\/p>\n<p>&#8220;Ser\u00e1 uma mostra de todos os servi\u00e7os oferecidos pelo Luminaris. Vamos, em um dia, oferecer para o p\u00fablicon todas as pr\u00e1ticas que realizamos em nosso dia a dia&#8221;, explica a consteladora sist\u00eamica e idealizadora do Luminaris Janise Paiva.<\/p>\n<p>A entrada e a participa\u00e7\u00e3o nas oficinas do Festival da Primavera \u00e9 gratuita!<\/p>\n<p><strong>Local:<\/strong>  Luminaris \u2013 Rua Jaco Velozino n.\u00ba 101, Casa Forte (rua da f\u00e1rmacia Drogasil, pr\u00f3xima \u00e0 Pra\u00e7a de Casa Forte), Recife<\/p>\n<p><strong>Mais Informa\u00e7\u00f5es:<\/strong> (81) 3031-1134<\/p>\n<p><strong>Confira a programa\u00e7\u00e3o:<\/strong><\/p>\n<p><strong>MANH\u00c3 <\/strong><br \/>\nConstela\u00e7\u00e3o Familiar (Janise e Em\u00edlia) \u2013 das 9h \u00e0s 10h (Sal\u00e3o 6)<br \/>\nYoga (D\u00e9dea \/ Luiz \/ Amanda \/ Dani) \u2013 das 9h \u00e0s 10h (Sal\u00e3o 7)<br \/>\nTerapia Externa Antropos\u00f3fica Trimembrada (Vera Macedo)\u2013 das 9h \u00e0s 12h<br \/>\nPalestra Educa\u00e7\u00e3o Waldorf \u2013 das 10h \u00e0s 10h45 (Sal\u00e3o 6)<br \/>\nYoga (D\u00e9dea \/ Luiz \/ Amanda \/ Dani) \u2013 das 10h \u00e0s 11h (Sal\u00e3o 7)<br \/>\nViv\u00eancia com Bonecos (F\u00e1tima Caio) \u2013 das 10h \u00e0s 11h (Sal\u00e3o 8)<br \/>\nMedita\u00e7\u00e3o (Isabel Sujaan)\u2013 das 11h \u00e0s 12h (Sal\u00e3o 8)<br \/>\nDan\u00e7a Circular (Janise) \u2013 das 11h \u00e0s 11h30 (Sal\u00e3o 8)<\/p>\n<p>Das 12h \u00e0s 13h &#8211; Apresenta\u00e7\u00e3o musical com Isabela de Holanda e Riva Le Boss (Sal\u00e3o 7)<\/p>\n<p><strong>TARDE<\/strong><br \/>\nConta\u00e7\u00e3o de Est\u00f3ria (Janise e Rita)- das 13h \u00e0s 14h (Sal\u00e3o 7)<br \/>\nOficina de Ikebana (Anselmo Madureira) \u2013 das 13h \u00e0s 15h (Sal\u00e3o 6)<br \/>\nPalestra Mapa Natal (Cacah Travassos) \u2013 das 14h \u00e0s 14h15 (Sal\u00e3o 6)<br \/>\nDan\u00e7a com Beb\u00eas (Drica Ayub) \u2013 das 14h \u00e0s 14h30 (Sal\u00e3o 8)<br \/>\nDan\u00e7a com Gestantes (Drica Ayub) \u2013 das 14h30 \u00e0s 15h (Sal\u00e3o 8)<br \/>\nPalestra Cr\u00e2niossacral (Anselmo Madureira) &#8211; das 14h30 \u00e0s15h (Sal\u00e3o 8)<br \/>\nYoga para Crian\u00e7as (Amanda) \u2013 das 14h \u00e0s 15h (Sal\u00e3o 7)<br \/>\nViv\u00eancia Bioenerg\u00e9tica (Luciana Prado e Rita) \u2013 das 15h \u00e0s 16h (Sal\u00e3o 7)<br \/>\nMassagem Ayurv\u00e9dica (Drica Ayub) \u2013 das 15h \u00e0s 16h (Sala 10)<br \/>\nYogaterapia (Ded\u00e9a) \u2013 das 15h \u00e0s 16h (Sala 10)<br \/>\nDan\u00e7a Sal\u00e3o (Luciana e Bruno) \u2013 das 16h \u00e0s 17h (Sal\u00e3o 8)<br \/>\nConstela\u00e7\u00e3o Familiar (Janise e Rita)\u2013 das 16h \u00e0s 17h (Sal\u00e3o 6)<br \/>\nTerapia Externa Antropos\u00f3fica Trimembrada (Vera Macedo)\u2013 das 9h \u00e0s 16h (Sala 9)<\/p>\n<p>Das 17h \u00e0s 18h\u00a0&#8211; show po\u00e9tico-musical com <a href=\"https:\/\/www.facebook.com\/cantodelu7\" target=\"_blank\">Lu Rabelo<\/a>, acompanhada dos m\u00fasicos Ant\u00f4nio de Hollanda e Cleto Campos<\/p>\n","protected":false},"excerpt":{"rendered":"<p>O Luminaris N\u00facleo de Desenvolvimento Humano realizar\u00e1, no dia 15 de novembro (domingo), das 8h \u00e0s 18h, o Festival da Primavera, oferecendo gratuitamente diversas viv\u00eancias, oficinas e palestras. Haver\u00e1 aulas de Yoga, Medita\u00e7\u00e3o, viv\u00eancias com Constela\u00e7\u00e3o Familiar, palestras sobre Astrologia, Bioenerg\u00e9tica, atendimento em Yogaterapia, massagens, conta\u00e7\u00e3o de hist\u00f3rias, venda de produtos, apresenta\u00e7\u00e3o musical, al\u00e9m de [&hellip;]<\/p>\n","protected":false},"author":1,"featured_media":22803,"comment_status":"open","ping_status":"open","sticky":false,"template":"","format":"standard","meta":{"om_disable_all_campaigns":false,"_monsterinsights_skip_tracking":false,"_monsterinsights_sitenote_active":false,"_monsterinsights_sitenote_note":"","_monsterinsights_sitenote_category":0,"footnotes":""},"categories":[8,214],"tags":[125,21],"acf":[],"publishpress_future_action":{"enabled":false,"date":"1969-12-31 21:00:00","action":"","terms":[],"taxonomy":"","browser_timezone_offset":0},"_links":{"self":[{"href":"https:\/\/portalfloresnoar.com\/floresnoar\/wp-json\/wp\/v2\/posts\/22801"}],"collection":[{"href":"https:\/\/portalfloresnoar.com\/floresnoar\/wp-json\/wp\/v2\/posts"}],"about":[{"href":"https:\/\/portalfloresnoar.com\/floresnoar\/wp-json\/wp\/v2\/types\/post"}],"author":[{"embeddable":true,"href":"https:\/\/portalfloresnoar.com\/floresnoar\/wp-json\/wp\/v2\/users\/1"}],"replies":[{"embeddable":true,"href":"https:\/\/portalfloresnoar.com\/floresnoar\/wp-json\/wp\/v2\/comments?post=22801"}],"version-history":[{"count":0,"href":"https:\/\/portalfloresnoar.com\/floresnoar\/wp-json\/wp\/v2\/posts\/22801\/revisions"}],"wp:featuredmedia":[{"embeddable":true,"href":"https:\/\/portalfloresnoar.com\/floresnoar\/wp-json\/wp\/v2\/media\/22803"}],"wp:attachment":[{"href":"https:\/\/portalfloresnoar.com\/floresnoar\/wp-json\/wp\/v2\/media?parent=22801"}],"wp:term":[{"taxonomy":"category","embeddable":true,"href":"https:\/\/portalfloresnoar.com\/floresnoar\/wp-json\/wp\/v2\/categories?post=22801"},{"taxonomy":"post_tag","embeddable":true,"href":"https:\/\/portalfloresnoar.com\/floresnoar\/wp-json\/wp\/v2\/tags?post=22801"}],"curies":[{"name":"wp","href":"https:\/\/api.w.org\/{rel}","templated":true}]}}