

{"id":22796,"date":"2015-09-16T07:55:49","date_gmt":"2015-09-16T10:55:49","guid":{"rendered":"http:\/\/portalfloresnoar.com\/floresnoar\/?p=22796"},"modified":"2015-11-20T10:21:13","modified_gmt":"2015-11-20T13:21:13","slug":"palestra-com-o-lama-padma-samten-dia-1911-no-recife","status":"publish","type":"post","link":"https:\/\/portalfloresnoar.com\/floresnoar\/palestra-com-o-lama-padma-samten-dia-1911-no-recife\/","title":{"rendered":"Palestra com o Lama Padma Samten dia 19\/11 no Recife"},"content":{"rendered":"<p><img decoding=\"async\" loading=\"lazy\" class=\"aligncenter size-full wp-image-22797\" alt=\"Cartaz Palestra Lama_Transformar a si\" src=\"http:\/\/portalfloresnoar.com\/floresnoar\/wp-content\/uploads\/2015\/11\/Cartaz-Palestra-Lama_Transformar-a-si.jpg\" width=\"620\" height=\"878\" srcset=\"https:\/\/portalfloresnoar.com\/floresnoar\/wp-content\/uploads\/2015\/11\/Cartaz-Palestra-Lama_Transformar-a-si.jpg 620w, https:\/\/portalfloresnoar.com\/floresnoar\/wp-content\/uploads\/2015\/11\/Cartaz-Palestra-Lama_Transformar-a-si-211x300.jpg 211w\" sizes=\"(max-width: 620px) 100vw, 620px\" \/><\/p>\n<p>&#8216;Transformar a si, transformar o mundo &#8211; ensinamento para tempos dif\u00edceis&#8217; \u00e9 o tema da palestra que o Lama Padma Samten ministra no dia 19 de novembro, no Recife. \u00a0O evento ser\u00e1realizado no audit\u00f3rio G2 da UNICAP, a partir das 19h.<\/p>\n<p>SERVI\u00c7O<br \/>\n<strong>Palestra &#8216;Transformar a si, transformar o mundo &#8211; ensinamento para tempos dif\u00edceis&#8217;<\/strong><br \/>\n<strong>Data<\/strong>:19\/11\/2015<br \/>\n<strong>Hora: <\/strong>19h<br \/>\n<strong>Local:<\/strong> Audit\u00f3rio G2 &#8211; UNICAP \u00a0&#8211; Rua do Principe, 526 &#8211; Boa Vista, Recife\/PE.<\/p>\n<p><strong>Contribui\u00e7\u00e3o sugerida*:<\/strong> \u00a0R$ 30<\/p>\n<p><em>* As atividades do CEBB s\u00e3o divulgadas com anteced\u00eancia e sua contribui\u00e7\u00e3o possibilita que continuemos a oferecer diversas a\u00e7\u00f5es por todo o Brasil. Se houver quaisquer dificuldades com o valor, fale conosco pelo email recife@cebb.og.br<\/em><\/p>\n","protected":false},"excerpt":{"rendered":"<p>&#8216;Transformar a si, transformar o mundo &#8211; ensinamento para tempos dif\u00edceis&#8217; \u00e9 o tema da palestra que o Lama Padma Samten ministra no dia 19 de novembro, no Recife. \u00a0O evento ser\u00e1realizado no audit\u00f3rio G2 da UNICAP, a partir das 19h. SERVI\u00c7O Palestra &#8216;Transformar a si, transformar o mundo &#8211; ensinamento para tempos dif\u00edceis&#8217; Data:19\/11\/2015 [&hellip;]<\/p>\n","protected":false},"author":1,"featured_media":22798,"comment_status":"open","ping_status":"open","sticky":false,"template":"","format":"standard","meta":{"om_disable_all_campaigns":false,"_monsterinsights_skip_tracking":false,"_monsterinsights_sitenote_active":false,"_monsterinsights_sitenote_note":"","_monsterinsights_sitenote_category":0,"footnotes":""},"categories":[8,214],"tags":[30],"acf":[],"publishpress_future_action":{"enabled":false,"date":"1969-12-31 21:00:00","action":"","terms":[],"taxonomy":"","browser_timezone_offset":0},"_links":{"self":[{"href":"https:\/\/portalfloresnoar.com\/floresnoar\/wp-json\/wp\/v2\/posts\/22796"}],"collection":[{"href":"https:\/\/portalfloresnoar.com\/floresnoar\/wp-json\/wp\/v2\/posts"}],"about":[{"href":"https:\/\/portalfloresnoar.com\/floresnoar\/wp-json\/wp\/v2\/types\/post"}],"author":[{"embeddable":true,"href":"https:\/\/portalfloresnoar.com\/floresnoar\/wp-json\/wp\/v2\/users\/1"}],"replies":[{"embeddable":true,"href":"https:\/\/portalfloresnoar.com\/floresnoar\/wp-json\/wp\/v2\/comments?post=22796"}],"version-history":[{"count":0,"href":"https:\/\/portalfloresnoar.com\/floresnoar\/wp-json\/wp\/v2\/posts\/22796\/revisions"}],"wp:featuredmedia":[{"embeddable":true,"href":"https:\/\/portalfloresnoar.com\/floresnoar\/wp-json\/wp\/v2\/media\/22798"}],"wp:attachment":[{"href":"https:\/\/portalfloresnoar.com\/floresnoar\/wp-json\/wp\/v2\/media?parent=22796"}],"wp:term":[{"taxonomy":"category","embeddable":true,"href":"https:\/\/portalfloresnoar.com\/floresnoar\/wp-json\/wp\/v2\/categories?post=22796"},{"taxonomy":"post_tag","embeddable":true,"href":"https:\/\/portalfloresnoar.com\/floresnoar\/wp-json\/wp\/v2\/tags?post=22796"}],"curies":[{"name":"wp","href":"https:\/\/api.w.org\/{rel}","templated":true}]}}