

{"id":22779,"date":"2015-09-14T09:39:26","date_gmt":"2015-09-14T12:39:26","guid":{"rendered":"http:\/\/portalfloresnoar.com\/floresnoar\/?p=22779"},"modified":"2015-11-20T10:05:44","modified_gmt":"2015-11-20T13:05:44","slug":"a-familia-e-tema-de-palestra-dia-1911-no-horizonte-com-os-terapeutas-ana-da-fonte-e-paulo-fernando-de-souza","status":"publish","type":"post","link":"https:\/\/portalfloresnoar.com\/floresnoar\/a-familia-e-tema-de-palestra-dia-1911-no-horizonte-com-os-terapeutas-ana-da-fonte-e-paulo-fernando-de-souza\/","title":{"rendered":"A fam\u00edlia \u00e9 tema de palestra dia 19\/11 no Horizonte, com os terapeutas Ana da Fonte e Paulo Fernando de Souza"},"content":{"rendered":"<p style=\"text-align: center;\"><img decoding=\"async\" loading=\"lazy\" class=\"wp-image-22780 alignleft\" alt=\"terapia familiar recife\" src=\"http:\/\/portalfloresnoar.com\/floresnoar\/wp-content\/uploads\/2015\/11\/terapia-familiar-recife.gif\" width=\"360\" height=\"208\" \/><\/p>\n<p>Com a proposta cient\u00edfica e cultural de construir novos caminhos e integrar profissionais das diversas \u00e1reas da Terapia da Fam\u00edlia, Sa\u00fade Mental e Comunit\u00e1ria, a <a href=\"http:\/\/www.apetef.com\/\" target=\"_blank\">APETEF (Associa\u00e7\u00e3o Pernambucana de Terapia Familiar)<\/a> realiza no dia 19 de novembro a palestra &#8216;A fam\u00edlia faz a gente. Que fam\u00edlia a gente faz?&#8217; O encontro ser\u00e1 \u00e0s 19h30, no Horizonte Desenvolvimento Humano, no Po\u00e7o da Panela.<\/p>\n<p>&nbsp;<\/p>\n<p>PALESTRANTES<br \/>\n<strong>Ana da Fonte<\/strong> &#8211; terapeuta Sist\u00eamica, consteladora Familiar<br \/>\n<strong>Paulo Fernando de Souza<\/strong> &#8211; psicanalista e terapeuta de Fam\u00edlia<\/p>\n<p>DATA: 19 de novembro de 2015<br \/>\nHORA: 19h30<br \/>\nLOCAL: Horizonte Desenvolvimento Humano &#8211; Rua Joaquim Xavier de Andrade, 117 \u2013 Po\u00e7o da Panela, Recife\/PE<br \/>\nFones: (81) 3268-6588\/ 98863.4708<\/p>\n<p>As vagas s\u00e3o limitadas. \u00c9 necess\u00e1rio confirmar presen\u00e7a por telefone.<\/p>\n","protected":false},"excerpt":{"rendered":"<p>Com a proposta cient\u00edfica e cultural de construir novos caminhos e integrar profissionais das diversas \u00e1reas da Terapia da Fam\u00edlia, Sa\u00fade Mental e Comunit\u00e1ria, a APETEF (Associa\u00e7\u00e3o Pernambucana de Terapia Familiar) realiza no dia 19 de novembro a palestra &#8216;A fam\u00edlia faz a gente. Que fam\u00edlia a gente faz?&#8217; O encontro ser\u00e1 \u00e0s 19h30, no [&hellip;]<\/p>\n","protected":false},"author":1,"featured_media":22780,"comment_status":"open","ping_status":"open","sticky":false,"template":"","format":"standard","meta":{"om_disable_all_campaigns":false,"_monsterinsights_skip_tracking":false,"_monsterinsights_sitenote_active":false,"_monsterinsights_sitenote_note":"","_monsterinsights_sitenote_category":0,"footnotes":""},"categories":[8,214],"tags":[287],"acf":[],"publishpress_future_action":{"enabled":false,"date":"1969-12-31 21:00:00","action":"","terms":[],"taxonomy":"","browser_timezone_offset":0},"_links":{"self":[{"href":"https:\/\/portalfloresnoar.com\/floresnoar\/wp-json\/wp\/v2\/posts\/22779"}],"collection":[{"href":"https:\/\/portalfloresnoar.com\/floresnoar\/wp-json\/wp\/v2\/posts"}],"about":[{"href":"https:\/\/portalfloresnoar.com\/floresnoar\/wp-json\/wp\/v2\/types\/post"}],"author":[{"embeddable":true,"href":"https:\/\/portalfloresnoar.com\/floresnoar\/wp-json\/wp\/v2\/users\/1"}],"replies":[{"embeddable":true,"href":"https:\/\/portalfloresnoar.com\/floresnoar\/wp-json\/wp\/v2\/comments?post=22779"}],"version-history":[{"count":0,"href":"https:\/\/portalfloresnoar.com\/floresnoar\/wp-json\/wp\/v2\/posts\/22779\/revisions"}],"wp:featuredmedia":[{"embeddable":true,"href":"https:\/\/portalfloresnoar.com\/floresnoar\/wp-json\/wp\/v2\/media\/22780"}],"wp:attachment":[{"href":"https:\/\/portalfloresnoar.com\/floresnoar\/wp-json\/wp\/v2\/media?parent=22779"}],"wp:term":[{"taxonomy":"category","embeddable":true,"href":"https:\/\/portalfloresnoar.com\/floresnoar\/wp-json\/wp\/v2\/categories?post=22779"},{"taxonomy":"post_tag","embeddable":true,"href":"https:\/\/portalfloresnoar.com\/floresnoar\/wp-json\/wp\/v2\/tags?post=22779"}],"curies":[{"name":"wp","href":"https:\/\/api.w.org\/{rel}","templated":true}]}}