

{"id":22775,"date":"2015-09-03T16:29:05","date_gmt":"2015-09-03T19:29:05","guid":{"rendered":"http:\/\/portalfloresnoar.com\/floresnoar\/?p=22775"},"modified":"2015-11-25T15:59:19","modified_gmt":"2015-11-25T18:59:19","slug":"leitura-de-aura-solidaria-dia-2411-no-gerar","status":"publish","type":"post","link":"https:\/\/portalfloresnoar.com\/floresnoar\/leitura-de-aura-solidaria-dia-2411-no-gerar\/","title":{"rendered":"Leitura de Aura Solid\u00e1ria dia 24\/11 no Gerar"},"content":{"rendered":"<p><img decoding=\"async\" loading=\"lazy\" class=\"aligncenter size-full wp-image-22776\" alt=\"leitura de aura recife\" src=\"http:\/\/portalfloresnoar.com\/floresnoar\/wp-content\/uploads\/2015\/11\/leitura-de-aura-recife.jpg\" width=\"626\" height=\"885\" srcset=\"https:\/\/portalfloresnoar.com\/floresnoar\/wp-content\/uploads\/2015\/11\/leitura-de-aura-recife.jpg 626w, https:\/\/portalfloresnoar.com\/floresnoar\/wp-content\/uploads\/2015\/11\/leitura-de-aura-recife-212x300.jpg 212w\" sizes=\"(max-width: 626px) 100vw, 626px\" \/><\/p>\n<p>No dia 24 de novembro (ter\u00e7a-feira), das 19h \u00e0s 22h, no Espa\u00e7o Gerar, haver\u00e1 o Encontro Leitura de Aura Solid\u00e1ria, promovido pelo Fontes de Luz.<\/p>\n<p>A Aura \u00e9 um campo energ\u00e9tico que guarda a ess\u00eancia de cada pessoa com todas as suas informa\u00e7\u00f5es, e atrav\u00e9s da leitura deste campo energ\u00e9tico \u2013 a Leitura de Aura \u2013 o estado interior \u00e9 revelado: emo\u00e7\u00f5es, pensamentos, bloqueios e potenciais.<\/p>\n<p>As Leituras de Aura s\u00e3o individuais e t\u00eam dura\u00e7\u00e3o de 30 minutos.<\/p>\n<p>Os interessados devem fazer as inscri\u00e7\u00f5es previamente atrav\u00e9s do e-mail contato@fontesdeluz.com.br.<\/p>\n<p>\u00c9 sugerida a contribui\u00e7\u00e3o de R$ 25,00. As vagas s\u00e3o limitadas!<\/p>\n<p>MAIS INFORMA\u00c7\u00d5ES<br \/>\n<strong>E-mail:<\/strong> contato@fontesdeluz.com.br<br \/>\n<strong>Fone:<\/strong> (81) 99902.0991<br \/>\n<strong>Local:<\/strong> Espa\u00e7o Gerar, Rua Jorge de Albuquerque, 103, Casa Forte, Recife-PE. Fone: (81) 3268.1749.<\/p>\n","protected":false},"excerpt":{"rendered":"<p>No dia 24 de novembro (ter\u00e7a-feira), das 19h \u00e0s 22h, no Espa\u00e7o Gerar, haver\u00e1 o Encontro Leitura de Aura Solid\u00e1ria, promovido pelo Fontes de Luz. A Aura \u00e9 um campo energ\u00e9tico que guarda a ess\u00eancia de cada pessoa com todas as suas informa\u00e7\u00f5es, e atrav\u00e9s da leitura deste campo energ\u00e9tico \u2013 a Leitura de Aura [&hellip;]<\/p>\n","protected":false},"author":1,"featured_media":22777,"comment_status":"open","ping_status":"open","sticky":false,"template":"","format":"standard","meta":{"om_disable_all_campaigns":false,"_monsterinsights_skip_tracking":false,"_monsterinsights_sitenote_active":false,"_monsterinsights_sitenote_note":"","_monsterinsights_sitenote_category":0,"footnotes":""},"categories":[8,224,214],"tags":[246],"acf":[],"publishpress_future_action":{"enabled":false,"date":"1969-12-31 21:00:00","action":"","terms":[],"taxonomy":"","browser_timezone_offset":0},"_links":{"self":[{"href":"https:\/\/portalfloresnoar.com\/floresnoar\/wp-json\/wp\/v2\/posts\/22775"}],"collection":[{"href":"https:\/\/portalfloresnoar.com\/floresnoar\/wp-json\/wp\/v2\/posts"}],"about":[{"href":"https:\/\/portalfloresnoar.com\/floresnoar\/wp-json\/wp\/v2\/types\/post"}],"author":[{"embeddable":true,"href":"https:\/\/portalfloresnoar.com\/floresnoar\/wp-json\/wp\/v2\/users\/1"}],"replies":[{"embeddable":true,"href":"https:\/\/portalfloresnoar.com\/floresnoar\/wp-json\/wp\/v2\/comments?post=22775"}],"version-history":[{"count":0,"href":"https:\/\/portalfloresnoar.com\/floresnoar\/wp-json\/wp\/v2\/posts\/22775\/revisions"}],"wp:featuredmedia":[{"embeddable":true,"href":"https:\/\/portalfloresnoar.com\/floresnoar\/wp-json\/wp\/v2\/media\/22777"}],"wp:attachment":[{"href":"https:\/\/portalfloresnoar.com\/floresnoar\/wp-json\/wp\/v2\/media?parent=22775"}],"wp:term":[{"taxonomy":"category","embeddable":true,"href":"https:\/\/portalfloresnoar.com\/floresnoar\/wp-json\/wp\/v2\/categories?post=22775"},{"taxonomy":"post_tag","embeddable":true,"href":"https:\/\/portalfloresnoar.com\/floresnoar\/wp-json\/wp\/v2\/tags?post=22775"}],"curies":[{"name":"wp","href":"https:\/\/api.w.org\/{rel}","templated":true}]}}