

{"id":22708,"date":"2016-03-12T01:01:01","date_gmt":"2016-03-12T04:01:01","guid":{"rendered":"http:\/\/portalfloresnoar.com\/floresnoar\/?p=22708"},"modified":"2016-03-26T08:45:24","modified_gmt":"2016-03-26T11:45:24","slug":"inscricoes-abertas-para-curso-de-formacao-em-psicoterapia-reencarnacionista-e-regressao-terapeutica-no-recife","status":"publish","type":"post","link":"https:\/\/portalfloresnoar.com\/floresnoar\/inscricoes-abertas-para-curso-de-formacao-em-psicoterapia-reencarnacionista-e-regressao-terapeutica-no-recife\/","title":{"rendered":"Curso de Forma\u00e7\u00e3o em Psicoterapia Reencarnacionista e Regress\u00e3o Terap\u00eautica"},"content":{"rendered":"<p><img decoding=\"async\" loading=\"lazy\" class=\"aligncenter size-full wp-image-22709\" alt=\"curso psicoterapia reencarnacionista\" src=\"http:\/\/portalfloresnoar.com\/floresnoar\/wp-content\/uploads\/2015\/10\/curso-psicoterapia-reencarnacionista.jpg\" width=\"561\" height=\"783\" srcset=\"https:\/\/portalfloresnoar.com\/floresnoar\/wp-content\/uploads\/2015\/10\/curso-psicoterapia-reencarnacionista.jpg 561w, https:\/\/portalfloresnoar.com\/floresnoar\/wp-content\/uploads\/2015\/10\/curso-psicoterapia-reencarnacionista-214x300.jpg 214w\" sizes=\"(max-width: 561px) 100vw, 561px\" \/><\/p>\n<p>A Associa\u00e7\u00e3o Brasileira de Psicoterapia Reencarnacionista (ABPR), em parceria com o Gerar Arteterapia e Bem-Estar, inicia no dia 26 de mar\u00e7o de 2016 no Recife uma nova turma do Curso de Forma\u00e7\u00e3o em Psicoterapia Reencarnacionista e Regress\u00e3o Terap\u00eautica. As aulas ser\u00e3o ministradas pelo presidente da ABPR Mauro Kwitko e pelo psicoterapeuta Reencarnacionista Ciro Ferreira, uma vez por m\u00eas,\u00a0sempre no quarto s\u00e1bado do m\u00eas, das 8h30 \u00e0s 18h30.\u00a0A mensalidade ser\u00e1 R$ 290,00. As inscri\u00e7\u00f5es j\u00e1 est\u00e3o abertas e podem ser realizadas atrav\u00e9s do telefone: (81) 3268.1749.<\/p>\n<p>&#8220;A Psicoterapia Reencarnacionista come\u00e7ou a estruturar-se em 1996, em Porto Alegre, inicialmente comigo e gradativamente foram chegando mais terapeutas que entenderam a import\u00e2ncia da exist\u00eancia de uma psicoterapia baseada na Reencarna\u00e7\u00e3o aqui na Terra. Atualmente estamos com o Curso de Forma\u00e7\u00e3o em v\u00e1rios estados do Brasil\u201d, declara Kwitko.<\/p>\n<p>O p\u00fablico-alvo s\u00e3o profissionais e estudantes da \u00e1rea da sa\u00fade (oficias ou alternativos) e\/ou m\u00e9diuns atuantes em Centros Esp\u00edritas e Espiritualistas. O pr\u00e9-requisito \u00e9 possuir o Ensino M\u00e9dio completo. O curso forma o participante para atuar com a Psicoterapia Reencarnacionista, profissionalmente em seu consult\u00f3rio ou gratuitamente em seu Centro Esp\u00edrita ou Espiritualista.<\/p>\n<p>A Psicoterapia Reencarnacionista \u00e9 uma nova escola psicol\u00f3gica que prop\u00f5e a fus\u00e3o da Psicoterapia com a Reencarna\u00e7\u00e3o. \u201c\u00c9 a Reencarna\u00e7\u00e3o no consult\u00f3rio psicoter\u00e1pico, e visa nos ajudar a encontrar a finalidade dessa atual encarna\u00e7\u00e3o, a nossa programa\u00e7\u00e3o pr\u00e9-reencarnat\u00f3ria e alcan\u00e7armos um real aproveitamento dessa atual passagem, no sentido da evolu\u00e7\u00e3o espiritual\u201d.<\/p>\n<p>Confira entrevista completa realizada pelo Portal Flores no Ar com Mauro Kwitko sobre a Psicoterapia Reencarnacionista <span style=\"text-decoration: underline;\"><strong><a href=\"http:\/\/portalfloresnoar.com\/floresnoar\/entrevista-com-mauro-kwitko-sobre-psicoterapia-reencarnacionista-e-regressao-terapeutica\/\" target=\"_blank\">aqui<\/a><\/strong><\/span>!<\/p>\n<p>Assista <span style=\"text-decoration: underline;\"><strong><a href=\"http:\/\/portalfloresnoar.com\/floresnoar\/mauro-kwitko-fala-sobre-psicoterapia-reencarnacionista-e-o-conteudo-livro-terapia-da-reforma-intima\/\" target=\"_blank\">aqui<\/a><\/strong><\/span> a um v\u00eddeo onde Mauro Kwitko fala da Psicoterapia Reencarnacionista e o livro <em>A Terapia da Reforma \u00cdntima.<\/em><\/p>\n<p>Mais informa\u00e7\u00f5es sobre a Psicoterapia Reencarnacionista podem ser acessadas em: <a href=\"http:\/\/www.portalabpr.org\/\" target=\"_blank\">http:\/\/www.portalabpr.org\/<\/a><\/p>\n<p>SERVI\u00c7O<br \/>\n<strong>Curso de Forma\u00e7\u00e3o em Psicoterapia Reencarnacionista e Regress\u00e3o Terap\u00eautica<\/strong><br \/>\n<strong>In\u00edcio:<\/strong> 26 de mar\u00e7o de 2016 (encontros todo\u00a04\u00ba s\u00e1bado de cada m\u00eas)<br \/>\n<strong>Hor\u00e1rio:<\/strong> das 8h30 \u00e0s 18h30<\/p>\n<p><strong>Informa\u00e7\u00f5es\/Inscri\u00e7\u00f5es:<\/strong><br \/>\n<strong>Telefone:<\/strong> (81) 3268.1749<br \/>\n<strong>E-mail:<\/strong> gerararte@gmail.com<\/p>\n<p><img decoding=\"async\" loading=\"lazy\" class=\"aligncenter size-full wp-image-22710\" alt=\"psicoterapia reencarnacionista recife\" src=\"http:\/\/portalfloresnoar.com\/floresnoar\/wp-content\/uploads\/2015\/10\/psicoterapia-reencarnacionista-recife.jpg\" width=\"677\" height=\"962\" srcset=\"https:\/\/portalfloresnoar.com\/floresnoar\/wp-content\/uploads\/2015\/10\/psicoterapia-reencarnacionista-recife.jpg 677w, https:\/\/portalfloresnoar.com\/floresnoar\/wp-content\/uploads\/2015\/10\/psicoterapia-reencarnacionista-recife-211x300.jpg 211w\" sizes=\"(max-width: 677px) 100vw, 677px\" \/><\/p>\n<p><script type=\"text\/javascript\">\/\/ <![CDATA[\ngoogle_ad_client = \"ca-pub-6774921656048980\";\n    google_ad_slot = \"2987505043\";\n    google_ad_width = 468;\n    google_ad_height = 60;\n\/\/ ]]><\/script><br \/>\n<!-- banner normal --><br \/>\n<script type=\"text\/javascript\" src=\"\/\/pagead2.googlesyndication.com\/pagead\/show_ads.js\">\/\/ <![CDATA[\n\n\/\/ ]]><\/script><\/p>\n","protected":false},"excerpt":{"rendered":"<p>A Associa\u00e7\u00e3o Brasileira de Psicoterapia Reencarnacionista (ABPR), em parceria com o Gerar Arteterapia e Bem-Estar, inicia no dia 26 de mar\u00e7o de 2016 no Recife uma nova turma do Curso de Forma\u00e7\u00e3o em Psicoterapia Reencarnacionista e Regress\u00e3o Terap\u00eautica. As aulas ser\u00e3o ministradas pelo presidente da ABPR Mauro Kwitko e pelo psicoterapeuta Reencarnacionista Ciro Ferreira, uma [&hellip;]<\/p>\n","protected":false},"author":1,"featured_media":22711,"comment_status":"open","ping_status":"open","sticky":false,"template":"","format":"standard","meta":{"om_disable_all_campaigns":false,"_monsterinsights_skip_tracking":false,"_monsterinsights_sitenote_active":false,"_monsterinsights_sitenote_note":"","_monsterinsights_sitenote_category":0,"footnotes":""},"categories":[8,224,214],"tags":[158],"acf":[],"publishpress_future_action":{"enabled":false,"date":"1969-12-31 21:00:00","action":"","terms":[],"taxonomy":"","browser_timezone_offset":0},"_links":{"self":[{"href":"https:\/\/portalfloresnoar.com\/floresnoar\/wp-json\/wp\/v2\/posts\/22708"}],"collection":[{"href":"https:\/\/portalfloresnoar.com\/floresnoar\/wp-json\/wp\/v2\/posts"}],"about":[{"href":"https:\/\/portalfloresnoar.com\/floresnoar\/wp-json\/wp\/v2\/types\/post"}],"author":[{"embeddable":true,"href":"https:\/\/portalfloresnoar.com\/floresnoar\/wp-json\/wp\/v2\/users\/1"}],"replies":[{"embeddable":true,"href":"https:\/\/portalfloresnoar.com\/floresnoar\/wp-json\/wp\/v2\/comments?post=22708"}],"version-history":[{"count":0,"href":"https:\/\/portalfloresnoar.com\/floresnoar\/wp-json\/wp\/v2\/posts\/22708\/revisions"}],"wp:featuredmedia":[{"embeddable":true,"href":"https:\/\/portalfloresnoar.com\/floresnoar\/wp-json\/wp\/v2\/media\/22711"}],"wp:attachment":[{"href":"https:\/\/portalfloresnoar.com\/floresnoar\/wp-json\/wp\/v2\/media?parent=22708"}],"wp:term":[{"taxonomy":"category","embeddable":true,"href":"https:\/\/portalfloresnoar.com\/floresnoar\/wp-json\/wp\/v2\/categories?post=22708"},{"taxonomy":"post_tag","embeddable":true,"href":"https:\/\/portalfloresnoar.com\/floresnoar\/wp-json\/wp\/v2\/tags?post=22708"}],"curies":[{"name":"wp","href":"https:\/\/api.w.org\/{rel}","templated":true}]}}