

{"id":22698,"date":"2015-09-24T22:00:57","date_gmt":"2015-09-25T01:00:57","guid":{"rendered":"http:\/\/portalfloresnoar.com\/floresnoar\/?p=22698"},"modified":"2015-11-10T12:10:19","modified_gmt":"2015-11-10T15:10:19","slug":"poesia-e-musica-animam-o-dia-das-bruxas-em-vitoria-de-santo-antao","status":"publish","type":"post","link":"https:\/\/portalfloresnoar.com\/floresnoar\/poesia-e-musica-animam-o-dia-das-bruxas-em-vitoria-de-santo-antao\/","title":{"rendered":"Poesia e m\u00fasica animam o Dia das Bruxas em Vit\u00f3ria de Santo Ant\u00e3o"},"content":{"rendered":"<p><img decoding=\"async\" loading=\"lazy\" class=\"aligncenter size-full wp-image-22699\" alt=\"as bruxas de santo ant\u00e3o\" src=\"http:\/\/portalfloresnoar.com\/floresnoar\/wp-content\/uploads\/2015\/10\/as-bruxas-de-santo-ant\u00e3o.jpg\" width=\"480\" height=\"389\" srcset=\"https:\/\/portalfloresnoar.com\/floresnoar\/wp-content\/uploads\/2015\/10\/as-bruxas-de-santo-ant\u00e3o.jpg 480w, https:\/\/portalfloresnoar.com\/floresnoar\/wp-content\/uploads\/2015\/10\/as-bruxas-de-santo-ant\u00e3o-300x243.jpg 300w\" sizes=\"(max-width: 480px) 100vw, 480px\" \/><\/p>\n<p style=\"text-align: right;\"><em>\u201cAs bruxas estar\u00e3o soltas em b\u00e1lsamo de vaporiza\u00e7\u00e3o. O Saci no p\u00e9 de vento solta suas peraltices na sombra com cachimbo no imaculado brilho c\u00e2ndido da Lua cheia.\u201d<\/em><\/p>\n<p>No pr\u00f3ximo s\u00e1bado, dia 31 de outubro, acontece a primeira edi\u00e7\u00e3o do encontro po\u00e9tico-musical &#8216;As Bruxas de Santo Ant\u00e3o&#8217;. As apresenta\u00e7\u00f5es ser\u00e3o realizadas a partir das 19h no Instituto Hist\u00f3rico de Vit\u00f3ria de Santo Ant\u00e3o. A entrada \u00e9 gratuita.<\/p>\n<p>O evento marca o lan\u00e7amento do cordel &#8216;S\u00e3o luzes de um passado vivido por Santo Ant\u00e3o&#8217; de autoria do poeta vitoriense Rildo de Deus. O llvreto \u00e9 inspirado em diversas imagens sobre &#8216;As Tenta\u00e7\u00f5es de Santo Ant\u00e3o&#8217;, sobretudo na literatura.<\/p>\n<p>Haver\u00e1 tamb\u00e9m poesia e m\u00fasica com Ana\u00edra Mahin &amp; Rildo de Deus, Lu Rabelo &amp; Antonio de Hollanda, Zeca Viana, Os Filhos da Inven\u00e7\u00e3o, OVME, Paola Cabrita, Geg\u00ea Bonsai e Tchida (Cabo Verde).<\/p>\n<p><strong>Evento no facebook:<\/strong>\u00a0<a href=\"https:\/\/www.facebook.com\/events\/553754898110729\/\" target=\"_blank\">https:\/\/www.facebook.com\/events\/553754898110729\/<\/a><\/p>\n<p>SERVI\u00c7O<br \/>\n<strong>As Bruxas de Santo Ant\u00e3o<\/strong><br \/>\n<strong>Dia:<\/strong> 31.10.2015 (s\u00e1bado)<br \/>\n<strong>Hora:<\/strong> das 19h \u00e0s 22h<br \/>\n<strong>Local:<\/strong> Instituto Hist\u00f3rico de Vit\u00f3ria de Santo Ant\u00e3o<\/p>\n","protected":false},"excerpt":{"rendered":"<p>\u201cAs bruxas estar\u00e3o soltas em b\u00e1lsamo de vaporiza\u00e7\u00e3o. O Saci no p\u00e9 de vento solta suas peraltices na sombra com cachimbo no imaculado brilho c\u00e2ndido da Lua cheia.\u201d No pr\u00f3ximo s\u00e1bado, dia 31 de outubro, acontece a primeira edi\u00e7\u00e3o do encontro po\u00e9tico-musical &#8216;As Bruxas de Santo Ant\u00e3o&#8217;. As apresenta\u00e7\u00f5es ser\u00e3o realizadas a partir das 19h [&hellip;]<\/p>\n","protected":false},"author":1,"featured_media":22700,"comment_status":"open","ping_status":"open","sticky":false,"template":"","format":"standard","meta":{"om_disable_all_campaigns":false,"_monsterinsights_skip_tracking":false,"_monsterinsights_sitenote_active":false,"_monsterinsights_sitenote_note":"","_monsterinsights_sitenote_category":0,"footnotes":""},"categories":[8,214],"tags":[125],"acf":[],"publishpress_future_action":{"enabled":false,"date":"1969-12-31 21:00:00","action":"","terms":[],"taxonomy":"","browser_timezone_offset":0},"_links":{"self":[{"href":"https:\/\/portalfloresnoar.com\/floresnoar\/wp-json\/wp\/v2\/posts\/22698"}],"collection":[{"href":"https:\/\/portalfloresnoar.com\/floresnoar\/wp-json\/wp\/v2\/posts"}],"about":[{"href":"https:\/\/portalfloresnoar.com\/floresnoar\/wp-json\/wp\/v2\/types\/post"}],"author":[{"embeddable":true,"href":"https:\/\/portalfloresnoar.com\/floresnoar\/wp-json\/wp\/v2\/users\/1"}],"replies":[{"embeddable":true,"href":"https:\/\/portalfloresnoar.com\/floresnoar\/wp-json\/wp\/v2\/comments?post=22698"}],"version-history":[{"count":0,"href":"https:\/\/portalfloresnoar.com\/floresnoar\/wp-json\/wp\/v2\/posts\/22698\/revisions"}],"wp:featuredmedia":[{"embeddable":true,"href":"https:\/\/portalfloresnoar.com\/floresnoar\/wp-json\/wp\/v2\/media\/22700"}],"wp:attachment":[{"href":"https:\/\/portalfloresnoar.com\/floresnoar\/wp-json\/wp\/v2\/media?parent=22698"}],"wp:term":[{"taxonomy":"category","embeddable":true,"href":"https:\/\/portalfloresnoar.com\/floresnoar\/wp-json\/wp\/v2\/categories?post=22698"},{"taxonomy":"post_tag","embeddable":true,"href":"https:\/\/portalfloresnoar.com\/floresnoar\/wp-json\/wp\/v2\/tags?post=22698"}],"curies":[{"name":"wp","href":"https:\/\/api.w.org\/{rel}","templated":true}]}}