

{"id":22680,"date":"2015-08-23T09:51:10","date_gmt":"2015-08-23T12:51:10","guid":{"rendered":"http:\/\/portalfloresnoar.com\/floresnoar\/?p=22680"},"modified":"2015-11-10T12:12:30","modified_gmt":"2015-11-10T15:12:30","slug":"ceu-e-inferno-sao-temas-do-seminario-pazear-dia-811","status":"publish","type":"post","link":"https:\/\/portalfloresnoar.com\/floresnoar\/ceu-e-inferno-sao-temas-do-seminario-pazear-dia-811\/","title":{"rendered":"C\u00e9u e inferno s\u00e3o temas do Semin\u00e1rio Pazear dia 8\/11"},"content":{"rendered":"<p><img decoding=\"async\" loading=\"lazy\" class=\"aligncenter size-full wp-image-22681\" alt=\"pazear\" src=\"http:\/\/portalfloresnoar.com\/floresnoar\/wp-content\/uploads\/2015\/10\/pazear.jpg\" width=\"852\" height=\"537\" srcset=\"https:\/\/portalfloresnoar.com\/floresnoar\/wp-content\/uploads\/2015\/10\/pazear.jpg 852w, https:\/\/portalfloresnoar.com\/floresnoar\/wp-content\/uploads\/2015\/10\/pazear-300x189.jpg 300w\" sizes=\"(max-width: 852px) 100vw, 852px\" \/><\/p>\n<p>J\u00e1 est\u00e3o \u00e0 venda os ingressos para o Semin\u00e1rio Pazear ano 9, que ser\u00e1 realizado no dia 8 de novembro, no Teatro Boa Vista. O tema central: \u201cC\u00e9u e Inferno: Mito ou Realidade\u201d, ser\u00e1 abordado sob os pontos de vista: \u201cA Investiga\u00e7\u00e3o da Ci\u00eancia\u201d, \u201cA Reflex\u00e3o da Filosofia\u201d, \u201cO Direcionamento da Religi\u00e3o\u201d, \u201cO Medo da Morte\u201d e \u201cA Justi\u00e7a Divina\u201d. Os palestrantes ser\u00e3o Alexandre Barros (PE), Andr\u00e9 Ramos (SP) e Ricardo Ferreira (BA). O encontro, promovido pelo Grupo Esp\u00edrita Francisco de Assis (GEFA), \u00e9 aberto \u00e0 participa\u00e7\u00e3o de todos os interessados na tem\u00e1tica. A programa\u00e7\u00e3o inclui ainda momentos de arte e o lan\u00e7amento do CD Crian\u00e7a Feliz.<\/p>\n<p>Os pais acompanhados de crian\u00e7as entre 5 e 11 anos ter\u00e3o a op\u00e7\u00e3o de lev\u00e1-las para o Pazear Mirim ano 5, que ser\u00e1 realizado no mesmo local, com pr\u00e9-agendamento e limite de vagas. O ingresso custa R$ 20,00 e j\u00e1 pode ser adquirido no Gefa (Piedade), Federa\u00e7\u00e3o Esp\u00edrita Pernambucana (Espinheiro), Banca Esp\u00edrita (Centro), livraria Renascer (Centro), loja Flag (Shopping Recife), Akakaia Cosm\u00e9ticos (Espinheiro) e na Cl\u00ednica Veterin\u00e1ria Dr. Jo\u00e3o Em\u00edlio (Casa Caiada &#8211; Olinda). Toda a renda ser\u00e1 revertida para o Lar de Clara, institui\u00e7\u00e3o filantr\u00f3pica que atende crian\u00e7as e adolescentes em situa\u00e7\u00e3o de risco social. Haver\u00e1 transporte gratuito, partindo da Pracinha de Boa Viagem e de Olinda. Contatos para informa\u00e7\u00f5es: 99182.7908 (Claro), 99913.0914 (TIM) ou 98699.2430 (OI).<\/p>\n<p>SERVI\u00c7O<br \/>\n<strong>Semin\u00e1rio Pazear ano 9 \u2013 C\u00e9u e Inferno: Mito ou Realidade<\/strong><br \/>\nOnde: Teatro Boa Vista &#8211; Rua Dom Bosco, 551, Recife &#8211; PE<br \/>\nQuando: 08 de novembro de 2015 \u2013 das 8 \u00e0s 17 horas<br \/>\nP\u00fablico: Qualquer pessoa interessada no tema<br \/>\nEntrada: R$ 20,00<br \/>\nInforma\u00e7\u00f5es: (81) 99182.7908 (Claro), (81) 99913.0914 (TIM) ou (81) 98699.2430 (OI).<\/p>\n<p><em><strong>Informa\u00e7\u00f5es sobre o Gefa e o Lar de Clara<\/strong><\/em><br \/>\nO Grupo Esp\u00edrita Francisco de Assis \u2013 Gefa tem 29 anos de exist\u00eancia. Est\u00e1 situado na Rua Jos\u00e9 F\u00e9lix Damasceno, 94, Piedade, Jaboat\u00e3o dos Guararapes, PE. Fone: 3462.7522. Trabalhando a evangeliza\u00e7\u00e3o do Ser, o Gefa desenvolve a\u00e7\u00f5es solid\u00e1rias. Tamb\u00e9m fundou e mant\u00e9m as atividades do Lar de Clara.<\/p>\n<p>O Lar de Clara, que completa onze anos neste m\u00eas de setembro de 2015, desenvolve um importante trabalho de inclus\u00e3o social, oferecendo educa\u00e7\u00e3o, acompanhamento m\u00e9dico e psicossocial a crian\u00e7as e jovens que vivem em situa\u00e7\u00e3o de vulnerabilidade social e pessoal. Os alunos s\u00e3o atendidos de segunda a sexta, das 8h \u00e0s 17h, nas duas unidades da institui\u00e7\u00e3o (Piedade e Pontezinha), com aulas de educa\u00e7\u00e3o infantil e ensino fundamental, refor\u00e7o escolar, esportes e cidadania. Al\u00e9m disso, participam de oficinas culturais, artes, m\u00fasica, artes c\u00eanicas, capoeira, entre outras e recebem cinco refei\u00e7\u00f5es di\u00e1rias. O trabalho do Lar de Clara n\u00e3o se restringe ao atendimento das mais de 260 crian\u00e7as (unidade de Pontezinha) e 80 jovens (unidade Piedade). As m\u00e3es dos alunos e mulheres de ambas as comunidades participam de cursos profissionalizantes de cabeleireiro, croch\u00ea e tric\u00f4, manicure, bonecas artesanais e artesanatos diversos. Este ano passaram a contar com um novo curso, de maquiagem. O Lar de Clara \u00e9 mantido gra\u00e7as \u00e0 uni\u00e3o de esfor\u00e7os de muitas empresas, parcerias com a Prefeitura do Cabo de Santo Agostinho, Governo do Estado, apadrinhamento de suas crian\u00e7as, campanhas, doa\u00e7\u00f5es, eventos e a contribui\u00e7\u00e3o de muitos volunt\u00e1rios.<br \/>\nEndere\u00e7os: N\u00facleo Infantil e Administrativo- Rua da Matriz, s\/n, Pontezinha, Cabo de Santo Agostinho, fone (81) 3479.4081 e N\u00facleo Adolescente- Rua Antonio de Farias, 445 &#8211; Piedade &#8211; Jaboat\u00e3o dos Guararapes, PE, fone (81) 3343.7980.<\/p>\n<p>Site:<a href=\"http:\/\/www.lardeclara-pe.org.br\" target=\"_blank\"> www.lardeclara-pe.org.br<\/a><\/p>\n","protected":false},"excerpt":{"rendered":"<p>J\u00e1 est\u00e3o \u00e0 venda os ingressos para o Semin\u00e1rio Pazear ano 9, que ser\u00e1 realizado no dia 8 de novembro, no Teatro Boa Vista. O tema central: \u201cC\u00e9u e Inferno: Mito ou Realidade\u201d, ser\u00e1 abordado sob os pontos de vista: \u201cA Investiga\u00e7\u00e3o da Ci\u00eancia\u201d, \u201cA Reflex\u00e3o da Filosofia\u201d, \u201cO Direcionamento da Religi\u00e3o\u201d, \u201cO Medo da [&hellip;]<\/p>\n","protected":false},"author":1,"featured_media":22681,"comment_status":"open","ping_status":"open","sticky":false,"template":"","format":"standard","meta":{"om_disable_all_campaigns":false,"_monsterinsights_skip_tracking":false,"_monsterinsights_sitenote_active":false,"_monsterinsights_sitenote_note":"","_monsterinsights_sitenote_category":0,"footnotes":""},"categories":[8,214],"tags":[285],"acf":[],"publishpress_future_action":{"enabled":false,"date":"1969-12-31 21:00:00","action":"","terms":[],"taxonomy":"","browser_timezone_offset":0},"_links":{"self":[{"href":"https:\/\/portalfloresnoar.com\/floresnoar\/wp-json\/wp\/v2\/posts\/22680"}],"collection":[{"href":"https:\/\/portalfloresnoar.com\/floresnoar\/wp-json\/wp\/v2\/posts"}],"about":[{"href":"https:\/\/portalfloresnoar.com\/floresnoar\/wp-json\/wp\/v2\/types\/post"}],"author":[{"embeddable":true,"href":"https:\/\/portalfloresnoar.com\/floresnoar\/wp-json\/wp\/v2\/users\/1"}],"replies":[{"embeddable":true,"href":"https:\/\/portalfloresnoar.com\/floresnoar\/wp-json\/wp\/v2\/comments?post=22680"}],"version-history":[{"count":0,"href":"https:\/\/portalfloresnoar.com\/floresnoar\/wp-json\/wp\/v2\/posts\/22680\/revisions"}],"wp:featuredmedia":[{"embeddable":true,"href":"https:\/\/portalfloresnoar.com\/floresnoar\/wp-json\/wp\/v2\/media\/22681"}],"wp:attachment":[{"href":"https:\/\/portalfloresnoar.com\/floresnoar\/wp-json\/wp\/v2\/media?parent=22680"}],"wp:term":[{"taxonomy":"category","embeddable":true,"href":"https:\/\/portalfloresnoar.com\/floresnoar\/wp-json\/wp\/v2\/categories?post=22680"},{"taxonomy":"post_tag","embeddable":true,"href":"https:\/\/portalfloresnoar.com\/floresnoar\/wp-json\/wp\/v2\/tags?post=22680"}],"curies":[{"name":"wp","href":"https:\/\/api.w.org\/{rel}","templated":true}]}}