

{"id":22666,"date":"2015-08-21T09:22:28","date_gmt":"2015-08-21T12:22:28","guid":{"rendered":"http:\/\/portalfloresnoar.com\/floresnoar\/?p=22666"},"modified":"2015-11-10T12:13:16","modified_gmt":"2015-11-10T15:13:16","slug":"substancia-fosfoetanolamina-usada-na-cura-do-cancer-sera-defendida-em-simposio-internacional-em-brasilia","status":"publish","type":"post","link":"https:\/\/portalfloresnoar.com\/floresnoar\/substancia-fosfoetanolamina-usada-na-cura-do-cancer-sera-defendida-em-simposio-internacional-em-brasilia\/","title":{"rendered":"Subst\u00e2ncia fosfoetanolamina usada na cura do c\u00e2ncer ser\u00e1 defendida em simp\u00f3sio internacional em Bras\u00edlia"},"content":{"rendered":"<p><span style=\"line-height: 1.71429; letter-spacing: 0em;\">A disserta\u00e7\u00e3o de mestrado do m\u00e9dico e bioengenheiro Renato Meneguelo que est\u00e1 publicada no cat\u00e1logo da USP sobre pesquisa de cura do c\u00e2ncer com a fosfoetanolamina ser\u00e1 apresentada durante o IV Simp\u00f3sio Internacional de Sa\u00fade Qu\u00e2ntica e Qualidade de Vida, em Bras\u00edlia, entre os dias 30 e 01 de novembro. Os diversos relatos de uso com sucesso da subst\u00e2ncia revolucion\u00e1ria e as liminares concedidas a pacientes portadores de c\u00e2ncer levou o coordenador do maior evento de Sa\u00fade Qu\u00e2ntica do mundo, Wallace Lima, a convidar os m\u00e9dicos respons\u00e1veis pela tese, Renato Meneguelo (autor) e Gilberto Orivaldo Chierice (orientador), ambos da Universidade de S\u00e3o Paulo (USP) a expor o artigo nessa vitrine de cientistas, m\u00e9dicos e terapeutas qu\u00e2nticos internacionais.<\/span><\/p>\n<p>\u201cDevido \u00e0 relev\u00e2ncia do tema resolvemos convid\u00e1-los para participar do simp\u00f3sio por compreendermos que a descoberta da subst\u00e2ncia aponta para encontrarmos uma solu\u00e7\u00e3o para o c\u00e2ncer, imitando uma subst\u00e2ncia que j\u00e1 \u00e9 presente no organismo humano e que sinaliza c\u00e9lulas cancerosas para a remo\u00e7\u00e3o delas pelo sistema imunol\u00f3gico, ou seja, de forma natural\u201d, explica Wallace Lima\u201d. O link da tese \u00e9 o <a href=\"http:\/\/www.teses.usp.br\/teses\/disponiveis\/82\/82131\/tde-12022008-135651\/pt-br.php\" target=\"_blank\">http:\/\/www.teses.usp.br\/teses\/disponiveis\/82\/82131\/tde-12022008-135651\/pt-br.php<\/a><\/p>\n<p>Apesar de pol\u00eamica, a causa vem conquistando a simpatia dos profissionais da &#8216;Sa\u00fade Qu\u00e2ntica&#8217;, cujo modelo anuncia uma nova cultura em sa\u00fade, mais integrativa e acess\u00edvel aos seus adeptos. A distribui\u00e7\u00e3o e o uso da subst\u00e2ncia fosfoetanolamina vem sendo considerada pelo terapeuta qu\u00e2ntico e professor organizador do evento, Wallace Lima, uma vit\u00f3ria sobre a ind\u00fastria farmac\u00eautica, que segundo ele, vai continuar criando resist\u00eancia \u00e0 libera\u00e7\u00e3o dos testes finais e a libera\u00e7\u00e3o pela Anvisa, j\u00e1 que reduzir\u00e1 o lucro para os fabricantes dos rem\u00e9dios j\u00e1 existentes no mercado. \u201cA identifica\u00e7\u00e3o dos m\u00e9dicos, pesquisadores e cientistas da Sa\u00fade Qu\u00e2ntica com a causa se d\u00e1 principalmente porque a pesquisa da USP estimula a defesa natural do corpo\u201d, refor\u00e7a.<\/p>\n<p>Wallace Lima defende que estar\u00e1 promovendo, no evento, a reflex\u00e3o sobre a resist\u00eancia quanto \u00e0 distribui\u00e7\u00e3o da fosfoetanolamina, porque a pesquisa que atestaria oficialmente a efic\u00e1cia da subst\u00e2ncia precisa ir para a fase cl\u00ednica, que \u00e9 a de testes em humanos, apesar de tantos casos j\u00e1 identificados de cura total. \u201cEste \u00e9 o apelo do m\u00e9dico respons\u00e1vel pela pesquisa, o Renato Meneguelo\u201d, aponta. O terapeuta alerta para o fato de que os v\u00e1rios relatos de cura tem convencido at\u00e9 o magistrado brasileiro a facilitar o acesso por meio de liminar, uma vez que ainda n\u00e3o existe a possibilidade de comercializa\u00e7\u00e3o das c\u00e1psulas, cujo custo \u00e9 apenas de dez centavos cada.<\/p>\n<p>Ele lembra as recentes decis\u00f5es judiciais que permitir\u00e3o o envio das c\u00e1psulas a todos os 742 pacientes que procuraram direto da USP. \u201cRecentemente, tamb\u00e9m o ministro Edson Fachin, do Supremo Tribunal Federal (STF) liberou o uso de fosfoetanolamina a uma paciente do Rio de Janeiro, afirmando que foi em car\u00e1ter excepcional por se tratar de paciente terminal\u201d, completou.<\/p>\n<p>Wallace lamentou o apelo ao STJ que a Sociedade Brasileira de Oncologia Cl\u00ednica pretende fazer para impedir a distribui\u00e7\u00e3o do medicamento, que segundo ele, j\u00e1 deveria ter tido a aprova\u00e7\u00e3o da Anvisa para os testes finais, atendendo \u00e0 vontade da sociedade e de pacientes dispostos a aderir ao tratamento, mesmo em fase experimental. &#8220;Sabemos da import\u00e2ncia dos protocolos m\u00e9dicos e cient\u00edficos como requisitos para a libera\u00e7\u00e3o de qualquer medicamento e por isto estaremos fomentando este debate em \u00e2mbito internacional\u201d, sentencia.<\/p>\n<p><strong>Simp\u00f3sio de Sa\u00fade Qu\u00e2ntica <\/strong><\/p>\n<p>O IV Simp\u00f3sio Internacional de Sa\u00fade Qu\u00e2ntica e Qualidade de Vida vai receber trabalhos cient\u00edficos avaliados por professores da USP e da UNIFESP. O evento tem o prop\u00f3sito de divulgar novas t\u00e9cnicas e tecnologias de cura qu\u00e2ntica; sensibilizar a sociedade para a import\u00e2ncia de se investir em pesquisas nessa \u00e1rea; capacitar os participantes em conhecimentos espec\u00edficos e t\u00e9cnicas no campo da sa\u00fade qu\u00e2ntica.<\/p>\n<p>Ser\u00e3o temas do Simp\u00f3sio, a Fitoenerg\u00e9tica, um sistema de cura natural in\u00e9dito no mundo, que tem base na energia vibracional, n\u00e3o somente qu\u00edmica ou fitoter\u00e1pica contida nas plantas. As terapias energ\u00e9ticas curativas do Oriente e Ocidente, como a Acupuntura, Homeopatia, a Medicina dos Chakras, a Medicina Ayurv\u00e9dica e Chinesa, bem como as evid\u00eancias da Medicina Mente-Corpo. Conceitos que ensinam como lidar com emo\u00e7\u00f5es negativas, al\u00e9m de avan\u00e7os recentes da F\u00edsica e Biof\u00edsica da Luz.<\/p>\n<p>A &#8216;Sa\u00fade Qu\u00e2ntica&#8217; \u00e9 uma nova abordagem em sa\u00fade, que busca contemplar o ser humano em todas as suas dimens\u00f5es: f\u00edsica, mental, emocional e espiritual. O organizador, o professor Wallace Liima, \u00e9 ganhador da medalha Noetic Medal for Counsciousness and Brain Research, concedida a cientistas por importantes contribui\u00e7\u00f5es \u00e0 Ci\u00eancia ligadas a pesquisa da consci\u00eancia e c\u00e9rebro. O evento acontecer\u00e1 no Centro de Conven\u00e7\u00f5es Ulysses Guimar\u00e3es e as inscri\u00e7\u00f5es j\u00e1 podem ser feitas pelo link:\u00a0<span style=\"text-decoration: underline;\"><a href=\"http:\/\/hotmart.net.br\/show.html?a=W3105928L\" target=\"_blank\">http:\/\/hotmart.net.br\/show.html?a=W3105928L<\/a><\/span>.<\/p>\n","protected":false},"excerpt":{"rendered":"<p>A disserta\u00e7\u00e3o de mestrado do m\u00e9dico e bioengenheiro Renato Meneguelo que est\u00e1 publicada no cat\u00e1logo da USP sobre pesquisa de cura do c\u00e2ncer com a fosfoetanolamina ser\u00e1 apresentada durante o IV Simp\u00f3sio Internacional de Sa\u00fade Qu\u00e2ntica e Qualidade de Vida, em Bras\u00edlia, entre os dias 30 e 01 de novembro. Os diversos relatos de uso [&hellip;]<\/p>\n","protected":false},"author":1,"featured_media":22667,"comment_status":"open","ping_status":"open","sticky":false,"template":"","format":"standard","meta":{"om_disable_all_campaigns":false,"_monsterinsights_skip_tracking":false,"_monsterinsights_sitenote_active":false,"_monsterinsights_sitenote_note":"","_monsterinsights_sitenote_category":0,"footnotes":""},"categories":[8,214],"tags":[284,25],"acf":[],"publishpress_future_action":{"enabled":false,"date":"1969-12-31 21:00:00","action":"","terms":[],"taxonomy":"","browser_timezone_offset":0},"_links":{"self":[{"href":"https:\/\/portalfloresnoar.com\/floresnoar\/wp-json\/wp\/v2\/posts\/22666"}],"collection":[{"href":"https:\/\/portalfloresnoar.com\/floresnoar\/wp-json\/wp\/v2\/posts"}],"about":[{"href":"https:\/\/portalfloresnoar.com\/floresnoar\/wp-json\/wp\/v2\/types\/post"}],"author":[{"embeddable":true,"href":"https:\/\/portalfloresnoar.com\/floresnoar\/wp-json\/wp\/v2\/users\/1"}],"replies":[{"embeddable":true,"href":"https:\/\/portalfloresnoar.com\/floresnoar\/wp-json\/wp\/v2\/comments?post=22666"}],"version-history":[{"count":0,"href":"https:\/\/portalfloresnoar.com\/floresnoar\/wp-json\/wp\/v2\/posts\/22666\/revisions"}],"wp:featuredmedia":[{"embeddable":true,"href":"https:\/\/portalfloresnoar.com\/floresnoar\/wp-json\/wp\/v2\/media\/22667"}],"wp:attachment":[{"href":"https:\/\/portalfloresnoar.com\/floresnoar\/wp-json\/wp\/v2\/media?parent=22666"}],"wp:term":[{"taxonomy":"category","embeddable":true,"href":"https:\/\/portalfloresnoar.com\/floresnoar\/wp-json\/wp\/v2\/categories?post=22666"},{"taxonomy":"post_tag","embeddable":true,"href":"https:\/\/portalfloresnoar.com\/floresnoar\/wp-json\/wp\/v2\/tags?post=22666"}],"curies":[{"name":"wp","href":"https:\/\/api.w.org\/{rel}","templated":true}]}}