

{"id":22658,"date":"2015-09-20T10:32:39","date_gmt":"2015-09-20T13:32:39","guid":{"rendered":"http:\/\/portalfloresnoar.com\/floresnoar\/?p=22658"},"modified":"2015-10-26T07:13:55","modified_gmt":"2015-10-26T10:13:55","slug":"este-domingo-tem-show-de-ana-ghandra-no-casbah","status":"publish","type":"post","link":"https:\/\/portalfloresnoar.com\/floresnoar\/este-domingo-tem-show-de-ana-ghandra-no-casbah\/","title":{"rendered":"Este domingo tem show de Ana Ghandra no Casbah"},"content":{"rendered":"<p><img decoding=\"async\" loading=\"lazy\" class=\"aligncenter size-full wp-image-22659\" alt=\"ana ghandra no recife\" src=\"http:\/\/portalfloresnoar.com\/floresnoar\/wp-content\/uploads\/2015\/10\/ana-ghandra-no-recife.jpg\" width=\"700\" height=\"496\" srcset=\"https:\/\/portalfloresnoar.com\/floresnoar\/wp-content\/uploads\/2015\/10\/ana-ghandra-no-recife.jpg 700w, https:\/\/portalfloresnoar.com\/floresnoar\/wp-content\/uploads\/2015\/10\/ana-ghandra-no-recife-300x212.jpg 300w\" sizes=\"(max-width: 700px) 100vw, 700px\" \/><\/p>\n<p>Dia 25 de outubro, \u00e0s 18h, tem show da cantora e compositora mineira Ana Ghandra no Casbah, em Olinda, apresentando m\u00fasicas do EP Slowly, relan\u00e7ado em 2015 pelo selo paulista Mono. Tune Records, al\u00e9m de m\u00fasicas in\u00e9ditas e vers\u00f5es para m\u00fasicas de Radiohead, Paes, entre outras.<\/p>\n<p>Ana \u00e9 acompanhada pelo produtor e instrumentista Paes: baixo, synth, vocais e percuss\u00e3o, Arthur Soares (The Raulis): guitarra e synth e C\u00e1ssio Sales (Cosmo gr\u00e3o): bateria e percuss\u00e3o.<\/p>\n<p>Para completar a noite, discotecagem do Dj Ravi Moreno.<\/p>\n<p>O evento \u00e9 aberto ao p\u00fablico!<\/p>\n","protected":false},"excerpt":{"rendered":"<p>Dia 25 de outubro, \u00e0s 18h, tem show da cantora e compositora mineira Ana Ghandra no Casbah, em Olinda, apresentando m\u00fasicas do EP Slowly, relan\u00e7ado em 2015 pelo selo paulista Mono. Tune Records, al\u00e9m de m\u00fasicas in\u00e9ditas e vers\u00f5es para m\u00fasicas de Radiohead, Paes, entre outras. Ana \u00e9 acompanhada pelo produtor e instrumentista Paes: baixo, [&hellip;]<\/p>\n","protected":false},"author":1,"featured_media":22659,"comment_status":"open","ping_status":"open","sticky":false,"template":"","format":"standard","meta":{"om_disable_all_campaigns":false,"_monsterinsights_skip_tracking":false,"_monsterinsights_sitenote_active":false,"_monsterinsights_sitenote_note":"","_monsterinsights_sitenote_category":0,"footnotes":""},"categories":[8,214],"tags":[125],"acf":[],"publishpress_future_action":{"enabled":false,"date":"1969-12-31 21:00:00","action":"","terms":[],"taxonomy":"","browser_timezone_offset":0},"_links":{"self":[{"href":"https:\/\/portalfloresnoar.com\/floresnoar\/wp-json\/wp\/v2\/posts\/22658"}],"collection":[{"href":"https:\/\/portalfloresnoar.com\/floresnoar\/wp-json\/wp\/v2\/posts"}],"about":[{"href":"https:\/\/portalfloresnoar.com\/floresnoar\/wp-json\/wp\/v2\/types\/post"}],"author":[{"embeddable":true,"href":"https:\/\/portalfloresnoar.com\/floresnoar\/wp-json\/wp\/v2\/users\/1"}],"replies":[{"embeddable":true,"href":"https:\/\/portalfloresnoar.com\/floresnoar\/wp-json\/wp\/v2\/comments?post=22658"}],"version-history":[{"count":0,"href":"https:\/\/portalfloresnoar.com\/floresnoar\/wp-json\/wp\/v2\/posts\/22658\/revisions"}],"wp:featuredmedia":[{"embeddable":true,"href":"https:\/\/portalfloresnoar.com\/floresnoar\/wp-json\/wp\/v2\/media\/22659"}],"wp:attachment":[{"href":"https:\/\/portalfloresnoar.com\/floresnoar\/wp-json\/wp\/v2\/media?parent=22658"}],"wp:term":[{"taxonomy":"category","embeddable":true,"href":"https:\/\/portalfloresnoar.com\/floresnoar\/wp-json\/wp\/v2\/categories?post=22658"},{"taxonomy":"post_tag","embeddable":true,"href":"https:\/\/portalfloresnoar.com\/floresnoar\/wp-json\/wp\/v2\/tags?post=22658"}],"curies":[{"name":"wp","href":"https:\/\/api.w.org\/{rel}","templated":true}]}}