

{"id":22634,"date":"2015-10-19T20:08:29","date_gmt":"2015-10-19T23:08:29","guid":{"rendered":"http:\/\/portalfloresnoar.com\/floresnoar\/?p=22634"},"modified":"2015-11-16T10:16:41","modified_gmt":"2015-11-16T13:16:41","slug":"sempre-acreditei-que-aquele-que-considera-cuidadosamente-a-alma-do-outro-deve-voltar-se-intensamente-para-a-arte-confira-entrevista-com-lorena-kim-richter","status":"publish","type":"post","link":"https:\/\/portalfloresnoar.com\/floresnoar\/sempre-acreditei-que-aquele-que-considera-cuidadosamente-a-alma-do-outro-deve-voltar-se-intensamente-para-a-arte-confira-entrevista-com-lorena-kim-richter\/","title":{"rendered":"&#8220;Sempre acreditei que aquele que considera cuidadosamente a alma do outro deve voltar-se intensamente para a arte&#8221;. Confira entrevista com Lorena Kim Richter!"},"content":{"rendered":"<p><img decoding=\"async\" loading=\"lazy\" class=\" wp-image-22635 alignleft\" alt=\"lorena kim\" src=\"http:\/\/portalfloresnoar.com\/floresnoar\/wp-content\/uploads\/2015\/10\/lorena-kim.jpg\" width=\"280\" height=\"465\" srcset=\"https:\/\/portalfloresnoar.com\/floresnoar\/wp-content\/uploads\/2015\/10\/lorena-kim.jpg 311w, https:\/\/portalfloresnoar.com\/floresnoar\/wp-content\/uploads\/2015\/10\/lorena-kim-180x300.jpg 180w\" sizes=\"(max-width: 280px) 100vw, 280px\" \/><em>Confira entrevista com a especialista Junguiana Lorena Kim Richter, tradutora de v\u00e1rios livros Junguianos!<\/em><\/p>\n<p><strong>Quem \u00e9 Lorena Kim Richter e com o que voc\u00ea trabalha?<\/strong><br \/>\nSou psic\u00f3loga junguiana. Fiz p\u00f3s-gradua\u00e7\u00e3o em psicologia junguiana e mestrado na \u00e1rea cl\u00ednica, no qual o meu enfoque foi a religi\u00e3o ocidental sob a perspectiva de C.G.Jung. Ap\u00f3s o meu mestrado comecei a atuar como professora convidada e supervisora cl\u00ednica em p\u00f3s-gradua\u00e7\u00f5es junguianas no Rio de Janeiro, nas Universidades Veiga de Almeida, Santa \u00darsula e Est\u00e1cio de S\u00e1. Em 2005 passei a fazer tradu\u00e7\u00f5es escritas e consecutivas alem\u00e3o-portugu\u00eas tanto para a \u00e1rea da teoria sist\u00eamica, como junguiana. Atuo h\u00e1 15 anos como psic\u00f3loga cl\u00ednica em consult\u00f3rio particular. Em 2011 entrei no Projeto Viva e Deixe Viver. Sou contadora de hist\u00f3rias volunt\u00e1ria em um hospital pedi\u00e1trico.<\/p>\n<p><strong>Como voc\u00ea se interessou pelos contos de fadas?<\/strong><br \/>\nAcredito que o interesse pelos contos de fada se deu da mesma forma como se d\u00e1 para v\u00e1rias pessoas. Foi semeado durante a inf\u00e2ncia. Nasci nos anos setenta, filha de fam\u00edlia austro-alem\u00e3. Os contos dos irm\u00e3os Grimm sempre estiveram muito presentes quando pequena. Lembro nitidamente das imagens que algumas hist\u00f3rias evocavam, dos livros grossos e pesados que continham essas maravilhas. Considero bastante importante o fato de eu ter tido acesso aos contos em sua forma mais original, menos permeados pelo cinema comercial ou pelo furor politicamente correto. Depois esse mundo se perdeu um pouco e s\u00f3 foi resgatado na vida adulta. O desencadeador foi o projeto no qual atuo como contadora de hist\u00f3rias em hospital pedi\u00e1trico e todas as oficinas de conta\u00e7\u00e3o de hist\u00f3rias que venho buscando desde ent\u00e3o para me aprimorar.<\/p>\n<p><strong>Qual a import\u00e2ncia dos contos de fadas e das narrativas no seu fazer?<\/strong><br \/>\nSempre acreditei que o bom psic\u00f3logo, aquele que considera cuidadosamente a alma do outro, deve, al\u00e9m de toda teoria, voltar-se intensamente para a arte. Nesse caso a literatura, a fic\u00e7\u00e3o: os romances, a poesia, os contos de fada, mitos, narrativas orais. No fundo, \u00e9 este material simb\u00f3lico que encontramos nos relatos de nossos pacientes. Ele est\u00e1 sempre presente, nas entrelinhas do discurso, nas imagens on\u00edricas, no anseio por representar o que os move.<\/p>\n<p>Os contos de fada mais especificamente s\u00e3o extremamente coletivos, indicam simbolicamente como homens, mulheres e crian\u00e7as solucionam os grandes desafios da vida desde sempre. Os contos se d\u00e3o num espa\u00e7o e tempo indeterminado, em uma terra distante, depois dos sete mares, h\u00e1 muito tempo- um espa\u00e7o onde existe um destino b\u00e1sico comum ao g\u00eanero humano.<\/p>\n<p>Para Jung os mitos e contos s\u00e3o uma met\u00e1fora para a atividade do arqu\u00e9tipo. O ser humano n\u00e3o se contenta em observar o mundo ao seu redor, este precisa simultaneamente constituir um evento ps\u00edquico. O encontro entre homem e \u201crealidade\u201d se d\u00e1 justamente atrav\u00e9s da imagina\u00e7\u00e3o.<\/p>\n<p><strong>O que os contos e as narrativas t\u00eam a nos dizer na atualidade?<\/strong><br \/>\nPercebo que atualmente h\u00e1 um forte resgate do &#8216;ouvir e contar hist\u00f3rias&#8217;. Nas cidades grandes pululam oficinas de conta\u00e7\u00e3o, simp\u00f3sios, rodas de hist\u00f3rias e h\u00e1 tamb\u00e9m importantes projetos que levam essas atividades para os espa\u00e7os de sa\u00fade e educa\u00e7\u00e3o como hospitais, asilos e escolas. De alguma forma h\u00e1 um anseio por meios que simbolizam os nossos dramas, dores, impasses e entraves e que indicam sa\u00eddas inusitadas, n\u00e3o esperadas e, ao mesmo tempo, t\u00e3o pr\u00f3prias do imaginar e do humano. \u00c0 medida que perdemos o acesso ao acervo simb\u00f3lico de nossa cultura, a vida torna-se excessivamente literal e banal. A arte de contar e ouvir, seja em uma apresenta\u00e7\u00e3o perform\u00e1tica no palco ou numa roda na pra\u00e7a do bairro, resgata justamente essa dimens\u00e3o simb\u00f3lica e vital.<\/p>\n<p>&nbsp;<\/p>\n","protected":false},"excerpt":{"rendered":"<p>Confira entrevista com a especialista Junguiana Lorena Kim Richter, tradutora de v\u00e1rios livros Junguianos! Quem \u00e9 Lorena Kim Richter e com o que voc\u00ea trabalha? Sou psic\u00f3loga junguiana. Fiz p\u00f3s-gradua\u00e7\u00e3o em psicologia junguiana e mestrado na \u00e1rea cl\u00ednica, no qual o meu enfoque foi a religi\u00e3o ocidental sob a perspectiva de C.G.Jung. Ap\u00f3s o meu [&hellip;]<\/p>\n","protected":false},"author":1,"featured_media":22636,"comment_status":"open","ping_status":"open","sticky":false,"template":"","format":"standard","meta":{"om_disable_all_campaigns":false,"_monsterinsights_skip_tracking":false,"_monsterinsights_sitenote_active":false,"_monsterinsights_sitenote_note":"","_monsterinsights_sitenote_category":0,"footnotes":""},"categories":[11],"tags":[60],"acf":[],"publishpress_future_action":{"enabled":false,"date":"1969-12-31 21:00:00","action":"","terms":[],"taxonomy":"","browser_timezone_offset":0},"_links":{"self":[{"href":"https:\/\/portalfloresnoar.com\/floresnoar\/wp-json\/wp\/v2\/posts\/22634"}],"collection":[{"href":"https:\/\/portalfloresnoar.com\/floresnoar\/wp-json\/wp\/v2\/posts"}],"about":[{"href":"https:\/\/portalfloresnoar.com\/floresnoar\/wp-json\/wp\/v2\/types\/post"}],"author":[{"embeddable":true,"href":"https:\/\/portalfloresnoar.com\/floresnoar\/wp-json\/wp\/v2\/users\/1"}],"replies":[{"embeddable":true,"href":"https:\/\/portalfloresnoar.com\/floresnoar\/wp-json\/wp\/v2\/comments?post=22634"}],"version-history":[{"count":0,"href":"https:\/\/portalfloresnoar.com\/floresnoar\/wp-json\/wp\/v2\/posts\/22634\/revisions"}],"wp:featuredmedia":[{"embeddable":true,"href":"https:\/\/portalfloresnoar.com\/floresnoar\/wp-json\/wp\/v2\/media\/22636"}],"wp:attachment":[{"href":"https:\/\/portalfloresnoar.com\/floresnoar\/wp-json\/wp\/v2\/media?parent=22634"}],"wp:term":[{"taxonomy":"category","embeddable":true,"href":"https:\/\/portalfloresnoar.com\/floresnoar\/wp-json\/wp\/v2\/categories?post=22634"},{"taxonomy":"post_tag","embeddable":true,"href":"https:\/\/portalfloresnoar.com\/floresnoar\/wp-json\/wp\/v2\/tags?post=22634"}],"curies":[{"name":"wp","href":"https:\/\/api.w.org\/{rel}","templated":true}]}}