

{"id":22576,"date":"2015-10-15T10:27:02","date_gmt":"2015-10-15T13:27:02","guid":{"rendered":"http:\/\/portalfloresnoar.com\/floresnoar\/?p=22576"},"modified":"2015-10-15T10:29:30","modified_gmt":"2015-10-15T13:29:30","slug":"feng-shui-na-primavera","status":"publish","type":"post","link":"https:\/\/portalfloresnoar.com\/floresnoar\/feng-shui-na-primavera\/","title":{"rendered":"Feng Shui na Primavera"},"content":{"rendered":"<pre>Por Karla Patr\u00edcia Zovka*<\/pre>\n<p>\u00c9 tempo de primavera! Per\u00edodo do ano sempre muito festejado em todo o mundo, celebrando o renascimento da natureza, da fertilidade e da abund\u00e2ncia. Marca o fim do inverno, uma esta\u00e7\u00e3o sempre associada ao mau tempo, desconforto e em termos hist\u00f3ricos: escassez de comida.<\/p>\n<p>Este \u00e9 o momento prop\u00edcio para o despertar dos sonhos mais elevados, usando toda energia e o campo de for\u00e7a para a prosperidade e a abund\u00e2ncia.<\/p>\n<p>Para o Tao\u00edsmo, tradi\u00e7\u00e3o que vem do passado que revela a origem, a virtude se efetiva atrav\u00e9s da media\u00e7\u00e3o de consci\u00eancia e da compreens\u00e3o din\u00e2mica do universo para resgatar a ordem natural da vida. Afirmavam a exist\u00eancia de uma energia universal que cria e transforma todas as coisas e com a qual se deve estar em harmonia. Falavam, enfim, de uma vida pac\u00edfica e tranquila. Estes s\u00e3o os alicerces do Feng Shui.<\/p>\n<p>Um cuidado essencial com os nossos ambientes internos e externos diz respeito \u00e0 consci\u00eancia de sermos seres espirituais vivendo uma vida material. Em ess\u00eancia, a entidade humana \u00e9 composta de energia. O seu padr\u00e3o vibrat\u00f3rio vai estar intimamente relacionado ao lugar onde vive, as energias das pessoas que fazem parte de seus ambientes de trabalho e de moradia, a alimenta\u00e7\u00e3o, as palavras, pensamentos, atitudes, uma infinidade de coisas e situa\u00e7\u00f5es que podem potencializar ou dificultar sua expans\u00e3o energ\u00e9tica.<\/p>\n<p>Quando a cria\u00e7\u00e3o se desdobra a partir do cora\u00e7\u00e3o, sem polaridade e em unidade com toda a vida e cria\u00e7\u00e3o, voc\u00ea pode ser realmente levado a cuidar de si, se apropriando do que \u00e9 v\u00e1lido para que o seu despertar di\u00e1rio seja um caminho de realiza\u00e7\u00f5es.<\/p>\n<p>Um dos aspectos fundamentais dessa manifesta\u00e7\u00e3o \u00e9 voc\u00ea se permitir ser quem realmente \u00e9. Sabendo que voc\u00ea n\u00e3o \u00e9 a m\u00e1scara, n\u00e3o \u00e9 a sombra, n\u00e3o \u00e9 a crian\u00e7a ferida; sabendo que voc\u00ea n\u00e3o \u00e9 a ilus\u00e3o, voc\u00ea se conecta com quem realmente voc\u00ea \u00e9. Permitindo-se ser um instrumento do seu Eu Superior, voc\u00ea deixa a vida se expressar em sintonia com sua verdadeira ess\u00eancia.<\/p>\n<p>Considerando o seu ambiente externo, observe o que est\u00e1 a sua volta, onde voc\u00ea mora, seu meio de vida, seus objetos. O que voc\u00ea precisa ter nesse ambiente que o ajude a renovar e conectar com essa energia, fortalecendo-se a cada dia?<\/p>\n<p>Hoje, o convidamos a tomar essa atitude: veja o que precisa limpar, desapegar, liberar, para que, cada vez mais, possa expressar sua verdadeira ess\u00eancia? Se preciso for, fa\u00e7a uma limpeza geral. Tire os amontoados, tudo que n\u00e3o serve mais; libere, doe, queime \u2013 caso necess\u00e1rio. Esvazie-se para que sua energia de amor, alegria e paz, possa fluir livremente.<\/p>\n<p>Se sentir em seu cora\u00e7\u00e3o, comece fazendo isso imediatamente e observe os resultados. Aproprie-se de sua leveza e viva a primavera em alegria e autorrealiza\u00e7\u00e3o, sendo, sentindo e transbordando todo o seu Ser em amor, com harmonia, humildade, simplicidade e afetividade &#8211; eis os tr\u00eas essenciais tesouros, segundo a tradi\u00e7\u00e3o taoista.<\/p>\n<p><em>*Karla Patr\u00edcia Zovka \u00e9 terapeuta de ambientes, consultora e difusora do Feng Shui, certificada pelo Mestre Oriental I Ming. Membro da Sociedade Feng Shui. Psicoterapeuta e Consteladora Sist\u00eamica. Idealizadora do Reflorescer: projeto que visa a expans\u00e3o do amor e a autorrealiza\u00e7\u00e3o.<\/em><\/p>\n<p><img decoding=\"async\" loading=\"lazy\" class=\"aligncenter size-full wp-image-22577\" alt=\"reflorescer\" src=\"http:\/\/portalfloresnoar.com\/floresnoar\/wp-content\/uploads\/2015\/10\/reflorescer.jpg\" width=\"653\" height=\"314\" srcset=\"https:\/\/portalfloresnoar.com\/floresnoar\/wp-content\/uploads\/2015\/10\/reflorescer.jpg 653w, https:\/\/portalfloresnoar.com\/floresnoar\/wp-content\/uploads\/2015\/10\/reflorescer-300x144.jpg 300w\" sizes=\"(max-width: 653px) 100vw, 653px\" \/><\/p>\n","protected":false},"excerpt":{"rendered":"<p>Por Karla Patr\u00edcia Zovka* \u00c9 tempo de primavera! Per\u00edodo do ano sempre muito festejado em todo o mundo, celebrando o renascimento da natureza, da fertilidade e da abund\u00e2ncia. Marca o fim do inverno, uma esta\u00e7\u00e3o sempre associada ao mau tempo, desconforto e em termos hist\u00f3ricos: escassez de comida. Este \u00e9 o momento prop\u00edcio para o [&hellip;]<\/p>\n","protected":false},"author":1,"featured_media":22579,"comment_status":"open","ping_status":"open","sticky":false,"template":"","format":"standard","meta":{"om_disable_all_campaigns":false,"_monsterinsights_skip_tracking":false,"_monsterinsights_sitenote_active":false,"_monsterinsights_sitenote_note":"","_monsterinsights_sitenote_category":0,"footnotes":""},"categories":[10],"tags":[143],"acf":[],"publishpress_future_action":{"enabled":false,"date":"1969-12-31 21:00:00","action":"","terms":[],"taxonomy":"","browser_timezone_offset":0},"_links":{"self":[{"href":"https:\/\/portalfloresnoar.com\/floresnoar\/wp-json\/wp\/v2\/posts\/22576"}],"collection":[{"href":"https:\/\/portalfloresnoar.com\/floresnoar\/wp-json\/wp\/v2\/posts"}],"about":[{"href":"https:\/\/portalfloresnoar.com\/floresnoar\/wp-json\/wp\/v2\/types\/post"}],"author":[{"embeddable":true,"href":"https:\/\/portalfloresnoar.com\/floresnoar\/wp-json\/wp\/v2\/users\/1"}],"replies":[{"embeddable":true,"href":"https:\/\/portalfloresnoar.com\/floresnoar\/wp-json\/wp\/v2\/comments?post=22576"}],"version-history":[{"count":0,"href":"https:\/\/portalfloresnoar.com\/floresnoar\/wp-json\/wp\/v2\/posts\/22576\/revisions"}],"wp:featuredmedia":[{"embeddable":true,"href":"https:\/\/portalfloresnoar.com\/floresnoar\/wp-json\/wp\/v2\/media\/22579"}],"wp:attachment":[{"href":"https:\/\/portalfloresnoar.com\/floresnoar\/wp-json\/wp\/v2\/media?parent=22576"}],"wp:term":[{"taxonomy":"category","embeddable":true,"href":"https:\/\/portalfloresnoar.com\/floresnoar\/wp-json\/wp\/v2\/categories?post=22576"},{"taxonomy":"post_tag","embeddable":true,"href":"https:\/\/portalfloresnoar.com\/floresnoar\/wp-json\/wp\/v2\/tags?post=22576"}],"curies":[{"name":"wp","href":"https:\/\/api.w.org\/{rel}","templated":true}]}}