

{"id":22492,"date":"2015-10-17T11:00:46","date_gmt":"2015-10-17T14:00:46","guid":{"rendered":"http:\/\/portalfloresnoar.com\/floresnoar\/?p=22492"},"modified":"2015-10-27T10:51:13","modified_gmt":"2015-10-27T13:51:13","slug":"leitura-de-aura-solidaria-no-espaco-gerar-dia-2710","status":"publish","type":"post","link":"https:\/\/portalfloresnoar.com\/floresnoar\/leitura-de-aura-solidaria-no-espaco-gerar-dia-2710\/","title":{"rendered":"Leitura de Aura Solid\u00e1ria no Espa\u00e7o Gerar dia 27\/10"},"content":{"rendered":"<p><img decoding=\"async\" loading=\"lazy\" class=\"aligncenter size-full wp-image-22494\" alt=\"leitura aura solidaria\" src=\"http:\/\/portalfloresnoar.com\/floresnoar\/wp-content\/uploads\/2015\/10\/leitura-aura-solidaria.jpg\" width=\"626\" height=\"885\" srcset=\"https:\/\/portalfloresnoar.com\/floresnoar\/wp-content\/uploads\/2015\/10\/leitura-aura-solidaria.jpg 626w, https:\/\/portalfloresnoar.com\/floresnoar\/wp-content\/uploads\/2015\/10\/leitura-aura-solidaria-212x300.jpg 212w\" sizes=\"(max-width: 626px) 100vw, 626px\" \/><\/p>\n<p>No dia 27 de outubro (ter\u00e7a-feira), das 19h \u00e0s 22h, no Espa\u00e7o Gerar, haver\u00e1 o Encontro Leitura de Aura Solid\u00e1ria, promovido pelo Fontes de Luz.<\/p>\n<p>As Leituras de Aura s\u00e3o individuais e com dura\u00e7\u00e3o de 30 minutos.<\/p>\n<p>Os interessados devem fazer as inscri\u00e7\u00f5es previamente atrav\u00e9s do email contato@fontesdeluz.com.br. \u00c9 sugerida a contribui\u00e7\u00e3o de R$ 25,00. As vagas s\u00e3o limitadas!<\/p>\n<p>A Aura \u00e9 um campo energ\u00e9tico que guarda a ess\u00eancia de cada pessoa com todas as suas informa\u00e7\u00f5es, e atrav\u00e9s da leitura deste campo energ\u00e9tico \u2013 a Leitura de Aura \u2013 o estado interior \u00e9 revelado: emo\u00e7\u00f5es, pensamentos, bloqueios e potenciais.<\/p>\n<p>MAIS INFORMA\u00c7\u00d5ES<br \/>\n<strong>E-mail:<\/strong> contato@fontesdeluz.com.br<br \/>\n<strong>Fone:<\/strong> (81) 99902.0991<br \/>\n<strong>Local:<\/strong> Espa\u00e7o Gerar, Rua Jorge de Albuquerque, 103, Casa Forte, Recife-PE.Fone: (81) 3268.1749<\/p>\n","protected":false},"excerpt":{"rendered":"<p>No dia 27 de outubro (ter\u00e7a-feira), das 19h \u00e0s 22h, no Espa\u00e7o Gerar, haver\u00e1 o Encontro Leitura de Aura Solid\u00e1ria, promovido pelo Fontes de Luz. As Leituras de Aura s\u00e3o individuais e com dura\u00e7\u00e3o de 30 minutos. Os interessados devem fazer as inscri\u00e7\u00f5es previamente atrav\u00e9s do email contato@fontesdeluz.com.br. \u00c9 sugerida a contribui\u00e7\u00e3o de R$ 25,00. [&hellip;]<\/p>\n","protected":false},"author":1,"featured_media":22495,"comment_status":"open","ping_status":"open","sticky":false,"template":"","format":"standard","meta":{"om_disable_all_campaigns":false,"_monsterinsights_skip_tracking":false,"_monsterinsights_sitenote_active":false,"_monsterinsights_sitenote_note":"","_monsterinsights_sitenote_category":0,"footnotes":""},"categories":[8,224,214],"tags":[246],"acf":[],"publishpress_future_action":{"enabled":false,"date":"1969-12-31 21:00:00","action":"","terms":[],"taxonomy":"","browser_timezone_offset":0},"_links":{"self":[{"href":"https:\/\/portalfloresnoar.com\/floresnoar\/wp-json\/wp\/v2\/posts\/22492"}],"collection":[{"href":"https:\/\/portalfloresnoar.com\/floresnoar\/wp-json\/wp\/v2\/posts"}],"about":[{"href":"https:\/\/portalfloresnoar.com\/floresnoar\/wp-json\/wp\/v2\/types\/post"}],"author":[{"embeddable":true,"href":"https:\/\/portalfloresnoar.com\/floresnoar\/wp-json\/wp\/v2\/users\/1"}],"replies":[{"embeddable":true,"href":"https:\/\/portalfloresnoar.com\/floresnoar\/wp-json\/wp\/v2\/comments?post=22492"}],"version-history":[{"count":0,"href":"https:\/\/portalfloresnoar.com\/floresnoar\/wp-json\/wp\/v2\/posts\/22492\/revisions"}],"wp:featuredmedia":[{"embeddable":true,"href":"https:\/\/portalfloresnoar.com\/floresnoar\/wp-json\/wp\/v2\/media\/22495"}],"wp:attachment":[{"href":"https:\/\/portalfloresnoar.com\/floresnoar\/wp-json\/wp\/v2\/media?parent=22492"}],"wp:term":[{"taxonomy":"category","embeddable":true,"href":"https:\/\/portalfloresnoar.com\/floresnoar\/wp-json\/wp\/v2\/categories?post=22492"},{"taxonomy":"post_tag","embeddable":true,"href":"https:\/\/portalfloresnoar.com\/floresnoar\/wp-json\/wp\/v2\/tags?post=22492"}],"curies":[{"name":"wp","href":"https:\/\/api.w.org\/{rel}","templated":true}]}}