

{"id":22490,"date":"2015-10-07T14:02:27","date_gmt":"2015-10-07T17:02:27","guid":{"rendered":"http:\/\/portalfloresnoar.com\/floresnoar\/?p=22490"},"modified":"2015-10-27T10:43:59","modified_gmt":"2015-10-27T13:43:59","slug":"boa-viagem-ganha-novo-espaco-terapeutico","status":"publish","type":"post","link":"https:\/\/portalfloresnoar.com\/floresnoar\/boa-viagem-ganha-novo-espaco-terapeutico\/","title":{"rendered":"Boa Viagem ganha novo espa\u00e7o terap\u00eautico"},"content":{"rendered":"<figure id=\"attachment_22491\" aria-describedby=\"caption-attachment-22491\" style=\"width: 580px\" class=\"wp-caption aligncenter\"><img decoding=\"async\" loading=\"lazy\" class=\" wp-image-22491\" alt=\"Espa\u00e7o Psiqu\u00ea Recife\" src=\"http:\/\/portalfloresnoar.com\/floresnoar\/wp-content\/uploads\/2015\/10\/Espa\u00e7o-Psiqu\u00ea-Recife.jpg\" width=\"580\" height=\"350\" srcset=\"https:\/\/portalfloresnoar.com\/floresnoar\/wp-content\/uploads\/2015\/10\/Espa\u00e7o-Psiqu\u00ea-Recife.jpg 829w, https:\/\/portalfloresnoar.com\/floresnoar\/wp-content\/uploads\/2015\/10\/Espa\u00e7o-Psiqu\u00ea-Recife-300x180.jpg 300w\" sizes=\"(max-width: 580px) 100vw, 580px\" \/><figcaption id=\"caption-attachment-22491\" class=\"wp-caption-text\">Edel Carla Almeida e Juliana Florencio, terapeutas do Espa\u00e7o Psique<\/figcaption><\/figure>\n<p style=\"text-align: left;\">As terapeutas Edel Carla Almeida e Juliana Florencio inauguraram, em Boa Viagem, no Recife, o Espa\u00e7o Psiqu\u00ea. &#8220;Temos como premissas o acolhimento, o cuidado, a criatividade e a transforma\u00e7\u00e3o&#8221;.<\/p>\n<p>O servi\u00e7o oferece Psicoterapia para crian\u00e7as, adolescentes e adultos, al\u00e9m dos servi\u00e7os de Psicopedagogia, Arteterapia e Constela\u00e7\u00e3o Familiar Sist\u00eamica.<\/p>\n<p>O endere\u00e7o \u00e9 Rua Luiz Pimentel, 100, Boa Viagem, Recife\/PE.<\/p>\n<p><strong>Edel Carla Almeida<\/strong> \u00e9 psic\u00f3loga cl\u00ednica (CRP 02\/17.484 ) e psicopedagoga.<br \/>\n<strong>Fone:<\/strong> (81) 99655-5484<\/p>\n<p><strong>Juliana Florencio<\/strong> \u00e9 psic\u00f3loga cl\u00ednica (CRP 02\/11.849), arteterapeuta e consteladora familiar sist\u00eamica (em forma\u00e7\u00e3o).<br \/>\n<strong>Fone:<\/strong>(81) 99709-6187<\/p>\n","protected":false},"excerpt":{"rendered":"<p>As terapeutas Edel Carla Almeida e Juliana Florencio inauguraram, em Boa Viagem, no Recife, o Espa\u00e7o Psiqu\u00ea. &#8220;Temos como premissas o acolhimento, o cuidado, a criatividade e a transforma\u00e7\u00e3o&#8221;. O servi\u00e7o oferece Psicoterapia para crian\u00e7as, adolescentes e adultos, al\u00e9m dos servi\u00e7os de Psicopedagogia, Arteterapia e Constela\u00e7\u00e3o Familiar Sist\u00eamica. O endere\u00e7o \u00e9 Rua Luiz Pimentel, 100, [&hellip;]<\/p>\n","protected":false},"author":1,"featured_media":22491,"comment_status":"open","ping_status":"open","sticky":false,"template":"","format":"standard","meta":{"om_disable_all_campaigns":false,"_monsterinsights_skip_tracking":false,"_monsterinsights_sitenote_active":false,"_monsterinsights_sitenote_note":"","_monsterinsights_sitenote_category":0,"footnotes":""},"categories":[9],"tags":[34,151,148],"acf":[],"publishpress_future_action":{"enabled":false,"date":"1969-12-31 21:00:00","action":"","terms":[],"taxonomy":"","browser_timezone_offset":0},"_links":{"self":[{"href":"https:\/\/portalfloresnoar.com\/floresnoar\/wp-json\/wp\/v2\/posts\/22490"}],"collection":[{"href":"https:\/\/portalfloresnoar.com\/floresnoar\/wp-json\/wp\/v2\/posts"}],"about":[{"href":"https:\/\/portalfloresnoar.com\/floresnoar\/wp-json\/wp\/v2\/types\/post"}],"author":[{"embeddable":true,"href":"https:\/\/portalfloresnoar.com\/floresnoar\/wp-json\/wp\/v2\/users\/1"}],"replies":[{"embeddable":true,"href":"https:\/\/portalfloresnoar.com\/floresnoar\/wp-json\/wp\/v2\/comments?post=22490"}],"version-history":[{"count":0,"href":"https:\/\/portalfloresnoar.com\/floresnoar\/wp-json\/wp\/v2\/posts\/22490\/revisions"}],"wp:featuredmedia":[{"embeddable":true,"href":"https:\/\/portalfloresnoar.com\/floresnoar\/wp-json\/wp\/v2\/media\/22491"}],"wp:attachment":[{"href":"https:\/\/portalfloresnoar.com\/floresnoar\/wp-json\/wp\/v2\/media?parent=22490"}],"wp:term":[{"taxonomy":"category","embeddable":true,"href":"https:\/\/portalfloresnoar.com\/floresnoar\/wp-json\/wp\/v2\/categories?post=22490"},{"taxonomy":"post_tag","embeddable":true,"href":"https:\/\/portalfloresnoar.com\/floresnoar\/wp-json\/wp\/v2\/tags?post=22490"}],"curies":[{"name":"wp","href":"https:\/\/api.w.org\/{rel}","templated":true}]}}