

{"id":22485,"date":"2015-09-07T15:00:10","date_gmt":"2015-09-07T18:00:10","guid":{"rendered":"http:\/\/portalfloresnoar.com\/floresnoar\/?p=22485"},"modified":"2015-10-10T10:57:26","modified_gmt":"2015-10-10T13:57:26","slug":"curso-de-florais-da-amazonia-com-maria-alice-campos-freire-neste-final-de-semana-no-recife","status":"publish","type":"post","link":"https:\/\/portalfloresnoar.com\/floresnoar\/curso-de-florais-da-amazonia-com-maria-alice-campos-freire-neste-final-de-semana-no-recife\/","title":{"rendered":"Curso de Florais da Amaz\u00f4nia com Maria Alice Campos Freire neste final de semana no Recife"},"content":{"rendered":"<p style=\"text-align: center;\"><img decoding=\"async\" loading=\"lazy\" class=\"aligncenter  wp-image-22486\" alt=\"cartaz curso\" src=\"http:\/\/portalfloresnoar.com\/floresnoar\/wp-content\/uploads\/2015\/10\/cartaz-curso.jpg\" width=\"691\" height=\"518\" srcset=\"https:\/\/portalfloresnoar.com\/floresnoar\/wp-content\/uploads\/2015\/10\/cartaz-curso.jpg 960w, https:\/\/portalfloresnoar.com\/floresnoar\/wp-content\/uploads\/2015\/10\/cartaz-curso-300x225.jpg 300w, https:\/\/portalfloresnoar.com\/floresnoar\/wp-content\/uploads\/2015\/10\/cartaz-curso-160x120.jpg 160w\" sizes=\"(max-width: 691px) 100vw, 691px\" \/><\/p>\n<p>A sintetizadora do Sistema Florais da Amaz\u00f4nia,\u00a0Maria Alice Campos Freire, realiza nos dias 10 e 11 de outubro no Recife o Curso F\u00f3rmulas 1 de Florais da Amaz\u00f4nia, com o tema &#8216;Os Ciclos da Vida&#8217;. Maria Alice \u00e9 fundadora do Centro Medicina da Floresta e membro do Conselho Internacional das 13 Av\u00f3s Nativas.<\/p>\n<p>&#8220;A vida do ser humano \u00e9 sempre marcada por ciclos que representam os diversos degraus na sua trajet\u00f3ria evolutiva. O desenvolvimento pleno do ser em cada etapa deste percurso determina sua sa\u00fade e felicidade, seu crescimento e realiza\u00e7\u00e3o.\u00a0Para cada novo ciclo \u00e9 preciso uma adapta\u00e7\u00e3o, novas roupagens e ferramentas, novo foco na vis\u00e3o. Durante uma vida terrena, v\u00e1rios ciclos se repetem e, cada vez se apresentam com novas exig\u00eancias na espiral evolutiva. Este conjunto apresenta uma f\u00f3rmula para cada um dos sete ciclos que identificamos como mais gen\u00e9ricos na vida, com todos os seus reinos&#8221;.<\/p>\n<p><strong>Curso de F\u00f3rmulas I<\/strong> &#8211; Princ\u00edpios associativos das f\u00f3rmulas do grupo &#8216;Ciclos da Vida&#8217;<br \/>\nConte\u00fado:<br \/>\n\u2013 Diagn\u00f3stico com base na Elementoterapia.<br \/>\n\u2013 O balanceamento das ess\u00eancias de acordo com os n\u00edveis de manifesta\u00e7\u00e3o e os padr\u00f5es da natureza.<br \/>\n\u2013 O balanceamento das ess\u00eancias de acordo com a Elementoterapia.<br \/>\n\u2013 Exerc\u00edcios pr\u00e1ticos de aplica\u00e7\u00e3o dos crit\u00e9rios de associa\u00e7\u00e3o das ess\u00eancias apresentadas- estudo de caso cl\u00ednicos.<\/p>\n<p>SERVI\u00c7O<br \/>\n<strong>Viv\u00eancia formativa em Florais da Aamaz\u00f4nia<\/strong><br \/>\n<strong>Facilitadora:<\/strong> Maria Alice Campos Freire, sintetizadora do Sistema<br \/>\n<strong>Data:<\/strong> 10 e 11 de outubro de 2015(S\u00e1bado e domingo)<br \/>\n<strong>Hor\u00e1rio:<\/strong> 8h \u00e0s 12h e 13h \u00e0s 17h (carga hor\u00e1ria de 16h)<br \/>\n<strong>Local: <\/strong>Escola de Biodanza Aldeia dos Camar\u00e1s (km 9,5 da estrada de Aldeia)<br \/>\n<strong>Investimento:\u00a0<\/strong>R$ 400,00 (existe a op\u00e7\u00e3o de parcelamento pelo cart\u00e3o de cr\u00e9dito via PagSeguro, acrescentando-se uma taxa de R$ 15 pelo servi\u00e7o)<\/p>\n<p><em>Certificado conferido pelo Centro Medicina da Floresta<\/em><\/p>\n<p><strong>Inscri\u00e7\u00f5es e informa\u00e7\u00f5es<\/strong><br \/>\n<strong>Fones:<\/strong> (81) 98457.2630 [oi]\/\u00a0(81) 99794.0225 [tim]\u00a0<em>(Falar com Paula)<\/em><br \/>\n<strong>E-mail:<\/strong> floraisdaamazonia.recife@gmail.com<br \/>\n<strong>P\u00e1gina do evento no facebook:<\/strong> <a href=\"https:\/\/www.facebook.com\/events\/779478535496504\/\" target=\"_blank\">https:\/\/www.facebook.com\/events\/779478535496504\/<\/a><\/p>\n<h4><strong>Atendimentos com Maria Alice<\/strong><\/h4>\n<p><strong>Dias:<\/strong> 9, 12 e 13 de outubro\/2015<\/p>\n<p>Para agendar um atendimento individual com Florais da Amaz\u00f4nia, entre em contato com Ray Matsuyama atrav\u00e9s dos telefones: [81] 99975.9781(tim e whatsapp) \/ 99320.2001 (claro)<\/p>\n<p><strong>Mais informa\u00e7\u00f5es sobre os Florais da amaz\u00f4nia:<\/strong>\u00a0<a href=\"http:\/\/www.floraisdaamazonia.com.br\/\" target=\"_blank\">http:\/\/www.floraisdaamazonia.com.br\/<\/a><br \/>\n<img decoding=\"async\" loading=\"lazy\" class=\"aligncenter size-full wp-image-22487\" alt=\"cartaz mariaalice\" src=\"http:\/\/portalfloresnoar.com\/floresnoar\/wp-content\/uploads\/2015\/10\/cartaz-mariaalice.jpg\" width=\"720\" height=\"480\" srcset=\"https:\/\/portalfloresnoar.com\/floresnoar\/wp-content\/uploads\/2015\/10\/cartaz-mariaalice.jpg 720w, https:\/\/portalfloresnoar.com\/floresnoar\/wp-content\/uploads\/2015\/10\/cartaz-mariaalice-300x200.jpg 300w\" sizes=\"(max-width: 720px) 100vw, 720px\" \/><\/p>\n","protected":false},"excerpt":{"rendered":"<p>A sintetizadora do Sistema Florais da Amaz\u00f4nia,\u00a0Maria Alice Campos Freire, realiza nos dias 10 e 11 de outubro no Recife o Curso F\u00f3rmulas 1 de Florais da Amaz\u00f4nia, com o tema &#8216;Os Ciclos da Vida&#8217;. Maria Alice \u00e9 fundadora do Centro Medicina da Floresta e membro do Conselho Internacional das 13 Av\u00f3s Nativas. &#8220;A vida [&hellip;]<\/p>\n","protected":false},"author":1,"featured_media":22488,"comment_status":"open","ping_status":"open","sticky":false,"template":"","format":"standard","meta":{"om_disable_all_campaigns":false,"_monsterinsights_skip_tracking":false,"_monsterinsights_sitenote_active":false,"_monsterinsights_sitenote_note":"","_monsterinsights_sitenote_category":0,"footnotes":""},"categories":[8,214],"tags":[70],"acf":[],"publishpress_future_action":{"enabled":false,"date":"1969-12-31 21:00:00","action":"","terms":[],"taxonomy":"","browser_timezone_offset":0},"_links":{"self":[{"href":"https:\/\/portalfloresnoar.com\/floresnoar\/wp-json\/wp\/v2\/posts\/22485"}],"collection":[{"href":"https:\/\/portalfloresnoar.com\/floresnoar\/wp-json\/wp\/v2\/posts"}],"about":[{"href":"https:\/\/portalfloresnoar.com\/floresnoar\/wp-json\/wp\/v2\/types\/post"}],"author":[{"embeddable":true,"href":"https:\/\/portalfloresnoar.com\/floresnoar\/wp-json\/wp\/v2\/users\/1"}],"replies":[{"embeddable":true,"href":"https:\/\/portalfloresnoar.com\/floresnoar\/wp-json\/wp\/v2\/comments?post=22485"}],"version-history":[{"count":0,"href":"https:\/\/portalfloresnoar.com\/floresnoar\/wp-json\/wp\/v2\/posts\/22485\/revisions"}],"wp:featuredmedia":[{"embeddable":true,"href":"https:\/\/portalfloresnoar.com\/floresnoar\/wp-json\/wp\/v2\/media\/22488"}],"wp:attachment":[{"href":"https:\/\/portalfloresnoar.com\/floresnoar\/wp-json\/wp\/v2\/media?parent=22485"}],"wp:term":[{"taxonomy":"category","embeddable":true,"href":"https:\/\/portalfloresnoar.com\/floresnoar\/wp-json\/wp\/v2\/categories?post=22485"},{"taxonomy":"post_tag","embeddable":true,"href":"https:\/\/portalfloresnoar.com\/floresnoar\/wp-json\/wp\/v2\/tags?post=22485"}],"curies":[{"name":"wp","href":"https:\/\/api.w.org\/{rel}","templated":true}]}}