

{"id":22463,"date":"2015-10-08T10:30:13","date_gmt":"2015-10-08T13:30:13","guid":{"rendered":"http:\/\/portalfloresnoar.com\/floresnoar\/?p=22463"},"modified":"2021-08-04T09:55:04","modified_gmt":"2021-08-04T12:55:04","slug":"saudacao-ao-arcano-7","status":"publish","type":"post","link":"https:\/\/portalfloresnoar.com\/floresnoar\/saudacao-ao-arcano-7\/","title":{"rendered":"[CARCAR\u00c1 TAROT] Sauda\u00e7\u00e3o ao Arcano 7!"},"content":{"rendered":"<p><img decoding=\"async\" loading=\"lazy\" class=\"aligncenter size-large wp-image-40132\" src=\"http:\/\/portalfloresnoar.com\/floresnoar\/wp-content\/uploads\/2015\/10\/tarot-O-Carro-700x308.jpg\" alt=\"\" width=\"700\" height=\"308\" srcset=\"https:\/\/portalfloresnoar.com\/floresnoar\/wp-content\/uploads\/2015\/10\/tarot-O-Carro-700x308.jpg 700w, https:\/\/portalfloresnoar.com\/floresnoar\/wp-content\/uploads\/2015\/10\/tarot-O-Carro-300x132.jpg 300w, https:\/\/portalfloresnoar.com\/floresnoar\/wp-content\/uploads\/2015\/10\/tarot-O-Carro-768x338.jpg 768w, https:\/\/portalfloresnoar.com\/floresnoar\/wp-content\/uploads\/2015\/10\/tarot-O-Carro.jpg 1368w\" sizes=\"(max-width: 700px) 100vw, 700px\" \/><\/p>\n<p>|<em> Por Sabrina Carvalho<\/em> |<\/p>\n<p style=\"text-align: right;\"><strong><em>Com O Carro inicio essa jornada.<\/em><\/strong><br \/>\n<strong><em> O Carro que conduz \u00e0 vit\u00f3ria!<\/em><\/strong><\/p>\n<p><span style=\"line-height: 1.71429; letter-spacing: 0em;\">Quando fui convidada para compor esta coluna no Portal Flores no Ar &#8211; batizada de \u00a0SabbraCCadabra &#8211; , quis expressar minha gratid\u00e3o ao Tar\u00f4 e celebrar junto a ele essa alegria. Alegria principalmente porque eu, neste segundo semestre de 2015, ando bastante movida por uma vontade de escrever sobre o tema, depois de sete anos de estudos e dedica\u00e7\u00e3o ao Tar\u00f4. E num ritual instintivo e silencioso, fui ao Tar\u00f4 sortear uma carta, que conduziria o tema e a fala deste texto de hoje, a primeira postagem da coluna &#8216;Carcar\u00e1 Tarot&#8217;. Eu, que nunca tive sorte em sorteios, logrei vit\u00f3ria ao tirar o Arcano n\u00famero 7, O Carro!<\/span><\/p>\n<p>Primeiro comemorei a dada vit\u00f3ria, da realiza\u00e7\u00e3o dos desejos, da materializa\u00e7\u00e3o das mentaliza\u00e7\u00f5es. O Arcano de n\u00famero 7 n\u00e3o fala s\u00f3 da vit\u00f3ria que motiva o deslocamento e desfile do vitorioso\/condutor, mas fala principalmente da energia motor que conduz o carro.\u00a0 Essa energia est\u00e1 baseada no equil\u00edbrio de nossas for\u00e7as complementares. Normalmente as cartas que simbolizam o arcano 7 s\u00e3o representadas por uma esp\u00e9cie de carruagem conduzida por cavalos ou esfinges de cores diferentes (em sua maioria branco e preto).<\/p>\n<p>Essa ideia de polaridade dada pelas cores dos animais que carregam o carro, vem para nos lembrar que n\u00e3o podemos deixar que apenas um tipo de energia nos conduza. Que dentro do nosso processo alqu\u00edmico interno devemos estar atentos \u00e0s varia\u00e7\u00f5es elementares importantes para a constru\u00e7\u00e3o de qualquer organismo. Bondade \/maldade, atividade\/passividade, frio\/calor, preto\/branco, espera\/iniciativa, ego\u00edsmo\/empatia&#8230; Enfim, a magia que conduz o carro \u00e9 a manipula\u00e7\u00e3o e condu\u00e7\u00e3o dessas energias que, a princ\u00edpio, parecem opostas, mas que n\u00e3o passam de complementares. E \u00e9 sempre bom saber que a media\u00e7\u00e3o desses complementares se faz atrav\u00e9s do equil\u00edbrio! Viva o Carro e a oportunidade de equilibrar desejos e possibilidades, vontades e realiza\u00e7\u00f5es, caminhos percorridos e abertura para novos lugares!<\/p>\n<p>E no meu s\u00e9timo ano de estudo, dedica\u00e7\u00e3o e pr\u00e1tica do Tar\u00f4, inicio essa coluna com a inten\u00e7\u00e3o de trazer esse instrumento de autoconhecimento e cura para um olhar mais cotidiano dos arqu\u00e9tipos presentes e atuantes na nossa vida. Entendendo aqui o Tar\u00f4 como a s\u00edntese de um conhecimento m\u00edstico, esot\u00e9rico e exot\u00e9rico milenar, que se revela como um espelho arquet\u00edpico para seus leitores. Sejam bem vindos \u00e0 nossa nova jornada!<\/p>\n<p>CONTATOS<br \/>\n<strong>Fone\/ WhatsApp:<\/strong>\u00a0(81) 99634.5003<br \/>\n<strong>E-mail:<\/strong>\u00a0carcaratarot@gmail.com<br \/>\n<strong>Instagram:<\/strong>\u00a0<a href=\"https:\/\/www.instagram.com\/carcaratarot\/\" target=\"_blank\" rel=\"noopener\">@carcaratarot<\/a><\/p>\n","protected":false},"excerpt":{"rendered":"<p>| Por Sabrina Carvalho | Com O Carro inicio essa jornada. O Carro que conduz \u00e0 vit\u00f3ria! Quando fui convidada para compor esta coluna no Portal Flores no Ar &#8211; batizada de \u00a0SabbraCCadabra &#8211; , quis expressar minha gratid\u00e3o ao Tar\u00f4 e celebrar junto a ele essa alegria. Alegria principalmente porque eu, neste segundo semestre [&hellip;]<\/p>\n","protected":false},"author":1,"featured_media":40132,"comment_status":"open","ping_status":"open","sticky":false,"template":"","format":"standard","meta":{"om_disable_all_campaigns":false,"_monsterinsights_skip_tracking":false,"_monsterinsights_sitenote_active":false,"_monsterinsights_sitenote_note":"","_monsterinsights_sitenote_category":0,"footnotes":""},"categories":[1035,220],"tags":[1013,499,296,86],"acf":[],"publishpress_future_action":{"enabled":false,"date":"1969-12-31 21:00:00","action":"","terms":[],"taxonomy":"","browser_timezone_offset":0},"_links":{"self":[{"href":"https:\/\/portalfloresnoar.com\/floresnoar\/wp-json\/wp\/v2\/posts\/22463"}],"collection":[{"href":"https:\/\/portalfloresnoar.com\/floresnoar\/wp-json\/wp\/v2\/posts"}],"about":[{"href":"https:\/\/portalfloresnoar.com\/floresnoar\/wp-json\/wp\/v2\/types\/post"}],"author":[{"embeddable":true,"href":"https:\/\/portalfloresnoar.com\/floresnoar\/wp-json\/wp\/v2\/users\/1"}],"replies":[{"embeddable":true,"href":"https:\/\/portalfloresnoar.com\/floresnoar\/wp-json\/wp\/v2\/comments?post=22463"}],"version-history":[{"count":0,"href":"https:\/\/portalfloresnoar.com\/floresnoar\/wp-json\/wp\/v2\/posts\/22463\/revisions"}],"wp:featuredmedia":[{"embeddable":true,"href":"https:\/\/portalfloresnoar.com\/floresnoar\/wp-json\/wp\/v2\/media\/40132"}],"wp:attachment":[{"href":"https:\/\/portalfloresnoar.com\/floresnoar\/wp-json\/wp\/v2\/media?parent=22463"}],"wp:term":[{"taxonomy":"category","embeddable":true,"href":"https:\/\/portalfloresnoar.com\/floresnoar\/wp-json\/wp\/v2\/categories?post=22463"},{"taxonomy":"post_tag","embeddable":true,"href":"https:\/\/portalfloresnoar.com\/floresnoar\/wp-json\/wp\/v2\/tags?post=22463"}],"curies":[{"name":"wp","href":"https:\/\/api.w.org\/{rel}","templated":true}]}}