

{"id":22449,"date":"2015-09-05T13:01:35","date_gmt":"2015-09-05T16:01:35","guid":{"rendered":"http:\/\/portalfloresnoar.com\/floresnoar\/?p=22449"},"modified":"2015-10-27T10:45:39","modified_gmt":"2015-10-27T13:45:39","slug":"curso-basico-de-aromaterapia-e-modulo-i-do-sistema-floral-de-saint-germain-em-outubro-com-rosangela-bittar","status":"publish","type":"post","link":"https:\/\/portalfloresnoar.com\/floresnoar\/curso-basico-de-aromaterapia-e-modulo-i-do-sistema-floral-de-saint-germain-em-outubro-com-rosangela-bittar\/","title":{"rendered":"Curso B\u00e1sico de Aromaterapia e M\u00f3dulo I do Sistema Floral de Saint Germain em outubro com Rosangela Bittar"},"content":{"rendered":"<p>A aromaterapeuta e terapeuta Floral Rosangela Vecchi Bittar realiza neste m\u00eas de outubro dois cursos no Recife, no bairro de Boa Viagem: o <strong>Curso B\u00e1sico de Aromaterapia<\/strong> e o <strong>M\u00f3dulo I do Sistema Floral de Saint Germain<\/strong>.<\/p>\n<p><em>Confira abaixo os detalhes de cada curso!<\/em><\/p>\n<h4><strong>CURSO B\u00c1SICO DE AROMATERAPIA<\/strong><\/h4>\n<p><img decoding=\"async\" loading=\"lazy\" class=\"wp-image-22453 alignleft\" alt=\"aromaterapia recife\" src=\"http:\/\/portalfloresnoar.com\/floresnoar\/wp-content\/uploads\/2015\/10\/aromaterapia-recife.jpg\" width=\"269\" height=\"320\" srcset=\"https:\/\/portalfloresnoar.com\/floresnoar\/wp-content\/uploads\/2015\/10\/aromaterapia-recife.jpg 480w, https:\/\/portalfloresnoar.com\/floresnoar\/wp-content\/uploads\/2015\/10\/aromaterapia-recife-252x300.jpg 252w\" sizes=\"(max-width: 269px) 100vw, 269px\" \/>O Curso de Aromaterapia \u00e9 muito indicado para os profissionais de est\u00e9tica, sal\u00f5es, cl\u00ednicas, spas, terapeutas hol\u00edsticos e tamb\u00e9m para o p\u00fablico em geral interessado no autocuidado e que deseja conhecer esta forma natural de tratamento.<\/p>\n<p>CONTE\u00daDO PROGRAM\u00c1TICO:<br \/>\n&#8211; Introdu\u00e7\u00e3o ao tema<br \/>\n&#8211; O que s\u00e3o \u00f3leos essenciais; vias seguras; notas arom\u00e1ticas; formas de uso, notas arom\u00e1ticas.<br \/>\n&#8211; \u00d3leos Essenciais alecrim, eucalipto, laranja, lavanda, ylang, ger\u00e2nio, menta, mirra,tomilho, manjeric\u00e3o, manjerona, tea tree. Uso no corpo, na pele, no emocional e no espiritual.<br \/>\n&#8211; \u00d3leo carreador de semente de uva, am\u00eandoa doce, abacate, maracuj\u00e1<br \/>\n&#8211; Os 7 chacras e a harmoniza\u00e7\u00e3o de chacras, movimentos e \u00f3leos indicados dos estudados.<br \/>\n&#8211; \u00d3leos essenciais e o Estresse. (defini\u00e7\u00e3o, sintomas, \u00f3leos indicados)<\/p>\n<p><strong>DATA\/ HOR\u00c1RIO:<\/strong> 17 de outubro ( das 9 \u00e0s 18h) e 18 de outubro (9h \u00e0s 13h)<\/p>\n<p><strong>Valor:<\/strong> R$ 450,00 \u2013 \u00e0 vista 10% de desconto para inscri\u00e7\u00f5es at\u00e9 o dia 10.10 ou pagamento pelo pagseguro com cart\u00e3o de cr\u00e9dito podendo parcelar: site <a href=\"http:\/\/www.pensandonatural.com.br\" target=\"_blank\">www.pensandonatural.com.br<\/a><\/p>\n<p><em>Obs:<\/em> Inclui Certificado e apostila<\/p>\n<h4><strong>CURSO MOD\u00daLO I \u2013 SISTEMA FLORAL DE SAINT GERMAIN<\/strong><\/h4>\n<p><img decoding=\"async\" loading=\"lazy\" class=\"size-full wp-image-22454 alignleft\" alt=\"florais saint germain recife\" src=\"http:\/\/portalfloresnoar.com\/floresnoar\/wp-content\/uploads\/2015\/10\/florais-saint-germain-recife.jpg\" width=\"194\" height=\"259\" \/><span style=\"line-height: 1.71429; letter-spacing: 0em;\">O curso inclui o estudo da ess\u00eancias florais e seu uso na pr\u00e1tica. A Terapia Floral \u00e9 uma pr\u00e1tica complementar de sa\u00fade que atua de forma integral no ser humano beneficiando e tratando v\u00e1rias quest\u00f5es que afetam o indiv\u00edduo de forma natural e segura.<\/span><\/p>\n<p>CONTE\u00daDO PROGRAM\u00c1TICO:<br \/>\n\u2013 Hist\u00f3ria da Terapia Floral \u2013 Bach<br \/>\n\u2013 O Sistema de Saint Germain e sua criadora.<br \/>\n\u2013 O que s\u00e3o ess\u00eancias florais e sua atua\u00e7\u00e3o.<br \/>\n\u2013 Conceito de doen\u00e7a de acordo com a Terapia Floral<br \/>\n\u2013 Conceitua\u00e7\u00e3o: Polaridade, padr\u00e3o.<br \/>\n\u2013 Como se faz uma ess\u00eancia floral?<br \/>\n\u2013 Como se manipula o vidro de uso final.<br \/>\n\u2013 Coment\u00e1rio sobre a Portaria 971 das Pr\u00e1ticas Complementares no SUS<br \/>\n\u2013 As Ess\u00eancias Florais do Sistema Floral de Saint Germain e atua\u00e7\u00e3o de cada uma das 87 ess\u00eancias florais e a f\u00f3rmula Leucantha e o Emergencial demais f\u00f3rmulas prontas do sistema floral de Saint Germain<br \/>\n\u2013 As outras f\u00f3rmulas prontas do sistema para animais e como us\u00e1-las no seu pet.<\/p>\n<p><strong>DATA\/HOR\u00c1RIO:<\/strong> 24 de outubro (9h \u00e0s 18h) e 25 de outubro (de 9h \u00c0S 13h)<br \/>\nCertificado do sistema floral de Saint Germain assinado por Neide Margonari e pela professora Rosangela V.Bittar<br \/>\n<em>Obs:<\/em> Curso apostilado<\/p>\n<p><strong>Valor:<\/strong> R$ 450,00 \u2013 \u00e0 vista 10% de desconto para inscri\u00e7\u00f5es at\u00e9 o dia 10.10 ou pagamento pelo pagseguro com cart\u00e3o de cr\u00e9dito podendo parcelar: site <a href=\"http:\/\/www.pensandonatural.com.br\" target=\"_blank\">www.pensandonatural.com.br<\/a><\/p>\n<p><strong>INFORMA\u00c7\u00d5ES<\/strong><br \/>\n(81) 98843-0584<br \/>\nrosangela.bittar@globo.com<\/p>\n<p><em>Rosangela V.Bittar \u00e9\u00a0especialista em Terapia com Ess\u00eancias Florais pelo UFPE, Habilitada do Sistema Floral de SG \u2013 practioner SG; Professora do Curso da Modalidade Extens\u00e3o em Forma\u00e7\u00e3o eem Terapia com Ess\u00eancias Florais da Universidade Federal de Pernambuco;trabalhos apresentados sobre o uso da terapia floral em Congressos; Palestrante; Coordenadora de Pr\u00e1ticas Complementares da Associa\u00e7\u00e3o Brasileira de Alzheimer Reg. Pernambuco (2008 A 2015); pesquisa cient\u00edfica intitulada: \u201cA Terapia Floral no Cuidado a pacientes portadores de C\u00e2ncer na Cl\u00ednica de Oncologia\u201d, Registro no Sisnep Fr n\u00ba 211286, Registro CEP\/CCS\/UFPE n\u00ba 289\/08. Minist\u00e9rio da Sa\u00fade e devidamente aprovado pelo Comit\u00ea de \u00c9tica, envolvendo seres humanos do Centro de Ci\u00eancias da Sa\u00fade da Universidade Federal de Pernambuco; escritora com cinco livros publicados:<\/em><\/p>\n<ul>\n<li><span style=\"letter-spacing: 0em;\">Os Benef\u00edcios das Ess\u00eancias Florais de Bach no Alzheimer<\/span><\/li>\n<li><span style=\"letter-spacing: 0em;\">Uso Pr\u00e1tico da Terapia Floral na Obesidade<\/span><\/li>\n<li><span style=\"letter-spacing: 0em;\">Aromaterapia na Vida Di\u00e1ria &#8211; Receitas para Viver Melhor<\/span><\/li>\n<li><span style=\"letter-spacing: 0em;\">Manual das Ess\u00eancias Florais do Sistema Saint Germain no Alzheimer<\/span><\/li>\n<li><span style=\"letter-spacing: 0em;\">A Terapia Floral na Oncologia<\/span><\/li>\n<\/ul>\n","protected":false},"excerpt":{"rendered":"<p>A aromaterapeuta e terapeuta Floral Rosangela Vecchi Bittar realiza neste m\u00eas de outubro dois cursos no Recife, no bairro de Boa Viagem: o Curso B\u00e1sico de Aromaterapia e o M\u00f3dulo I do Sistema Floral de Saint Germain. Confira abaixo os detalhes de cada curso! CURSO B\u00c1SICO DE AROMATERAPIA O Curso de Aromaterapia \u00e9 muito indicado [&hellip;]<\/p>\n","protected":false},"author":1,"featured_media":22453,"comment_status":"open","ping_status":"open","sticky":false,"template":"","format":"standard","meta":{"om_disable_all_campaigns":false,"_monsterinsights_skip_tracking":false,"_monsterinsights_sitenote_active":false,"_monsterinsights_sitenote_note":"","_monsterinsights_sitenote_category":0,"footnotes":""},"categories":[8,214],"tags":[73,70],"acf":[],"publishpress_future_action":{"enabled":false,"date":"1969-12-31 21:00:00","action":"","terms":[],"taxonomy":"","browser_timezone_offset":0},"_links":{"self":[{"href":"https:\/\/portalfloresnoar.com\/floresnoar\/wp-json\/wp\/v2\/posts\/22449"}],"collection":[{"href":"https:\/\/portalfloresnoar.com\/floresnoar\/wp-json\/wp\/v2\/posts"}],"about":[{"href":"https:\/\/portalfloresnoar.com\/floresnoar\/wp-json\/wp\/v2\/types\/post"}],"author":[{"embeddable":true,"href":"https:\/\/portalfloresnoar.com\/floresnoar\/wp-json\/wp\/v2\/users\/1"}],"replies":[{"embeddable":true,"href":"https:\/\/portalfloresnoar.com\/floresnoar\/wp-json\/wp\/v2\/comments?post=22449"}],"version-history":[{"count":0,"href":"https:\/\/portalfloresnoar.com\/floresnoar\/wp-json\/wp\/v2\/posts\/22449\/revisions"}],"wp:featuredmedia":[{"embeddable":true,"href":"https:\/\/portalfloresnoar.com\/floresnoar\/wp-json\/wp\/v2\/media\/22453"}],"wp:attachment":[{"href":"https:\/\/portalfloresnoar.com\/floresnoar\/wp-json\/wp\/v2\/media?parent=22449"}],"wp:term":[{"taxonomy":"category","embeddable":true,"href":"https:\/\/portalfloresnoar.com\/floresnoar\/wp-json\/wp\/v2\/categories?post=22449"},{"taxonomy":"post_tag","embeddable":true,"href":"https:\/\/portalfloresnoar.com\/floresnoar\/wp-json\/wp\/v2\/tags?post=22449"}],"curies":[{"name":"wp","href":"https:\/\/api.w.org\/{rel}","templated":true}]}}