

{"id":22432,"date":"2015-11-05T20:39:15","date_gmt":"2015-11-05T23:39:15","guid":{"rendered":"http:\/\/portalfloresnoar.com\/floresnoar\/?p=22432"},"modified":"2015-11-17T10:41:47","modified_gmt":"2015-11-17T13:41:47","slug":"seminario-sobre-sonhos-infantis-dias-5-e-6-de-dezembro-em-salvador","status":"publish","type":"post","link":"https:\/\/portalfloresnoar.com\/floresnoar\/seminario-sobre-sonhos-infantis-dias-5-e-6-de-dezembro-em-salvador\/","title":{"rendered":"Semin\u00e1rio sobre Sonhos Infantis dias 5 e 6 de dezembro em Salvador"},"content":{"rendered":"<p><img decoding=\"async\" loading=\"lazy\" class=\"aligncenter size-full wp-image-22498\" alt=\"seminario sonhos infantis\" src=\"http:\/\/portalfloresnoar.com\/floresnoar\/wp-content\/uploads\/2015\/10\/seminario-sonhos-infantis.jpg\" width=\"696\" height=\"956\" srcset=\"https:\/\/portalfloresnoar.com\/floresnoar\/wp-content\/uploads\/2015\/10\/seminario-sonhos-infantis.jpg 696w, https:\/\/portalfloresnoar.com\/floresnoar\/wp-content\/uploads\/2015\/10\/seminario-sonhos-infantis-218x300.jpg 218w\" sizes=\"(max-width: 696px) 100vw, 696px\" \/><\/p>\n<p>O Instituto de Psicologia Anal\u00edtica da Bahia, em parceria com o Lumen Novum, promove nos dias 5 e 6 de dezembro de 2015, em Salvador\/BA, o Semin\u00e1rio sobre Sonhos Infantis.<\/p>\n<p>Como Jung constatou, os sonhos e o arqu\u00e9tipo da crian\u00e7a abrigam a personalidade futura do adulto, nos acompanhando mesmo depois que crescemos. Muitos sofrimentos apresentados pelas pessoas originam-se em quest\u00f5es que as marcaram desde a inf\u00e2ncia.<\/p>\n<p>Este encontro, baseado nos semin\u00e1rios de Jung sobre Sonhos de Crian\u00e7as, tem como objetivo desenvolver conhecimento para a amplifica\u00e7\u00e3o e an\u00e1lise das imagens interiores, nas quais encontramos um material rico e pr\u00e1tico para a compreens\u00e3o e transforma\u00e7\u00e3o da psique.<\/p>\n<p>A an\u00e1lise dos sonhos, uma parte importante do tratamento anal\u00edtico, possibilita ao indiv\u00edduo o autoconhecimento e a estrutura\u00e7\u00e3o da personalidade atrav\u00e9s do contato com o inconsciente individual e coletivo que direciona o Eu e traz sentido \u00e0 exist\u00eancia.<\/p>\n<p>PROGRAMA<br \/>\n&#8211; Vis\u00e3o de Jung sobre a an\u00e1lise de sonhos e imagens<br \/>\n&#8211; Rela\u00e7\u00e3o da crian\u00e7a com o inconsciente e os conte\u00fados arquet\u00edpicos no decorrer do desenvolvimento.<br \/>\n&#8211; Imagem e Psique \/ S\u00edmbolo<br \/>\n&#8211; Teoria da an\u00e1lise de sonhos e exemplos cl\u00ednicos<br \/>\n&#8211; Viv\u00eancia com imagens<br \/>\n&#8211; Exemplo pr\u00e1tico: trabalho com sonhos desenvolvido em uma escola<\/p>\n<p><strong>Renata Whitaker Horschutz<\/strong> \u00e9 membro didata do Instituto Junguiano de S\u00e3o Paulo, da Associa\u00e7\u00e3o Junguiana do Brasil, da International Association for Analytical Psychology-(Su\u00ed\u00e7a), t\u00edtulo de membro didata obtido em Zurique pela Intenational Society for Sandplay Therapy \u2013(Su\u00ed\u00e7a). Especialista em Cinesiologia, Integra\u00e7\u00e3o Fisiops\u00edquica com base na Psicologia Junguiana pelo Instituto Sedes Sapientiae.<br \/>\nSite: <a href=\"http:\/\/www.psicologiasandplay.com.br\" target=\"_blank\">www.psicologiasandplay.com.br<\/a><\/p>\n<p><strong>P\u00fablico alvo:<\/strong> Psic\u00f3logos, M\u00e9dicos e Estudantes do 4\u00ba Ano de Psicologia<br \/>\n<strong>Local:<\/strong> Instituto de Psicologia Anal\u00edtica da Bahia<br \/>\n<strong>Data: <\/strong>05 e 06 de Dezembro de 2015<br \/>\n<strong>Hor\u00e1rio:<\/strong> S\u00e1bado das 14h \u00e0s 18h\/ Domingo das 9h \u00e0s 13h<\/p>\n<p><strong>Informa\u00e7\u00f5es<\/strong><br \/>\n<em>com Alessandra Guimar\u00e3es e L\u00edvia Campello<\/em><br \/>\n<strong>E-mails: <\/strong>alessandraguima_1@hotmail.com ou liviapcampello@yahoo.com.br<br \/>\n<strong>Tel:<\/strong> (81) 32663044 ou (81) 996596131 (falar com Alessandra ou L\u00edvia)<\/p>\n<p><strong>Investimento:<\/strong> R$ 600,00 (\u2028Inscri\u00e7\u00e3o &#8211; R$ 200,00 para reserva de vaga, e R$ 400,00 no dia do curso).<\/p>\n<p><em>Veja tamb\u00e9m:<\/em> <a href=\"http:\/\/portalfloresnoar.com\/floresnoar\/entrevista-com-a-analista-junguiana-renata-whitaker\/\" target=\"_blank\">ENTREVISTA COM A ANALISTA JUNGUIANA\u00a0RENATA WHITAKER<\/a><\/p>\n","protected":false},"excerpt":{"rendered":"<p>O Instituto de Psicologia Anal\u00edtica da Bahia, em parceria com o Lumen Novum, promove nos dias 5 e 6 de dezembro de 2015, em Salvador\/BA, o Semin\u00e1rio sobre Sonhos Infantis. Como Jung constatou, os sonhos e o arqu\u00e9tipo da crian\u00e7a abrigam a personalidade futura do adulto, nos acompanhando mesmo depois que crescemos. Muitos sofrimentos apresentados [&hellip;]<\/p>\n","protected":false},"author":1,"featured_media":22434,"comment_status":"open","ping_status":"open","sticky":false,"template":"","format":"standard","meta":{"om_disable_all_campaigns":false,"_monsterinsights_skip_tracking":false,"_monsterinsights_sitenote_active":false,"_monsterinsights_sitenote_note":"","_monsterinsights_sitenote_category":0,"footnotes":""},"categories":[8,217,224,214],"tags":[60],"acf":[],"publishpress_future_action":{"enabled":false,"date":"1969-12-31 21:00:00","action":"","terms":[],"taxonomy":"","browser_timezone_offset":0},"_links":{"self":[{"href":"https:\/\/portalfloresnoar.com\/floresnoar\/wp-json\/wp\/v2\/posts\/22432"}],"collection":[{"href":"https:\/\/portalfloresnoar.com\/floresnoar\/wp-json\/wp\/v2\/posts"}],"about":[{"href":"https:\/\/portalfloresnoar.com\/floresnoar\/wp-json\/wp\/v2\/types\/post"}],"author":[{"embeddable":true,"href":"https:\/\/portalfloresnoar.com\/floresnoar\/wp-json\/wp\/v2\/users\/1"}],"replies":[{"embeddable":true,"href":"https:\/\/portalfloresnoar.com\/floresnoar\/wp-json\/wp\/v2\/comments?post=22432"}],"version-history":[{"count":0,"href":"https:\/\/portalfloresnoar.com\/floresnoar\/wp-json\/wp\/v2\/posts\/22432\/revisions"}],"wp:featuredmedia":[{"embeddable":true,"href":"https:\/\/portalfloresnoar.com\/floresnoar\/wp-json\/wp\/v2\/media\/22434"}],"wp:attachment":[{"href":"https:\/\/portalfloresnoar.com\/floresnoar\/wp-json\/wp\/v2\/media?parent=22432"}],"wp:term":[{"taxonomy":"category","embeddable":true,"href":"https:\/\/portalfloresnoar.com\/floresnoar\/wp-json\/wp\/v2\/categories?post=22432"},{"taxonomy":"post_tag","embeddable":true,"href":"https:\/\/portalfloresnoar.com\/floresnoar\/wp-json\/wp\/v2\/tags?post=22432"}],"curies":[{"name":"wp","href":"https:\/\/api.w.org\/{rel}","templated":true}]}}