

{"id":22283,"date":"2015-08-30T21:00:45","date_gmt":"2015-08-31T00:00:45","guid":{"rendered":"http:\/\/portalfloresnoar.com\/floresnoar\/?p=22283"},"modified":"2015-10-10T11:21:59","modified_gmt":"2015-10-10T14:21:59","slug":"palestra-e-workshop-de-psicologia-transpessoal-fotografia-holotropica","status":"publish","type":"post","link":"https:\/\/portalfloresnoar.com\/floresnoar\/palestra-e-workshop-de-psicologia-transpessoal-fotografia-holotropica\/","title":{"rendered":"Palestra e Workshop de Psicologia Transpessoal &#8216;Fotografia Holotr\u00f3pica&#8217;"},"content":{"rendered":"<p><img decoding=\"async\" loading=\"lazy\" class=\"aligncenter size-full wp-image-22315\" alt=\"fotografia holotr\u00f3pica\" src=\"http:\/\/portalfloresnoar.com\/floresnoar\/wp-content\/uploads\/2015\/09\/fotografia-holotr\u00f3pica1.jpg\" width=\"677\" height=\"947\" srcset=\"https:\/\/portalfloresnoar.com\/floresnoar\/wp-content\/uploads\/2015\/09\/fotografia-holotr\u00f3pica1.jpg 677w, https:\/\/portalfloresnoar.com\/floresnoar\/wp-content\/uploads\/2015\/09\/fotografia-holotr\u00f3pica1-214x300.jpg 214w\" sizes=\"(max-width: 677px) 100vw, 677px\" \/><\/p>\n<p>O psic\u00f3logo Transpessoal Iraj\u00e1 Neto, conhecido tamb\u00e9m como Cicloton Iraj\u00e1, realiza no dia <strong>9 de outubro<\/strong> (sexta-feira), das 19h \u00e0s 21h, no Espa\u00e7o Gerar, uma<strong> palestra gratuita<\/strong> com o tema &#8216;Fotografia Holotr\u00f3pica&#8217;. O tema \u00e9 em alus\u00e3o a &#8220;A Mente Holotr\u00f3pica&#8221; de Stanislav Grof &#8211; psiquiatra checo que desenvolveu nos Estados Unidos pesquisas sobre os estados alterados de consci\u00eancia. e que criou a\u00a0&#8220;respira\u00e7\u00e3o holotr\u00f3pica&#8221;.\u00a0Grof criou a &#8220;respira\u00e7\u00e3o holotr\u00f3pica&#8221;, e \u00a0Ciclotron nos conecta com a &#8220;Fotografia Holotr\u00f3pica&#8221;.<\/p>\n<p>J\u00e1 no <strong>s\u00e1bado<\/strong> (10\/10), Ciclotron facilita o<strong> Workshop<\/strong> de Psicologia Transpessoal \u2018Fotografia Holotr\u00f3pica\u2019, tamb\u00e9m no Espa\u00e7o Gerar, de 9h \u00e0s 17h, com intervalo para o almo\u00e7o.<\/p>\n<p>De acordo com Ciclotron, o encontro tem como objetivo promover uma experi\u00eancia transpessoal de conex\u00e3o dos hemisf\u00e9rios cerebrais atrav\u00e9s da imagem fotogr\u00e1fica, visando agu\u00e7ar a percep\u00e7\u00e3o ocular na abertura do 3\u00ba Olho. As imagens ser\u00e3o fotografadas pelos participantes em qualquer tipo de dispositivo m\u00f3vel (celular, tablet etc) e depois trabalhada graficamente pelo facilitador at\u00e9 chegar \u00e0 imagem projetiva do inconsciente de cada um que est\u00e1 fazendo parte do experimento.<\/p>\n<p>Ciclotron Iraj\u00e1 \u00e9 surfista, psic\u00f3logo e fot\u00f3grafo. De acordo com o psic\u00f3logo, sua pesquisa sobre &#8216;Psicologia Transpessoal&#8217; e o chamado &#8216;Estado de Consci\u00eancia Alterada&#8217; &#8220;\u00e9 um convite para acessar o &#8216;inconsciente coletivo&#8217; e sua &#8216;cosmologia&#8217; atrav\u00e9s da fotografia, alcan\u00e7ando a &#8216;felicidade absoluta&#8217; de regresso \u00e0s estrelas&#8221;.<\/p>\n<p><strong>PROGRAMA\u00c7\u00c3O DO WORKSHOP<\/strong><br \/>\n<strong>Manh\u00e3:<\/strong><br \/>\nDe 09h \u00e0s 11h &#8211; Explana\u00e7\u00e3o do conceito, ferramentas e ideias de como capturar uma imagem precisa para se atingir o inconsciente.<br \/>\nDe 11h \u00e0s 12h &#8211; Libera\u00e7\u00e3o para captura das imagens.<\/p>\n<p><strong>Tarde:<\/strong><br \/>\nDe 13h \u00e0s 15h &#8211; Produ\u00e7\u00e3o das imagens inconscientes.<br \/>\nDe 15h \u00e0s 17h &#8211; Compartilhamentos da experi\u00eancia projetiva com o grupo e encerramento.<\/p>\n<p>SERVI\u00c7O<br \/>\n<span style=\"text-decoration: underline;\"><strong>Palestra<\/strong><\/span><br \/>\n<strong>Data:<\/strong> 9\/10\/2015<br \/>\n<strong>Hora:<\/strong> 19h \u00e0s 21h<br \/>\n<strong>Local:\u00a0<\/strong>Espa\u00e7o Gerar &#8211;\u00a0Rua Jorge de Albuquerque, 103, Casa Forte, Recife-PE. Fone:\u00a0(81) 3268-1749.<br \/>\n<em><strong>Entrada gratuita!<\/strong><\/em><\/p>\n<p><span style=\"text-decoration: underline;\"><strong>Workshop<\/strong><\/span><br \/>\n<strong>Data:<\/strong> 10\/10\/2015<br \/>\n<strong>Hora:<\/strong> 9h \u00e0s 17h (com intervalo para almo\u00e7o).<br \/>\n<strong>Local:\u00a0<\/strong>Espa\u00e7o Gerar &#8211;\u00a0Rua Jorge de Albuquerque, 103, Casa Forte, Recife-PE. Fone:\u00a0(81) 3268-1749.<br \/>\n<strong>P\u00fablico-alvo:<\/strong> Estudantes de Psicologia, Arte e Educa\u00e7\u00e3o; Psic\u00f3logos, Artistas, Fil\u00f3sofos e demais interessados.<br \/>\n<strong>Investimento:<\/strong> R$ 150,00<\/p>\n<p><em>Obs: Vagas limitadas a no m\u00e1ximo 10 participantes.<\/em><\/p>\n<p><em>\u00a0<\/em><\/p>\n","protected":false},"excerpt":{"rendered":"<p>O psic\u00f3logo Transpessoal Iraj\u00e1 Neto, conhecido tamb\u00e9m como Cicloton Iraj\u00e1, realiza no dia 9 de outubro (sexta-feira), das 19h \u00e0s 21h, no Espa\u00e7o Gerar, uma palestra gratuita com o tema &#8216;Fotografia Holotr\u00f3pica&#8217;. O tema \u00e9 em alus\u00e3o a &#8220;A Mente Holotr\u00f3pica&#8221; de Stanislav Grof &#8211; psiquiatra checo que desenvolveu nos Estados Unidos pesquisas sobre os [&hellip;]<\/p>\n","protected":false},"author":1,"featured_media":22287,"comment_status":"open","ping_status":"open","sticky":false,"template":"","format":"standard","meta":{"om_disable_all_campaigns":false,"_monsterinsights_skip_tracking":false,"_monsterinsights_sitenote_active":false,"_monsterinsights_sitenote_note":"","_monsterinsights_sitenote_category":0,"footnotes":""},"categories":[8,214],"tags":[47,275],"acf":[],"publishpress_future_action":{"enabled":false,"date":"1969-12-31 21:00:00","action":"","terms":[],"taxonomy":"","browser_timezone_offset":0},"_links":{"self":[{"href":"https:\/\/portalfloresnoar.com\/floresnoar\/wp-json\/wp\/v2\/posts\/22283"}],"collection":[{"href":"https:\/\/portalfloresnoar.com\/floresnoar\/wp-json\/wp\/v2\/posts"}],"about":[{"href":"https:\/\/portalfloresnoar.com\/floresnoar\/wp-json\/wp\/v2\/types\/post"}],"author":[{"embeddable":true,"href":"https:\/\/portalfloresnoar.com\/floresnoar\/wp-json\/wp\/v2\/users\/1"}],"replies":[{"embeddable":true,"href":"https:\/\/portalfloresnoar.com\/floresnoar\/wp-json\/wp\/v2\/comments?post=22283"}],"version-history":[{"count":0,"href":"https:\/\/portalfloresnoar.com\/floresnoar\/wp-json\/wp\/v2\/posts\/22283\/revisions"}],"wp:featuredmedia":[{"embeddable":true,"href":"https:\/\/portalfloresnoar.com\/floresnoar\/wp-json\/wp\/v2\/media\/22287"}],"wp:attachment":[{"href":"https:\/\/portalfloresnoar.com\/floresnoar\/wp-json\/wp\/v2\/media?parent=22283"}],"wp:term":[{"taxonomy":"category","embeddable":true,"href":"https:\/\/portalfloresnoar.com\/floresnoar\/wp-json\/wp\/v2\/categories?post=22283"},{"taxonomy":"post_tag","embeddable":true,"href":"https:\/\/portalfloresnoar.com\/floresnoar\/wp-json\/wp\/v2\/tags?post=22283"}],"curies":[{"name":"wp","href":"https:\/\/api.w.org\/{rel}","templated":true}]}}