

{"id":22243,"date":"2023-10-23T04:52:07","date_gmt":"2023-10-23T07:52:07","guid":{"rendered":"http:\/\/portalfloresnoar.com\/floresnoar\/?p=22243"},"modified":"2023-10-23T18:19:14","modified_gmt":"2023-10-23T21:19:14","slug":"agua-solarizada","status":"publish","type":"post","link":"https:\/\/portalfloresnoar.com\/floresnoar\/agua-solarizada\/","title":{"rendered":"\u00c1gua Solarizada"},"content":{"rendered":"<p>\u00c1gua e Sol. Ta\u00ed uma jun\u00e7\u00e3o boa! A solariza\u00e7\u00e3o da \u00e1gua \u00e9 natural \u00a0e simples.<\/p>\n<p>Desinfec\u00e7\u00e3o solar da \u00e1gua ou SODIS (SOlar water DISinfection) \u00e9 um m\u00e9todo de desinfec\u00e7\u00e3o da \u00e1gua de baixo custo que utiliza o raios ultravioleta (UV) do Sol e garrafas de vidro (preferencialmente) transparentes e incolor. Quanto mais fina as paredes da garrafa, mais eficiente a desinfec\u00e7\u00e3o pela melhor penetra\u00e7\u00e3o dos raios UV.<\/p>\n<p>COMO FAZER:<br \/>\n\u00c9 s\u00f3 colocar \u00e1gua num recipiente de vidro e exp\u00f4-la ao Sol, tampando com uma gaze. Segundo a cientista Concei\u00e7\u00e3o Trucom, o m\u00e9todo elimina da \u00e1gua pat\u00f3genos e excesso de gases, como cloro e fl\u00faor, energizando-a com \u00f3timos fluidos.<\/p>\n<p>\u00c9 aconselhado expor a \u00e1gua ao sol por no m\u00ednimo seis horas (come\u00e7ando de prefer\u00eancia de manh\u00e3 cedinho). A \u00e1gua pode, ent\u00e3o, ser armazenada no mesmo recipiente e consumida por um ou dois dias.<\/p>\n<p><em>Saiba mais no v\u00eddeo abaixo!<\/em><\/p>\n<p><iframe loading=\"lazy\" title=\"YouTube video player\" src=\"https:\/\/www.youtube.com\/embed\/Gw21X-e-QHU?si=ypYY_jiuHNRvfiDy\" width=\"560\" height=\"315\" frameborder=\"0\" allowfullscreen=\"allowfullscreen\"><\/iframe><\/p>\n<p><strong>Mais informa\u00e7\u00f5es:<\/strong>\u00a0<a href=\"http:\/\/www.sodis.ch\/methode\/anwendung\/ausbildungsmaterial\/dokumente_material\/manual_p.pdf\" target=\"_blank\" rel=\"noopener\">http:\/\/www.sodis.ch\/methode\/anwendung\/ausbildungsmaterial\/dokumente_material\/manual_p.pdf<\/a><\/p>\n<p>Mais informa\u00e7\u00f5es <strong><a href=\"https:\/\/www.docelimao.com.br\/site\/terapias\/86-terapias\/1263-agua-solarizada-a-cromoterapia.html\" target=\"_blank\" rel=\"noopener\">AQUI<\/a><\/strong>!<\/p>\n","protected":false},"excerpt":{"rendered":"<p>\u00c1gua e Sol. Ta\u00ed uma jun\u00e7\u00e3o boa! A solariza\u00e7\u00e3o da \u00e1gua \u00e9 natural \u00a0e simples. Desinfec\u00e7\u00e3o solar da \u00e1gua ou SODIS (SOlar water DISinfection) \u00e9 um m\u00e9todo de desinfec\u00e7\u00e3o da \u00e1gua de baixo custo que utiliza o raios ultravioleta (UV) do Sol e garrafas de vidro (preferencialmente) transparentes e incolor. Quanto mais fina as paredes [&hellip;]<\/p>\n","protected":false},"author":1,"featured_media":29967,"comment_status":"open","ping_status":"open","sticky":false,"template":"","format":"standard","meta":{"om_disable_all_campaigns":false,"_monsterinsights_skip_tracking":false,"_monsterinsights_sitenote_active":false,"_monsterinsights_sitenote_note":"","_monsterinsights_sitenote_category":0,"footnotes":""},"categories":[91],"tags":[50,377,168],"acf":[],"publishpress_future_action":{"enabled":false,"date":"1969-12-31 21:00:00","action":"","terms":[],"taxonomy":"","browser_timezone_offset":0},"_links":{"self":[{"href":"https:\/\/portalfloresnoar.com\/floresnoar\/wp-json\/wp\/v2\/posts\/22243"}],"collection":[{"href":"https:\/\/portalfloresnoar.com\/floresnoar\/wp-json\/wp\/v2\/posts"}],"about":[{"href":"https:\/\/portalfloresnoar.com\/floresnoar\/wp-json\/wp\/v2\/types\/post"}],"author":[{"embeddable":true,"href":"https:\/\/portalfloresnoar.com\/floresnoar\/wp-json\/wp\/v2\/users\/1"}],"replies":[{"embeddable":true,"href":"https:\/\/portalfloresnoar.com\/floresnoar\/wp-json\/wp\/v2\/comments?post=22243"}],"version-history":[{"count":3,"href":"https:\/\/portalfloresnoar.com\/floresnoar\/wp-json\/wp\/v2\/posts\/22243\/revisions"}],"predecessor-version":[{"id":44338,"href":"https:\/\/portalfloresnoar.com\/floresnoar\/wp-json\/wp\/v2\/posts\/22243\/revisions\/44338"}],"wp:featuredmedia":[{"embeddable":true,"href":"https:\/\/portalfloresnoar.com\/floresnoar\/wp-json\/wp\/v2\/media\/29967"}],"wp:attachment":[{"href":"https:\/\/portalfloresnoar.com\/floresnoar\/wp-json\/wp\/v2\/media?parent=22243"}],"wp:term":[{"taxonomy":"category","embeddable":true,"href":"https:\/\/portalfloresnoar.com\/floresnoar\/wp-json\/wp\/v2\/categories?post=22243"},{"taxonomy":"post_tag","embeddable":true,"href":"https:\/\/portalfloresnoar.com\/floresnoar\/wp-json\/wp\/v2\/tags?post=22243"}],"curies":[{"name":"wp","href":"https:\/\/api.w.org\/{rel}","templated":true}]}}