

{"id":22178,"date":"2015-08-06T10:32:53","date_gmt":"2015-08-06T13:32:53","guid":{"rendered":"http:\/\/portalfloresnoar.com\/floresnoar\/?p=22178"},"modified":"2015-09-24T12:05:45","modified_gmt":"2015-09-24T15:05:45","slug":"patricia-munick-inicia-programa-creative-coaching-dia-229-inscricoes-abertas","status":"publish","type":"post","link":"https:\/\/portalfloresnoar.com\/floresnoar\/patricia-munick-inicia-programa-creative-coaching-dia-229-inscricoes-abertas\/","title":{"rendered":"Patricia Munick inicia Programa Creative Coaching dia 22\/9. Inscri\u00e7\u00f5es abertas!"},"content":{"rendered":"<p><img decoding=\"async\" loading=\"lazy\" class=\"aligncenter size-full wp-image-22180\" alt=\"creative coaching\" src=\"http:\/\/portalfloresnoar.com\/floresnoar\/wp-content\/uploads\/2015\/09\/creative-coaching.jpg\" width=\"659\" height=\"172\" srcset=\"https:\/\/portalfloresnoar.com\/floresnoar\/wp-content\/uploads\/2015\/09\/creative-coaching.jpg 659w, https:\/\/portalfloresnoar.com\/floresnoar\/wp-content\/uploads\/2015\/09\/creative-coaching-300x78.jpg 300w\" sizes=\"(max-width: 659px) 100vw, 659px\" \/><\/p>\n<p>A <em>personal<\/em> e <em>professional coaching<\/em> Patricia Munick lan\u00e7a no dia 22\/09 o Creative Caf\u00e9 Coaching, um programa de cria\u00e7\u00e3o e planejamento de metas para alinhar a miss\u00e3o pessoal e o prop\u00f3sito de vida, despertar a criatividade e, dentre outros pontos, desenvolver ideias de neg\u00f3cio.<\/p>\n<p>Os encontros acontecer\u00e3o nas ter\u00e7as-feiras, das 14h30 \u00e0s 17h, no Jardim da Galeria The Garden Open Mall, em Piedade, durante 12 semanas. As inscri\u00e7\u00f5es est\u00e3o abertas e os interessados poder\u00e3o conhecer o programa gratuitamente no Open Mind do dia 22\/09. As vagas s\u00e3o limitadas!<\/p>\n<p><strong>Programa de cria\u00e7\u00e3o e planejamento de metas em 12 Semanas com ferramentas de Coaching da Criatividade<\/strong>:<br \/>\n\u2022 Alinhar miss\u00e3o pessoal, poder pessoal e prop\u00f3sito de vida<br \/>\n\u2022 Despertar a criatividade<br \/>\n\u2022 Elaborar seu plano de neg\u00f3cio pessoal baseado no modelo CANVAS<br \/>\n\u2022 Tirar sua ideia de neg\u00f3cio da gaveta ou elevar seu neg\u00f3cio atual ao pr\u00f3ximo n\u00edvel<br \/>\n\u2022 Direcionar dons e talentos<br \/>\n\u2022 Administrar melhor seu tempo<br \/>\n\u2022 Reduzir o estresse e a ansiedade<br \/>\n\u2022 Atuar com efici\u00eancia ampliando a visibilidade do seu trabalho<br \/>\n\u2022 Melhorar sua qualidade de vida<br \/>\n\u2022 Investir no auto-conhecimento, auto-estima, auto-valida\u00e7\u00e3o.<\/p>\n<p><strong>O perfil desejado para o programa:<\/strong><br \/>\n\u2022 Empreendedor individual ou ME (Micro Empreendedor)<br \/>\n\u2022 Imaginadores que querem deixar o mundo mais leve e + amoroso.<br \/>\n\u2022 Imaginadores que querem entregar valor para outras pessoas atrav\u00e9s dos seus servi\u00e7os, produtos e talentos.<br \/>\n\u2022 Imaginadores que desejam ser mais criativos e flex\u00edveis<br \/>\n\u2022 Imaginadores que desejam trabalhar com amor e prazer<br \/>\n\u2022 Precisa fortalecer habilidades empreendedoras: foco, vis\u00e3o, planejamento, auto-confian\u00e7a, persuas\u00e3o, marketing pessoal e rede de contatos<br \/>\n\u2022 Possui uma ideia de neg\u00f3cio e precisa aperfei\u00e7oar ou colocar em pr\u00e1tica<br \/>\n\u2022 Profissional aut\u00f4nomo de qualquer segmento<\/p>\n<p style=\"text-align: center;\"><img decoding=\"async\" loading=\"lazy\" class=\"aligncenter  wp-image-22179\" alt=\"patricia munick\" src=\"http:\/\/portalfloresnoar.com\/floresnoar\/wp-content\/uploads\/2015\/09\/patricia-munick.jpg\" width=\"686\" height=\"278\" srcset=\"https:\/\/portalfloresnoar.com\/floresnoar\/wp-content\/uploads\/2015\/09\/patricia-munick.jpg 857w, https:\/\/portalfloresnoar.com\/floresnoar\/wp-content\/uploads\/2015\/09\/patricia-munick-300x121.jpg 300w\" sizes=\"(max-width: 686px) 100vw, 686px\" \/><\/p>\n<p><strong>In\u00edcio do programa:<\/strong> 22 de setembro de 2015<br \/>\n<strong>Periodicidade:<\/strong> 12 semanas (um encontro semanal de duas horas e meia em coaching group)<br \/>\n<strong>Hor\u00e1rio:<\/strong> Ter\u00e7as das 14h30 \u00e0s 17h<br \/>\n<strong>Local:<\/strong> Jardim da Galeria The Garden Open Mall &#8211; Av. Bernardo Vieira de Melo, 209, Piedade (por tr\u00e1s da Pizzaria Atl\u00e2ntico)<\/p>\n<p>Sobre Valores e inscri\u00e7\u00f5es <a href=\"http:\/\/www.patriciamunickcoaching.blogspot.com.br\/2015\/09\/creative-coaching-cafe.html\" target=\"_blank\">CLIQUE AQUI<\/a>!<\/p>\n","protected":false},"excerpt":{"rendered":"<p>A personal e professional coaching Patricia Munick lan\u00e7a no dia 22\/09 o Creative Caf\u00e9 Coaching, um programa de cria\u00e7\u00e3o e planejamento de metas para alinhar a miss\u00e3o pessoal e o prop\u00f3sito de vida, despertar a criatividade e, dentre outros pontos, desenvolver ideias de neg\u00f3cio. Os encontros acontecer\u00e3o nas ter\u00e7as-feiras, das 14h30 \u00e0s 17h, no Jardim [&hellip;]<\/p>\n","protected":false},"author":1,"featured_media":22181,"comment_status":"open","ping_status":"open","sticky":false,"template":"","format":"standard","meta":{"om_disable_all_campaigns":false,"_monsterinsights_skip_tracking":false,"_monsterinsights_sitenote_active":false,"_monsterinsights_sitenote_note":"","_monsterinsights_sitenote_category":0,"footnotes":""},"categories":[8,214],"tags":[119],"acf":[],"publishpress_future_action":{"enabled":false,"date":"1969-12-31 21:00:00","action":"","terms":[],"taxonomy":"","browser_timezone_offset":0},"_links":{"self":[{"href":"https:\/\/portalfloresnoar.com\/floresnoar\/wp-json\/wp\/v2\/posts\/22178"}],"collection":[{"href":"https:\/\/portalfloresnoar.com\/floresnoar\/wp-json\/wp\/v2\/posts"}],"about":[{"href":"https:\/\/portalfloresnoar.com\/floresnoar\/wp-json\/wp\/v2\/types\/post"}],"author":[{"embeddable":true,"href":"https:\/\/portalfloresnoar.com\/floresnoar\/wp-json\/wp\/v2\/users\/1"}],"replies":[{"embeddable":true,"href":"https:\/\/portalfloresnoar.com\/floresnoar\/wp-json\/wp\/v2\/comments?post=22178"}],"version-history":[{"count":0,"href":"https:\/\/portalfloresnoar.com\/floresnoar\/wp-json\/wp\/v2\/posts\/22178\/revisions"}],"wp:featuredmedia":[{"embeddable":true,"href":"https:\/\/portalfloresnoar.com\/floresnoar\/wp-json\/wp\/v2\/media\/22181"}],"wp:attachment":[{"href":"https:\/\/portalfloresnoar.com\/floresnoar\/wp-json\/wp\/v2\/media?parent=22178"}],"wp:term":[{"taxonomy":"category","embeddable":true,"href":"https:\/\/portalfloresnoar.com\/floresnoar\/wp-json\/wp\/v2\/categories?post=22178"},{"taxonomy":"post_tag","embeddable":true,"href":"https:\/\/portalfloresnoar.com\/floresnoar\/wp-json\/wp\/v2\/tags?post=22178"}],"curies":[{"name":"wp","href":"https:\/\/api.w.org\/{rel}","templated":true}]}}