

{"id":22156,"date":"2015-08-14T10:28:00","date_gmt":"2015-08-14T13:28:00","guid":{"rendered":"http:\/\/portalfloresnoar.com\/floresnoar\/?p=22156"},"modified":"2015-09-19T11:35:00","modified_gmt":"2015-09-19T14:35:00","slug":"oficina-de-alimentacao-viva-dia-199-no-recife","status":"publish","type":"post","link":"https:\/\/portalfloresnoar.com\/floresnoar\/oficina-de-alimentacao-viva-dia-199-no-recife\/","title":{"rendered":"Oficina de Alimenta\u00e7\u00e3o Viva dia 19\/9 no Recife"},"content":{"rendered":"<p style=\"text-align: center;\"><img decoding=\"async\" loading=\"lazy\" class=\"aligncenter  wp-image-22158\" alt=\"oficina de alimenta\u00e7\u00e3o viva\" src=\"http:\/\/portalfloresnoar.com\/floresnoar\/wp-content\/uploads\/2015\/09\/oficina-de-alimenta\u00e7\u00e3o-viva.jpg\" width=\"719\" height=\"515\" srcset=\"https:\/\/portalfloresnoar.com\/floresnoar\/wp-content\/uploads\/2015\/09\/oficina-de-alimenta\u00e7\u00e3o-viva.jpg 888w, https:\/\/portalfloresnoar.com\/floresnoar\/wp-content\/uploads\/2015\/09\/oficina-de-alimenta\u00e7\u00e3o-viva-300x214.jpg 300w\" sizes=\"(max-width: 719px) 100vw, 719px\" \/><\/p>\n<p>Neste s\u00e1bado (19\/9), das 10h \u00e0s 16h, \u00a0ser\u00e1 realizado no Espa\u00e7o Rosa dos Ventos, no Recife, a Oficina de Alimenta\u00e7\u00e3o Viva, ministrada pela facilitadora V\u00e2nia Carvalho. O encontro tem como objetivo promover no\u00e7\u00f5es b\u00e1sicas de germina\u00e7\u00e3o de sementes, introduzindo esse h\u00e1bito no cotidiano de cada um, a partir do conhecimento e da consci\u00eancia de que, da\u00ed, se produz energia necess\u00e1ria para uma qualidade de vida plena.<\/p>\n<p>&#8220;Na oficina ser\u00e1 promovida e facilitada a pr\u00e1tica da alimenta\u00e7\u00e3o viva na transforma\u00e7\u00e3o de alimentos crus em pratos fixados na mem\u00f3ria afetiva de nossos h\u00e1bitos alimentares, arraigados em n\u00f3s desde a inf\u00e2ncia. Ser\u00e1 feita uma associa\u00e7\u00e3o dessa alimenta\u00e7\u00e3o com a cura necess\u00e1ria para o corpo em estado alcalino, ao contr\u00e1rio das pr\u00e1ticas processadas, que acidificam o organismo, facilitando um ambiente prop\u00edcio \u00e0s bact\u00e9rias&#8221;, declara a facilitadora.<\/p>\n<p>A oficina ainda promover\u00e1 o preparo do suco da luz do sol com sementes germinadas, o preparo de receitas valorizando os alimentos vivos, in natura, sem processamento pelo calor, frio ou refina\u00e7\u00e3o; a prepara\u00e7\u00e3o da compostagem dos res\u00edduos alimentares, e o desenho do alimento vivo, valorizando e promovendo o encantamento desta alimenta\u00e7\u00e3o, obtendo-se resultados ainda mais positivos associados \u00e0 nutri\u00e7\u00e3o.<\/p>\n<p><strong>OFICINA DE ALIMENTA\u00c7\u00c3O VIVA<\/strong><br \/>\n<em><strong>Com V\u00e2nia Carvalho<\/strong><\/em><br \/>\n<strong>Dia:<\/strong> 19 de setembro,2015<br \/>\n<strong>Hora:<\/strong> 10 as 16 hrs.<br \/>\n<strong>Local:<\/strong> Rosas do Vento -Rua Augusto Rodrigues, 371,\u00a0Torre\u00e3o &#8211; Recife.<br \/>\n<strong>Telefones:<\/strong>(81) 3037.2594\/\u00a09 97382028<br \/>\n<strong>Valor:<\/strong>\u00a0R$ 80.00<br \/>\n<strong>Obs:<\/strong>\u00a0Inscri\u00e7\u00f5es at\u00e9 dia 17\/9 (quinta-feira),\u00a0via dep\u00f3sito banc\u00e1rio ou diretamente no Local com Dany.<strong><br \/>\nInscri\u00e7\u00e3o via dep\u00f3sito: Caixa econ\u00f4mica ou lot\u00e9rica<br \/>\nC\/C: 882-2 AG. : 3014 _Suzana Lopes de Souza<br \/>\nWhatsapp: 81.99624.7071<\/strong><\/p>\n","protected":false},"excerpt":{"rendered":"<p>Neste s\u00e1bado (19\/9), das 10h \u00e0s 16h, \u00a0ser\u00e1 realizado no Espa\u00e7o Rosa dos Ventos, no Recife, a Oficina de Alimenta\u00e7\u00e3o Viva, ministrada pela facilitadora V\u00e2nia Carvalho. O encontro tem como objetivo promover no\u00e7\u00f5es b\u00e1sicas de germina\u00e7\u00e3o de sementes, introduzindo esse h\u00e1bito no cotidiano de cada um, a partir do conhecimento e da consci\u00eancia de que, [&hellip;]<\/p>\n","protected":false},"author":1,"featured_media":22157,"comment_status":"open","ping_status":"open","sticky":false,"template":"","format":"standard","meta":{"om_disable_all_campaigns":false,"_monsterinsights_skip_tracking":false,"_monsterinsights_sitenote_active":false,"_monsterinsights_sitenote_note":"","_monsterinsights_sitenote_category":0,"footnotes":""},"categories":[8,214],"tags":[50,272],"acf":[],"publishpress_future_action":{"enabled":false,"date":"1969-12-31 21:00:00","action":"","terms":[],"taxonomy":"","browser_timezone_offset":0},"_links":{"self":[{"href":"https:\/\/portalfloresnoar.com\/floresnoar\/wp-json\/wp\/v2\/posts\/22156"}],"collection":[{"href":"https:\/\/portalfloresnoar.com\/floresnoar\/wp-json\/wp\/v2\/posts"}],"about":[{"href":"https:\/\/portalfloresnoar.com\/floresnoar\/wp-json\/wp\/v2\/types\/post"}],"author":[{"embeddable":true,"href":"https:\/\/portalfloresnoar.com\/floresnoar\/wp-json\/wp\/v2\/users\/1"}],"replies":[{"embeddable":true,"href":"https:\/\/portalfloresnoar.com\/floresnoar\/wp-json\/wp\/v2\/comments?post=22156"}],"version-history":[{"count":0,"href":"https:\/\/portalfloresnoar.com\/floresnoar\/wp-json\/wp\/v2\/posts\/22156\/revisions"}],"wp:featuredmedia":[{"embeddable":true,"href":"https:\/\/portalfloresnoar.com\/floresnoar\/wp-json\/wp\/v2\/media\/22157"}],"wp:attachment":[{"href":"https:\/\/portalfloresnoar.com\/floresnoar\/wp-json\/wp\/v2\/media?parent=22156"}],"wp:term":[{"taxonomy":"category","embeddable":true,"href":"https:\/\/portalfloresnoar.com\/floresnoar\/wp-json\/wp\/v2\/categories?post=22156"},{"taxonomy":"post_tag","embeddable":true,"href":"https:\/\/portalfloresnoar.com\/floresnoar\/wp-json\/wp\/v2\/tags?post=22156"}],"curies":[{"name":"wp","href":"https:\/\/api.w.org\/{rel}","templated":true}]}}