

{"id":22142,"date":"2015-09-05T14:48:53","date_gmt":"2015-09-05T17:48:53","guid":{"rendered":"http:\/\/portalfloresnoar.com\/floresnoar\/?p=22142"},"modified":"2015-11-14T11:42:08","modified_gmt":"2015-11-14T14:42:08","slug":"minicurso-contos-de-fadas-e-outras-narrativas-um-olhar-junguiano-dia-14-de-novembro-no-recife","status":"publish","type":"post","link":"https:\/\/portalfloresnoar.com\/floresnoar\/minicurso-contos-de-fadas-e-outras-narrativas-um-olhar-junguiano-dia-14-de-novembro-no-recife\/","title":{"rendered":"Minicurso &#8216;Contos de Fadas e outras narrativas: um olhar Junguiano&#8217; dia 14 de novembro no Recife"},"content":{"rendered":"<p><img decoding=\"async\" loading=\"lazy\" class=\"aligncenter size-full wp-image-22144\" alt=\"contos de fadas_lorena richter\" src=\"http:\/\/portalfloresnoar.com\/floresnoar\/wp-content\/uploads\/2015\/09\/contos-de-fadas_lorena-richter.jpg\" width=\"762\" height=\"952\" srcset=\"https:\/\/portalfloresnoar.com\/floresnoar\/wp-content\/uploads\/2015\/09\/contos-de-fadas_lorena-richter.jpg 762w, https:\/\/portalfloresnoar.com\/floresnoar\/wp-content\/uploads\/2015\/09\/contos-de-fadas_lorena-richter-240x300.jpg 240w\" sizes=\"(max-width: 762px) 100vw, 762px\" \/><br \/>\nA psic\u00f3loga Cl\u00ednica e especialista em Psicologia Junguiana Lorena Kim Richter realiza no dia 14 de novembro de 2015 no Recife o minicurso &#8216;Contos de Fadas e outras narrativas: um olhar Junguiano&#8217;. O encontro \u00e9 promovido pelo Lumen Novum &#8211; Psicologia Anal\u00edtica e Arteterapia e acontecer\u00e1 no Espa\u00e7o Rizoma, em Casa Forte, das 9h \u00e0s 17h. As inscri\u00e7\u00f5es est\u00e3o abertas!<\/p>\n<p>Lorena Richter\u00a0\u00e9 psic\u00f3loga cl\u00ednica, contadora de hist\u00f3rias, Mestre em Psi. Cl\u00ednica (PUC -RJ), especialista em Psicologia Junguiana (UVA &#8211; RJ), professora da P\u00f3s-Gradua\u00e7ao em Psicologia Junguiana UNESA (RJ) e tradutora do alem\u00e3o para o portugu\u00eas dos livros &#8220;Sobre Sonhos e Transforma\u00e7\u00f5es&#8221; e &#8221; Sobre sentimentos e a Sombra&#8221;, da Editora Vozes.<\/p>\n<p><strong>Local:<\/strong> Espa\u00e7o Rizoma, Rua Marechal Rondom, 256,Casa Forte, Recife\/PE<\/p>\n<p><strong>Inscri\u00e7\u00f5es:<\/strong> (81) 3266.3044\/ 9 9659.6131<\/p>\n<h3><span style=\"text-decoration: underline;\"><a href=\"http:\/\/portalfloresnoar.com\/floresnoar\/sempre-acreditei-que-aquele-que-considera-cuidadosamente-a-alma-do-outro-deve-voltar-se-intensamente-para-a-arte-confira-entrevista-com-lorena-kim-richter\/\" target=\"_blank\">CONFIRA ENTREVISTA COM LORENA KIM RICHTER!<\/a><\/span><\/h3>\n","protected":false},"excerpt":{"rendered":"<p>A psic\u00f3loga Cl\u00ednica e especialista em Psicologia Junguiana Lorena Kim Richter realiza no dia 14 de novembro de 2015 no Recife o minicurso &#8216;Contos de Fadas e outras narrativas: um olhar Junguiano&#8217;. O encontro \u00e9 promovido pelo Lumen Novum &#8211; Psicologia Anal\u00edtica e Arteterapia e acontecer\u00e1 no Espa\u00e7o Rizoma, em Casa Forte, das 9h \u00e0s [&hellip;]<\/p>\n","protected":false},"author":1,"featured_media":22145,"comment_status":"open","ping_status":"open","sticky":false,"template":"","format":"standard","meta":{"om_disable_all_campaigns":false,"_monsterinsights_skip_tracking":false,"_monsterinsights_sitenote_active":false,"_monsterinsights_sitenote_note":"","_monsterinsights_sitenote_category":0,"footnotes":""},"categories":[8,214],"tags":[271,60],"acf":[],"publishpress_future_action":{"enabled":false,"date":"1969-12-31 21:00:00","action":"","terms":[],"taxonomy":"","browser_timezone_offset":0},"_links":{"self":[{"href":"https:\/\/portalfloresnoar.com\/floresnoar\/wp-json\/wp\/v2\/posts\/22142"}],"collection":[{"href":"https:\/\/portalfloresnoar.com\/floresnoar\/wp-json\/wp\/v2\/posts"}],"about":[{"href":"https:\/\/portalfloresnoar.com\/floresnoar\/wp-json\/wp\/v2\/types\/post"}],"author":[{"embeddable":true,"href":"https:\/\/portalfloresnoar.com\/floresnoar\/wp-json\/wp\/v2\/users\/1"}],"replies":[{"embeddable":true,"href":"https:\/\/portalfloresnoar.com\/floresnoar\/wp-json\/wp\/v2\/comments?post=22142"}],"version-history":[{"count":0,"href":"https:\/\/portalfloresnoar.com\/floresnoar\/wp-json\/wp\/v2\/posts\/22142\/revisions"}],"wp:featuredmedia":[{"embeddable":true,"href":"https:\/\/portalfloresnoar.com\/floresnoar\/wp-json\/wp\/v2\/media\/22145"}],"wp:attachment":[{"href":"https:\/\/portalfloresnoar.com\/floresnoar\/wp-json\/wp\/v2\/media?parent=22142"}],"wp:term":[{"taxonomy":"category","embeddable":true,"href":"https:\/\/portalfloresnoar.com\/floresnoar\/wp-json\/wp\/v2\/categories?post=22142"},{"taxonomy":"post_tag","embeddable":true,"href":"https:\/\/portalfloresnoar.com\/floresnoar\/wp-json\/wp\/v2\/tags?post=22142"}],"curies":[{"name":"wp","href":"https:\/\/api.w.org\/{rel}","templated":true}]}}