

{"id":22095,"date":"2015-07-10T11:53:01","date_gmt":"2015-07-10T14:53:01","guid":{"rendered":"http:\/\/portalfloresnoar.com\/floresnoar\/?p=22095"},"modified":"2015-09-25T23:00:19","modified_gmt":"2015-09-26T02:00:19","slug":"campanha-plante-uma-arvore-realiza-plantios-na-serra-da-gandarela-mg","status":"publish","type":"post","link":"https:\/\/portalfloresnoar.com\/floresnoar\/campanha-plante-uma-arvore-realiza-plantios-na-serra-da-gandarela-mg\/","title":{"rendered":"Campanha Plante uma \u00c1rvore realiza plantios na Serra da Gandarela (MG)"},"content":{"rendered":"<pre>Por <a href=\"https:\/\/www.facebook.com\/thais.alessandra1\" target=\"_blank\">Thais Alessandra<\/a> do <a href=\"http:\/\/www.cirandacomunicacaoemarketing.blogspot.com.br\/\" target=\"_blank\">Coletivo Cirandar<\/a><\/pre>\n<figure id=\"attachment_22098\" aria-describedby=\"caption-attachment-22098\" style=\"width: 323px\" class=\"wp-caption alignleft\"><img decoding=\"async\" loading=\"lazy\" class=\" wp-image-22098 \" alt=\"sos mata atlantica\" src=\"http:\/\/portalfloresnoar.com\/floresnoar\/wp-content\/uploads\/2015\/09\/sos-mata-atlantica.jpg\" width=\"323\" height=\"430\" srcset=\"https:\/\/portalfloresnoar.com\/floresnoar\/wp-content\/uploads\/2015\/09\/sos-mata-atlantica.jpg 404w, https:\/\/portalfloresnoar.com\/floresnoar\/wp-content\/uploads\/2015\/09\/sos-mata-atlantica-225x300.jpg 225w\" sizes=\"(max-width: 323px) 100vw, 323px\" \/><figcaption id=\"caption-attachment-22098\" class=\"wp-caption-text\">Foto: Divulga\u00e7\u00e3o<\/figcaption><\/figure>\n<p style=\"text-align: left;\">Entre a Serra do Curral e a Serra do Cara\u00e7a, h\u00e1 40 km de Belo Horizonte \u2013 MG, est\u00e1 localizada a Serra da Gandarela, a segunda maior floresta de Mata Atl\u00e2ntica do Estado e a mais ampla extens\u00e3o de cangas ferruginosas do Brasil. Gandarela est\u00e1 em risco devido ao monop\u00f3lio da minera\u00e7\u00e3o, que devasta seus biomas naturais de Mata Atl\u00e2ntica e vegeta\u00e7\u00e3o rupestre, degradando tamb\u00e9m o seu amplo manancial: Bacias Hidrogr\u00e1ficas &#8211; Rios Doce\/Piracicaba e S\u00e3o Francisco\/Rio das Velhas.<\/p>\n<p>Em decorr\u00eancia dos abusos ambientais que est\u00e3o amea\u00e7ando a regi\u00e3o, a Ikebana Flores BH est\u00e1 divulgando a campanha <a href=\"http:\/\/www.ikebanaflores.com.br\/blog\/category\/campanha-ikebana-flores\/\" target=\"_blank\">PLANTE <span style=\"text-decoration: underline;\">UMA \u00c1RVORE NO GANDARELA<\/span><\/a>,\u00a0que vem plantando mudas t\u00edpicas do cerrado nas \u00e1reas mais devastadas do Gandarela. A campanha est\u00e1 sendo semeada desde novembro de 2012 e, desde ent\u00e3o, mais de 300 parceiros abra\u00e7aram a causa e tornaram poss\u00edvel concretizar a\u00e7\u00f5es de plantios realizadas em nome deles na Serra do Gandarela. Toda publica\u00e7\u00e3o a respeito desta campanha se converte em uma muda nativa plantada pela pr\u00f3pria floricultura em um local devastado pela minera\u00e7\u00e3o nessa Serra. Atualmente a campanha entrou em sua 4\u00aa fase do plantio, totalizando 307 mudas nativas plantadas ao todo na regi\u00e3o.<\/p>\n<p>Acompanhe <span style=\"text-decoration: underline;\"><a href=\"http:\/\/www.ikebanaflores.com.br\/blog\/mapeamento-das-areas-de-plantio-plante-uma-arvore\/\" target=\"_blank\">o mapeamento das \u00e1reas dos plantios <\/a><\/span>realizados e confira tamb\u00e9m as <span style=\"text-decoration: underline;\"><a href=\"https:\/\/www.facebook.com\/ikebana.flores.5\/media_set?set=a.597779756964626.100001978225569&amp;type=3\" target=\"_blank\">fotos<\/a><\/span> do \u00faltimo plantio.<\/p>\n<p>Al\u00e9m da campanha, a floricultura est\u00e1 doando mudas do cerrado, basta comparecer na Av. Get\u00falio Vargas, 1697 &#8211; Funcion\u00e1rios, Belo Horizonte-MG (pr\u00f3ximo \u00e0 Savassi).<\/p>\n<p><strong>Site:<\/strong> <a href=\"http:\/\/www.ikebanaflores.com.br\/blog\/category\/campanha-ikebana-flores\/\" target=\"_blank\">http:\/\/www.ikebanaflores.com.br\/blog\/category\/campanha-ikebana-flores\/<\/a><br \/>\n<strong>E-mail:<\/strong>\u00a0ikebana.flores.savassi@gmail.com<br \/>\n<strong>Fones:<\/strong> (31)3227-4802 | (31)3223-2168 | (31)3327-6608 | (31)3047-1913<\/p>\n","protected":false},"excerpt":{"rendered":"<p>Por Thais Alessandra do Coletivo Cirandar Entre a Serra do Curral e a Serra do Cara\u00e7a, h\u00e1 40 km de Belo Horizonte \u2013 MG, est\u00e1 localizada a Serra da Gandarela, a segunda maior floresta de Mata Atl\u00e2ntica do Estado e a mais ampla extens\u00e3o de cangas ferruginosas do Brasil. Gandarela est\u00e1 em risco devido ao [&hellip;]<\/p>\n","protected":false},"author":1,"featured_media":22097,"comment_status":"open","ping_status":"open","sticky":false,"template":"","format":"standard","meta":{"om_disable_all_campaigns":false,"_monsterinsights_skip_tracking":false,"_monsterinsights_sitenote_active":false,"_monsterinsights_sitenote_note":"","_monsterinsights_sitenote_category":0,"footnotes":""},"categories":[9],"tags":[26,170],"acf":[],"publishpress_future_action":{"enabled":false,"date":"1969-12-31 21:00:00","action":"","terms":[],"taxonomy":"","browser_timezone_offset":0},"_links":{"self":[{"href":"https:\/\/portalfloresnoar.com\/floresnoar\/wp-json\/wp\/v2\/posts\/22095"}],"collection":[{"href":"https:\/\/portalfloresnoar.com\/floresnoar\/wp-json\/wp\/v2\/posts"}],"about":[{"href":"https:\/\/portalfloresnoar.com\/floresnoar\/wp-json\/wp\/v2\/types\/post"}],"author":[{"embeddable":true,"href":"https:\/\/portalfloresnoar.com\/floresnoar\/wp-json\/wp\/v2\/users\/1"}],"replies":[{"embeddable":true,"href":"https:\/\/portalfloresnoar.com\/floresnoar\/wp-json\/wp\/v2\/comments?post=22095"}],"version-history":[{"count":0,"href":"https:\/\/portalfloresnoar.com\/floresnoar\/wp-json\/wp\/v2\/posts\/22095\/revisions"}],"wp:featuredmedia":[{"embeddable":true,"href":"https:\/\/portalfloresnoar.com\/floresnoar\/wp-json\/wp\/v2\/media\/22097"}],"wp:attachment":[{"href":"https:\/\/portalfloresnoar.com\/floresnoar\/wp-json\/wp\/v2\/media?parent=22095"}],"wp:term":[{"taxonomy":"category","embeddable":true,"href":"https:\/\/portalfloresnoar.com\/floresnoar\/wp-json\/wp\/v2\/categories?post=22095"},{"taxonomy":"post_tag","embeddable":true,"href":"https:\/\/portalfloresnoar.com\/floresnoar\/wp-json\/wp\/v2\/tags?post=22095"}],"curies":[{"name":"wp","href":"https:\/\/api.w.org\/{rel}","templated":true}]}}