

{"id":22017,"date":"2023-08-02T06:10:36","date_gmt":"2023-08-02T09:10:36","guid":{"rendered":"http:\/\/portalfloresnoar.com\/floresnoar\/?p=22017"},"modified":"2023-08-23T22:29:43","modified_gmt":"2023-08-24T01:29:43","slug":"o-que-e-arteterapia","status":"publish","type":"post","link":"https:\/\/portalfloresnoar.com\/floresnoar\/o-que-e-arteterapia\/","title":{"rendered":"O que \u00e9 Arteterapia?"},"content":{"rendered":"<p><img decoding=\"async\" loading=\"lazy\" class=\"aligncenter size-full wp-image-22018\" src=\"http:\/\/portalfloresnoar.com\/floresnoar\/wp-content\/uploads\/2015\/09\/arteterapia.jpg\" alt=\"arteterapia\" width=\"640\" height=\"426\" srcset=\"https:\/\/portalfloresnoar.com\/floresnoar\/wp-content\/uploads\/2015\/09\/arteterapia.jpg 640w, https:\/\/portalfloresnoar.com\/floresnoar\/wp-content\/uploads\/2015\/09\/arteterapia-300x199.jpg 300w\" sizes=\"(max-width: 640px) 100vw, 640px\" \/><\/p>\n<p>| <em>Da Reda\u00e7\u00e3o Flores no Ar<\/em> |<\/p>\n<p>A Arteterapia \u00e9 uma terap\u00eautica que se utiliza de instrumentos art\u00edsticos como canal expressivo, promovendo autoconhecimento e cura. Possibilita que o participante experimente diversos materiais \u2013 pintura, colagem , desenho, modelagem, tecelagem, dan\u00e7a, poesia, m\u00fasica, contos, teatro etc. \u2013 e se expresse livremente, sem nenhuma preocupa\u00e7\u00e3o est\u00e9tica. Dessa forma, atrav\u00e9s das cria\u00e7\u00f5es o participante entra em contato com emo\u00e7\u00f5es guardadas no inconsciente, podendo traz\u00ea-las \u00e0 consci\u00eancia, atrav\u00e9s dos s\u00edmbolos contidos nas produ\u00e7\u00f5es criativas.<\/p>\n<p>A arteterapeuta \u00c2ngela Philippini lembra que para Jung \u201cos indiv\u00edduos, no curso natural de suas vidas, em seus processos de autoconhecimento e transforma\u00e7\u00e3o, s\u00e3o orientados por s\u00edmbolos. Estes emanam do self, centro de sa\u00fade, equil\u00edbrio e harmonia, representando para cada um o potencial mais pleno, a totalidade da psique e a ess\u00eancia de cada um. Na vida, o self, atrav\u00e9s de seus s\u00edmbolos, precisa ser reconhecido, compreendido e respeitado\u201d.<\/p>\n<p>\u201cO caminho criativo em Arteterapia tem o prop\u00f3sito de concretizar, dar forma e materialidade ao que \u00e9 intang\u00edvel, difuso, desconhecido ou reprimido. Sonhos, conflitos, desejos, afetos, energia ps\u00edquica que \u00e9 bloqueada e precisa liberar-se e fluir, ganhar concretude e poder plasmar e configurar s\u00edmbolos, que, assim, cumprem sua fun\u00e7\u00e3o de comunicar, estruturar, transformar e transcender,\u201d explica Philippini.<\/p>\n<p>A Arteterapia est\u00e1 fundamentada em modelos te\u00f3ricos distintos (Gestalt, Transpessoal, Antroposofia, Ludoterapia e Psican\u00e1lise), mas encontra sua fundamenta\u00e7\u00e3o mais abrangente na Psicologia Junguiana. Os atendimentos arteterap\u00eauticos acontecem de forma individual ou em grupo e podem ser vivenciados por qualquer pessoa.<\/p>\n<p>No Brasil, os psiquiatras Ulisses Pernambucano e Nise da Silveira foram os pioneiros no uso terap\u00eautico da arte. Atualmente, j\u00e1 consolidada com o nome de Arteterapia, esta terapia est\u00e1 presente em praticamente todos os estados brasileiros.<\/p>\n<p>Pernambuco conta com dois cursos de Forma\u00e7\u00e3o e com a Associa\u00e7\u00e3o Pernambucana de Arteterapia (ARTE-PE). Diversos espa\u00e7os oferecem a Arteterapia, sendo o Gerar um dos pioneiros.<\/p>\n<p><strong>Conhe\u00e7a alguns espa\u00e7os que oferecem Arteterapia no Recife:<\/strong><br \/>\n&#8211; <a href=\"http:\/\/portalfloresnoar.com\/guiafloresnoar\/gerar-arteterapia-e-bem-estar\/\" target=\"_blank\" rel=\"noopener\">Gerar &#8211; Arteterapia e Bem-Estar<\/a><br \/>\n&#8211; <a href=\"http:\/\/portalfloresnoar.com\/guiafloresnoar\/horizonte-desenvolvimento-humano\/\" target=\"_blank\" rel=\"noopener\">Horizonte Desenvolvimento Humano<\/a><br \/>\n&#8211; <a href=\"http:\/\/portalfloresnoar.com\/guiafloresnoar\/lumen-novum\/\" target=\"_blank\" rel=\"noopener\">Lumen Novum<\/a>.<\/p>\n<p><em>Saiba mais!<\/em><br \/>\n<span style=\"text-decoration: underline;\"><strong><a href=\"http:\/\/portalfloresnoar.com\/floresnoar\/a-arteterapia-e-uma-busca-pelo-criativo-que-existe-em-todos-nos-confira-entrevista-sobre-arteterapia\/\" target=\"_blank\" rel=\"noopener\">ENTREVISTA: &#8216;A Arteterapia \u00e9 uma busca pelo criativo que existe em todos n\u00f3s&#8217;. Confira entrevista sobre Arteterapia!<\/a><\/strong><\/span><\/p>\n<p style=\"text-align: center;\"><script type=\"text\/javascript\">\/\/ <![CDATA[ google_ad_client = \"ca-pub-6774921656048980\"; \/* cabe\u00e7alho 728x90 *\/ google_ad_slot = \"1920873278\"; google_ad_width = 728; google_ad_height = 90; \/\/ ]]><\/script><br \/>\n<script type=\"text\/javascript\" src=\"http:\/\/pagead2.googlesyndication.com\/pagead\/show_ads.js\">\/\/ <![CDATA[ \/\/ ]]><\/script><br \/>\n<span style=\"color: #ffffff;\"><br \/>\n<\/span><\/p>\n","protected":false},"excerpt":{"rendered":"<p>| Da Reda\u00e7\u00e3o Flores no Ar | A Arteterapia \u00e9 uma terap\u00eautica que se utiliza de instrumentos art\u00edsticos como canal expressivo, promovendo autoconhecimento e cura. Possibilita que o participante experimente diversos materiais \u2013 pintura, colagem , desenho, modelagem, tecelagem, dan\u00e7a, poesia, m\u00fasica, contos, teatro etc. \u2013 e se expresse livremente, sem nenhuma preocupa\u00e7\u00e3o est\u00e9tica. Dessa [&hellip;]<\/p>\n","protected":false},"author":1,"featured_media":22018,"comment_status":"open","ping_status":"open","sticky":false,"template":"","format":"standard","meta":{"om_disable_all_campaigns":false,"_monsterinsights_skip_tracking":false,"_monsterinsights_sitenote_active":false,"_monsterinsights_sitenote_note":"","_monsterinsights_sitenote_category":0,"footnotes":""},"categories":[10],"tags":[34,136,257,672,267,127],"acf":[],"publishpress_future_action":{"enabled":false,"date":"1969-12-31 21:00:00","action":"","terms":[],"taxonomy":"","browser_timezone_offset":0},"_links":{"self":[{"href":"https:\/\/portalfloresnoar.com\/floresnoar\/wp-json\/wp\/v2\/posts\/22017"}],"collection":[{"href":"https:\/\/portalfloresnoar.com\/floresnoar\/wp-json\/wp\/v2\/posts"}],"about":[{"href":"https:\/\/portalfloresnoar.com\/floresnoar\/wp-json\/wp\/v2\/types\/post"}],"author":[{"embeddable":true,"href":"https:\/\/portalfloresnoar.com\/floresnoar\/wp-json\/wp\/v2\/users\/1"}],"replies":[{"embeddable":true,"href":"https:\/\/portalfloresnoar.com\/floresnoar\/wp-json\/wp\/v2\/comments?post=22017"}],"version-history":[{"count":0,"href":"https:\/\/portalfloresnoar.com\/floresnoar\/wp-json\/wp\/v2\/posts\/22017\/revisions"}],"wp:featuredmedia":[{"embeddable":true,"href":"https:\/\/portalfloresnoar.com\/floresnoar\/wp-json\/wp\/v2\/media\/22018"}],"wp:attachment":[{"href":"https:\/\/portalfloresnoar.com\/floresnoar\/wp-json\/wp\/v2\/media?parent=22017"}],"wp:term":[{"taxonomy":"category","embeddable":true,"href":"https:\/\/portalfloresnoar.com\/floresnoar\/wp-json\/wp\/v2\/categories?post=22017"},{"taxonomy":"post_tag","embeddable":true,"href":"https:\/\/portalfloresnoar.com\/floresnoar\/wp-json\/wp\/v2\/tags?post=22017"}],"curies":[{"name":"wp","href":"https:\/\/api.w.org\/{rel}","templated":true}]}}