

{"id":21810,"date":"2024-03-07T06:00:13","date_gmt":"2024-03-07T09:00:13","guid":{"rendered":"http:\/\/portalfloresnoar.com\/floresnoar\/?p=21810"},"modified":"2024-03-07T20:21:03","modified_gmt":"2024-03-07T23:21:03","slug":"a-arteterapia-e-uma-busca-pelo-criativo-que-existe-em-todos-nos-confira-entrevista-sobre-arteterapia","status":"publish","type":"post","link":"https:\/\/portalfloresnoar.com\/floresnoar\/a-arteterapia-e-uma-busca-pelo-criativo-que-existe-em-todos-nos-confira-entrevista-sobre-arteterapia\/","title":{"rendered":"&#8216;A Arteterapia \u00e9 uma busca pelo criativo que existe em todos n\u00f3s&#8217;. Confira entrevista sobre Arteterapia!"},"content":{"rendered":"<p style=\"text-align: center;\"><img decoding=\"async\" loading=\"lazy\" class=\"aligncenter wp-image-21811\" src=\"http:\/\/portalfloresnoar.com\/floresnoar\/wp-content\/uploads\/2015\/08\/entrevista-Arteterapia.jpg\" alt=\"entrevista Arteterapia\" width=\"675\" height=\"379\" srcset=\"https:\/\/portalfloresnoar.com\/floresnoar\/wp-content\/uploads\/2015\/08\/entrevista-Arteterapia.jpg 750w, https:\/\/portalfloresnoar.com\/floresnoar\/wp-content\/uploads\/2015\/08\/entrevista-Arteterapia-300x168.jpg 300w\" sizes=\"(max-width: 675px) 100vw, 675px\" \/><\/p>\n<p>| <em>Por Maria J\u00falia Sette<\/em> |<\/p>\n<p><em><strong>O potencial de sa\u00fade que envolve a arte e os processos criativos est\u00e3o cada vez mais presentes nos consult\u00f3rios e espa\u00e7os terap\u00eauticos do Recife. De acordo com as arteterapeutas Edna Lopes e Cristina Lopes h\u00e1 uma forte efervesc\u00eancia da Arteterapia no Estado. Em entrevista exclusiva ao Portal Flores no Ar, elas contaram sobre a trajet\u00f3ria da Arteterapia no Brasil e em Pernambuco. Confira a entrevista!<\/strong><\/em><\/p>\n<p><strong>O que \u00e9 Arteterapia?<\/strong><br \/>\n<em>Edna Lopes<\/em> &#8211; Arteterapia \u00e9 um instrumento, uma profiss\u00e3o, uma disciplina do conhecimento, uma forma de ajudar na transforma\u00e7\u00e3o das pessoas. Tem como foco a criatividade e o criativo que existe em todos n\u00f3s. A gente utiliza o mecanismo das artes visuais para acionar o lugar desse criar na vida, para sair das formas repetitivas. \u00c9 importante frisar que a palavra Arteterapia n\u00e3o \u00e9 um conceito que une arte \u00e0 ideia de terapia utilizada na Psicologia. Utilizamos o termo por falta de outro mais prop\u00edcio.<\/p>\n<p><strong>A quem se destina a Arteterapia?<\/strong><br \/>\n<em>Cristina Lopes<\/em> &#8211; Ao ser humano. N\u00e3o h\u00e1 nenhuma contra-indica\u00e7\u00e3o, nem de faixa et\u00e1ria, nem de uma especificidade. Existe um tipo de material que \u00e9 mais adequado a um determinado p\u00fablico, ou outro, uma t\u00e9cnica especifica&#8230; Mas \u00e9 super indicada a todos, justamente porque o ser humano tem como necessidade vital o processo criativo. Tanto para transforma\u00e7\u00f5es pessoais, quanto para o est\u00edmulo ao processo criador, ou educativo.<\/p>\n<p><strong>Quem pode ser arteterapeuta?<\/strong><br \/>\n<em>Cristina<\/em> &#8211; Para ser arteterapeuta precisa ter desejo de estudar Arteterapia e ter um curso superior em qualquer \u00e1rea; estudar os pontos principais da Arteterapia e atuar. O curso precisa estar de acordo com o par\u00e2metro curricular da UBAAT (Uni\u00e3o Brasileira de Associa\u00e7\u00f5es de Arteterapia), que trabalha no cuidado da forma\u00e7\u00e3o do arteterapeuta, dentre outros pontos.<\/p>\n<p><em>Edna<\/em> &#8211; Existe muito o questionamento se o arteterapeuta precisa ser psic\u00f3logo. \u00c9 importante refor\u00e7ar que trata-se de um conhecimento pr\u00f3prio. \u00c9 uma disciplina que exige uma gradua\u00e7\u00e3o, mas n\u00e3o precisa ser em Arte ou Psicologia. Usamos de um criativo, mas n\u00e3o segundo os ditames das Artes Pl\u00e1sticas. E o terap\u00eautico n\u00e3o \u00e9 nos moldes da Psicologia. O que precisa para ser arteterapeuta \u00e9 ter um desejo de se envolver com processos criativos e ter interesse pela alma humana. \u00c9 uma busca pelo criativo que existe em todos n\u00f3s.<\/p>\n<p><strong>No processo desenvolvido pela Arteterapia, um paciente pode levar desenhos e pinturas para o set terap\u00eautico, para uma avalia\u00e7\u00e3o, por exemplo?<\/strong><br \/>\n<em>Edna<\/em> &#8211; \u00c9 interessante falar sobre essa palavra &#8220;avaliar&#8221;. Interpreta\u00e7\u00e3o e avalia\u00e7\u00e3o n\u00e3o \u00e9 a linguagem que a gente utiliza. Isso \u00e9 da Psicologia. Na Arteterapia, a gente vai vivenciar essa imagem atrav\u00e9s de outros materiais e compreender internamente.<\/p>\n<p><em>Cristin<\/em>a &#8211; A gente dialoga com a imagem. Pergunta o que ela quer da gente, a gente vive. Nunca o poder est\u00e1 na m\u00e3o do arteterapeuta. Tudo \u00e9 compartilhado, vemos juntos o que a imagem quer contar.<\/p>\n<p><em>Edna<\/em> &#8211; E esse lugar da imagem \u00e9 muito importante, ele est\u00e1 dentro da rela\u00e7\u00e3o terap\u00eautica. N\u00e3o como instrumento usado, mas como instrumento que entra para contar a hist\u00f3ria dele. H\u00e1 uma conota\u00e7\u00e3o diferente da forma mais usual de lidar com a arte.<\/p>\n<p><strong>A imagem trabalhada \u00e9 um sujeito ativo?<\/strong><br \/>\n<em>Edna<\/em> &#8211; \u00c9 isso, \u00e9 essa palavra: um sujeito ativo.<\/p>\n<p><strong>A Arteterapia se inspira em pensadores e te\u00f3ricos?<\/strong><br \/>\n<em>Cristina<\/em> &#8211; Dentro do campo da Psicologia, a gente bebe muito em Terapia Junguiana. Porque Jung falou muito da propriedade dos materiais expressivos, a leitura dos s\u00edmbolos, arqu\u00e9tipos e mitos. Isso ajuda muito a fundamentar. Al\u00e9m dos te\u00f3ricos da criatividade. De uns anos para c\u00e1, os nossos referenciais te\u00f3ricos est\u00e3o sendo constru\u00eddos no Brasil. Uma grande pensadora \u00e9 \u00c2ngela Philippini, que foi nossa professora e \u00e9 um referencial. Ela tem muitos trabalhos publicados. J\u00e1 faz parte da bibliografia utilizada nos cursos. Importante cit\u00e1-la pelo conjunto de sua obra no Brasil.<\/p>\n<p><em>Edna <\/em>&#8211; E dentro das artes visuais, o Expressionismo e a Arte Contempor\u00e2nea s\u00e3o fundamentais. Porque eles sa\u00edram da f\u00f4rma e todo material \u00e9 poss\u00edvel ser utilizado por um artista contempor\u00e2neo. E na Arteterapia, tamb\u00e9m.<\/p>\n<p><em>Cristina<\/em> &#8211; \u00c9 importante tamb\u00e9m citar Nise da Silveira pelo trabalho de vanguarda utilizando arte com pacientes psiqui\u00e1tricos graves na d\u00e9cada de 40, trazendo o potencial de sa\u00fade da arte. Dentro dos pensadores no Brasil, ela \u00e9 uma grande refer\u00eancia na utiliza\u00e7\u00e3o terap\u00eautica da arte e no estudo cient\u00edfico iniciado nesse momento.<\/p>\n<p>Edna &#8211; O Museu do Inconsciente, no Rio de Janeiro, criado para preservar as imagens desenvolvidas pelos pacientes da Dra. Nise da Silveira \u00e9 um importante legado. Para muitos estudos, livros e publica\u00e7\u00f5es.<\/p>\n<p><strong>Qual o hist\u00f3rico da Arteterapia no Brasil?<\/strong><br \/>\n<em>Edna<\/em> &#8211; Em termos formais e acad\u00eamicos, tem in\u00edcio no Eixo Rio-S\u00e3o Paulo. Na cl\u00ednica Pomar no Rio de Janeiro e em S\u00e3o Paulo no Instituto Sedes Sapientiae. Foram as primeiras institui\u00e7\u00f5es que come\u00e7aram a trazer aterterapeutas de fora para darem cursos. Iniciaram as forma\u00e7\u00f5es e depois as especializa\u00e7\u00f5es. Mas no Brasil, em v\u00e1rios estados acontecia de maneira informal. No Rio e em S\u00e3o Paulo houve a sistematiza\u00e7\u00e3o do conhecimento que foi traduzido em forma\u00e7\u00f5es. Em Goiana, aconteceu a primeira especializa\u00e7\u00e3o na universidade, por exemplo. Hoje, o Brasil quase todo tem cursos de especializa\u00e7\u00e3o. No Norte n\u00e3o \u00e9 muito forte. Mas h\u00e1 muitas publica\u00e7\u00f5es e especializa\u00e7\u00f5es pelo Brasil. Temos uma grande produ\u00e7\u00e3o nacional, o conhecimento est\u00e1 cada vez mais sistematizado.<\/p>\n<p><strong>Como voc\u00eas conheceram a Arteterapia?<\/strong><br \/>\n<em>Cristina<\/em> &#8211; Durante a gradua\u00e7\u00e3o de Psicologia senti falta da express\u00e3o art\u00edstica no curso. Senti que estava faltando a alma da Psicologia. E ent\u00e3o iniciei a gradua\u00e7\u00e3o em Artes Visuais. Comecei a ser autodidata, pesquisando no Brasil o que acontecia e ent\u00e3o fui ao II Congresso Brasileiro Arteterapia e l\u00e1 conheci a equipe da Cl\u00ednica Pomar. A partir de ent\u00e3o, comecei a trazer pro Recife a Forma\u00e7\u00e3o. T\u00ednhamos muitos grupos de estudos aqui, mas a gente precisava de um norte para a Forma\u00e7\u00e3o em Arteterapia.<\/p>\n<p><em>Edna<\/em> &#8211; A Arteterapia veio a partir de um trabalho pessoal. Por volta do ano de 1986, veio para Recife uma pessoa chamada Paulo Hindemburgo e foi a primeira vez que ouvi a palavra Arteterapia. Eu j\u00e1 fazia pessoalmente coisas ligadas \u00e0 arte. Tinha o desejo de trabalhar com as artes pl\u00e1sticas, mas nunca fui totalmente por ai. No contato com ele comecei a pensar e pesquisar sobre o tema. No Recife n\u00e3o tinha nada em portugu\u00eas e fui buscando. Outro contato foi com Lu\u00eds Gonzaga, ele fazia um trabalho na Tamarineira, j\u00e1 pensando a arte pra transforma\u00e7\u00e3o pessoal. Comecei a trabalhar com pequenos grupos de estudos, depois grupos de forma\u00e7\u00e3o. E sentimos a necessidade de estrutura\u00e7\u00e3o desse conhecimento como um caminho profissional. Foi quando em 2000 teve a forma\u00e7\u00e3o com a Cl\u00ednica Pomar de Arteterapia e isso ampliou o olhar de trabalho. A arte faz parte da minha vida desde a inf\u00e2ncia e a Arteterapia veio pra unir arte ao trabalho da psicologia. \u00c9 isso que \u00e9 a minha trajet\u00f3ria: arte e conhecimento-corpo.<\/p>\n<p><strong>Quando e como a forma\u00e7\u00e3o chegou no Recife?<\/strong><br \/>\n<em>Cristina<\/em> &#8211; Antes do ano 2000 eram grupos de estudos e forma\u00e7\u00f5es livres. A partir do v\u00ednculo com a Cl\u00ednica Pomar, eu trouxe a primeira forma\u00e7\u00e3o. Fui aluna do curso e o coordenei ao mesmo tempo. As aulas aconteceram na escola Mater Christi, em Casa Forte. Formaram-se ent\u00e3o os dez primeiros arteterapeutas pernambucanos. Esta turma terminou em 2002. Ent\u00e3o a cl\u00ednica Pomar vem ao Recife sistematicamente de dois em dois anos para realizar a forma\u00e7\u00e3o. Em 2003, eu, Edna e Andr\u00e9a Graupen fundamos a Tra\u00e7os &#8211; Estudos em Arteterapia. Preparamos um curso, dentro dos par\u00e2metros da UBAAT, mas com a cara do nosso estado. Tivemos a oportunidade de regionalizar a forma\u00e7\u00e3o. Mantemos o curr\u00edculo b\u00e1sico e inclu\u00edmos elementos para dar a nossa cara. Fomos a primeira forma\u00e7\u00e3o no Brasil a colocar uma disciplina de Cultura Popular, por exemplo, no curr\u00edculo do curso. Al\u00e9m disso, as forma\u00e7\u00f5es promovidas pela Tra\u00e7os tinham a abordagem da An\u00e1lise Bioenerg\u00e9tica tamb\u00e9m, principalmente pelo trabalho desenvolvido por Edna. E no ano de 2010 fizemos a primeira turma de especializa\u00e7\u00e3o ligada a uma universidade.<\/p>\n<p><strong>Pernambuco conta com uma Associa\u00e7\u00e3o de Arteterapia, a ARTE-PE. Falem um pouco sobre a cria\u00e7\u00e3o e atua\u00e7\u00e3o da ARTE-PE.<\/strong><br \/>\n<em>Edna<\/em> &#8211; Em 2002, quando terminou a primeira turma com a Cl\u00ednica Pomar, j\u00e1 havia no Brasil uma necessidade de organizar a Arteterapia para pleitear determinadas quest\u00f5es, como, por exemplo um c\u00f3digo de \u00e9tica, a legaliza\u00e7\u00e3o da profiss\u00e3o. A gente organizou a Associa\u00e7\u00e3o Pernambucana de Arteterapia em 2002. Eu iniciei como presidente, Cristina como vice, junto com Andr\u00e9a Graupen e Aline Teixeira. A Associa\u00e7\u00e3o continua seu trabalho at\u00e9 hoje e agora estou novamente como presidente da Associa\u00e7\u00e3o. Pernambuco atualmente assumiu a presid\u00eancia da UBAAT. Cristina, voc\u00ea que est\u00e1 como presidente, fala um pouco sobre a UBAAT e a import\u00e2ncia de Pernambuco estar \u00e0 frente desta institui\u00e7\u00e3o.<\/p>\n<p><em>Cristina<\/em> &#8211; A UBAAT surgiu em 2003 e a ideia era de reunir todas as associa\u00e7\u00f5es do Brasil para formar um Conselho. Portanto, a UBAAT existe a partir de representa\u00e7\u00f5es de cada associa\u00e7\u00e3o que existe no Brasil e cada uma elege dois conselheiros que t\u00eam direito de voto. Temos um c\u00f3digo de \u00e9tica e hoje o arteterapeuta tem como avaliar a relev\u00e2ncia do curso, se segue os padr\u00f5es adequados para forma\u00e7\u00e3o. A UBAAT regula esses par\u00e2metros. Conseguimos tamb\u00e9m que a Arteterapia fosse inclu\u00edda na Classifica\u00e7\u00e3o Brasileira de Ocupa\u00e7\u00f5es (CBO). Isso significa que a pessoa pode ser registrada como arteterapeuta. Nosso trabalho especifico agora \u00e9 de legitimar a profiss\u00e3o.\u00a0\u00c9 importante frisar que as gest\u00f5es da UBAAT s\u00e3o itinerantes. J\u00e1 passou pelo Rio de Janeiro, Minas Gerais, S\u00e3o Paulo e no inicio do ano Pernambuco foi eleito e vamos sediar por tr\u00eas anos a UBAAT aqui. Pernambuco sedia mas trata de quest\u00f5es globais.<\/p>\n<p><strong>A Arteterapia j\u00e1 se encontra hoje em todos os Estados brasileiros?<\/strong><br \/>\n<em>Edna<\/em> &#8211; Se encontra em muitos estados. Tirando a regi\u00e3o Norte, todos os estados possuem Forma\u00e7\u00f5es.<\/p>\n<p><strong>Quais os principais desafios da profiss\u00e3o de Arteterapeuta na atualidade?<\/strong><br \/>\n<em>Cristina<\/em> &#8211; Tornar a Arteterapia mais acess\u00edvel \u00e0 popula\u00e7\u00e3o. Ter concurso p\u00fablico, ter Arteterapia no SUS. Os benef\u00edcios s\u00e3o enormes! Alguns Estados brasileiros j\u00e1 tiveram concurso publico para Arteterapia.<\/p>\n<p><em>Edna<\/em> &#8211; Sair dos espa\u00e7os privados. \u00c9 muito importante que atinja a comunidade. Todo conhecimento \u00e9 leg\u00edtimo quando a comunidade o reconhece.<\/p>\n<p><em>Cristina<\/em> &#8211; Hoje em dia j\u00e1 n\u00e3o \u00e9 estranho falar em Arteterapia. Muitas pessoas j\u00e1 chegam a procurar se tem arteterapeuta em uma cl\u00ednica, por exemplo. Aqui em Recife n\u00e3o podemos deixar de citar o Hospital Oswaldo Cruz que tem um trabalho pioneiro de Arteterapia com pacientes com c\u00e2ncer e cardiopatas, utilizando literatura, contos de fadas. L\u00e1 existe o Castelinho, onde trabalham dois arteterapeutas. Muito bom o trabalho realizado pelo m\u00e9dico e arteterapeuta Paulo Barreto Campelo. Inclui tamb\u00e9m a Arteterapia dentro da Faculdade de Ci\u00eancias M\u00e9dicas, como uma disciplina eletiva. Pernambuco est\u00e1, portanto, em extrema atividade. H\u00e1 muitos espa\u00e7os, por exemplo, nas institui\u00e7\u00f5es p\u00fablicas. Tem arteterapeuta trabalhando na Unidade de Cuidados Integrais \u00e0 Sa\u00fade (UCIS) Prof.\u00b0 Guilherme Abath, localizada no bairro da Encruzilhada, e no Engenho do Meio, no CIS &#8211; Centro Integrado de Sa\u00fade. Tem um campo muito rico.<\/p>\n<p><strong>Quais s\u00e3o as forma\u00e7\u00f5es dispon\u00edveis atualmente em Pernambuco e como se inscrever?<\/strong><br \/>\n<em>Cristina<\/em> &#8211; No <a href=\"http:\/\/www.arteterapia-pe.com\" target=\"_blank\" rel=\"noopener\">site da Arte-PE<\/a> tem os contatos das forma\u00e7\u00f5es reconhecidas pela UBAAT. Tamb\u00e9m no <span style=\"text-decoration: underline;\"><a href=\"http:\/\/www.ubaat.org\/\" target=\"_blank\" rel=\"noopener\">site da UBAAT<\/a><\/span>, com refer\u00eancias nacionais.<\/p>\n<p><strong>Como ter acesso a artigos e publica\u00e7\u00f5es sobre Arteterapia?<\/strong><br \/>\n<em>Cristina<\/em> &#8211; Recomendamos que procurem os sites das Associa\u00e7\u00f5es. O site da Brasil Central tem a revista Cores da Vida on line que \u00e9 muito bom. Tamb\u00e9m tem o site da<span style=\"text-decoration: underline;\"> <a href=\"http:\/\/ www.arteterapia.org.br\" target=\"_blank\" rel=\"noopener\">Cl\u00ednica Pomar<\/a><\/span>, o da <a href=\"http:\/\/arteterapiadabahia.blogspot.com.br\" target=\"_blank\" rel=\"noopener\"><span style=\"text-decoration: underline;\">Associa\u00e7\u00e3o Baiana de Arteterapia &#8211; ASBAR<\/span>T<\/a>. Enfim, tem muito material.<\/p>\n<p><strong>Como entrar em contato com a ARTE-PE e com a UBAAT?<\/strong><br \/>\n<em>Cristina<\/em> &#8211; Ambos atrav\u00e9s do site. Mas o arteterapeuta pernambucano n\u00e3o vai ter acesso a UBAAT. \u00c9 um \u00f3rg\u00e3o s\u00f3 para conselheiros. Todas as quest\u00f5es locais s\u00e3o direcionadas pela Arte-PE.<\/p>\n<p><strong style=\"line-height: 1.714285714; letter-spacing: 0em;\">Cristina Lopes<\/strong><span style=\"line-height: 1.714285714; letter-spacing: 0em;\"> \u00e9 Psic\u00f3loga (CRP 02\/10545), \u00a0arteterapeuta, presidente da Uni\u00e3o Brasileira de Associa\u00e7\u00f5es de Arteterapia \u2013 UBAAT, Mestre em Criatividade pela Universidade Fernando Pessoa \u2013 PT. Coordena o curso de P\u00f3s-gradua\u00e7\u00e3o em Arteterapia, em parceria com a Cl\u00ednica POMAR e faz parte do grupo TRA\u00c7OS &#8211; Estudos em Arteterapia.<\/span><\/p>\n<p><strong>Edna Lopes<\/strong>\u00a0\u00e9 psic\u00f3loga (CRP- 02\/4739), arteterapeuta, analista em Bioenerg\u00e9tica-CBT\/ Local Trainer, presidente da Associa\u00e7\u00e3o Pernambucana de Arteterapia e membro da equipe do curso de Forma\u00e7\u00e3o em Arteterapia &#8211; Recife\/PE.<\/p>\n<p>&nbsp;<\/p>\n","protected":false},"excerpt":{"rendered":"<p>| Por Maria J\u00falia Sette | O potencial de sa\u00fade que envolve a arte e os processos criativos est\u00e3o cada vez mais presentes nos consult\u00f3rios e espa\u00e7os terap\u00eauticos do Recife. De acordo com as arteterapeutas Edna Lopes e Cristina Lopes h\u00e1 uma forte efervesc\u00eancia da Arteterapia no Estado. Em entrevista exclusiva ao Portal Flores no [&hellip;]<\/p>\n","protected":false},"author":1,"featured_media":21811,"comment_status":"open","ping_status":"open","sticky":false,"template":"","format":"standard","meta":{"om_disable_all_campaigns":false,"_monsterinsights_skip_tracking":false,"_monsterinsights_sitenote_active":false,"_monsterinsights_sitenote_note":"","_monsterinsights_sitenote_category":0,"footnotes":""},"categories":[11],"tags":[34],"acf":[],"publishpress_future_action":{"enabled":false,"date":"1969-12-31 21:00:00","action":"","terms":[],"taxonomy":"","browser_timezone_offset":0},"_links":{"self":[{"href":"https:\/\/portalfloresnoar.com\/floresnoar\/wp-json\/wp\/v2\/posts\/21810"}],"collection":[{"href":"https:\/\/portalfloresnoar.com\/floresnoar\/wp-json\/wp\/v2\/posts"}],"about":[{"href":"https:\/\/portalfloresnoar.com\/floresnoar\/wp-json\/wp\/v2\/types\/post"}],"author":[{"embeddable":true,"href":"https:\/\/portalfloresnoar.com\/floresnoar\/wp-json\/wp\/v2\/users\/1"}],"replies":[{"embeddable":true,"href":"https:\/\/portalfloresnoar.com\/floresnoar\/wp-json\/wp\/v2\/comments?post=21810"}],"version-history":[{"count":1,"href":"https:\/\/portalfloresnoar.com\/floresnoar\/wp-json\/wp\/v2\/posts\/21810\/revisions"}],"predecessor-version":[{"id":44959,"href":"https:\/\/portalfloresnoar.com\/floresnoar\/wp-json\/wp\/v2\/posts\/21810\/revisions\/44959"}],"wp:featuredmedia":[{"embeddable":true,"href":"https:\/\/portalfloresnoar.com\/floresnoar\/wp-json\/wp\/v2\/media\/21811"}],"wp:attachment":[{"href":"https:\/\/portalfloresnoar.com\/floresnoar\/wp-json\/wp\/v2\/media?parent=21810"}],"wp:term":[{"taxonomy":"category","embeddable":true,"href":"https:\/\/portalfloresnoar.com\/floresnoar\/wp-json\/wp\/v2\/categories?post=21810"},{"taxonomy":"post_tag","embeddable":true,"href":"https:\/\/portalfloresnoar.com\/floresnoar\/wp-json\/wp\/v2\/tags?post=21810"}],"curies":[{"name":"wp","href":"https:\/\/api.w.org\/{rel}","templated":true}]}}