

{"id":21782,"date":"2015-08-13T11:38:00","date_gmt":"2015-08-13T14:38:00","guid":{"rendered":"http:\/\/portalfloresnoar.com\/floresnoar\/?p=21782"},"modified":"2023-08-01T12:27:05","modified_gmt":"2023-08-01T15:27:05","slug":"espetaculo-nos-ceus-a-chuva-de-meteoros-perseidas-2","status":"publish","type":"post","link":"https:\/\/portalfloresnoar.com\/floresnoar\/espetaculo-nos-ceus-a-chuva-de-meteoros-perseidas-2\/","title":{"rendered":"Espet\u00e1culo nos C\u00e9us: a chuva de meteoros Perseidas!"},"content":{"rendered":"<pre>Por Haroldo Barros\r\n<a href=\"https:\/\/haroldobarros.wordpress.com\" target=\"_blank\" rel=\"noopener\">https:\/\/haroldobarros.wordpress.com<\/a><\/pre>\n<p style=\"text-align: center;\"><strong><em>Os Perseidas atingem seu m\u00e1ximo entre duas e quatro horas na madrugada de\u00a014 de Agosto de 2014.<\/em><br \/>\n<em>As L\u00e1grimas de S\u00e3o Louren\u00e7o nos aben\u00e7oam!!!<\/em><\/strong><\/p>\n<p><img decoding=\"async\" loading=\"lazy\" class=\"aligncenter size-full wp-image-21783\" src=\"http:\/\/portalfloresnoar.com\/floresnoar\/wp-content\/uploads\/2015\/08\/chuva-de-meteoros.jpg\" alt=\"chuva de meteoros\" width=\"500\" height=\"334\" srcset=\"https:\/\/portalfloresnoar.com\/floresnoar\/wp-content\/uploads\/2015\/08\/chuva-de-meteoros.jpg 500w, https:\/\/portalfloresnoar.com\/floresnoar\/wp-content\/uploads\/2015\/08\/chuva-de-meteoros-300x200.jpg 300w\" sizes=\"(max-width: 500px) 100vw, 500px\" \/>O c\u00e9u nos reserva segredos e espet\u00e1culos os mais belos. No c\u00e9u h\u00e1 cores, formas, e at\u00e9 movimento.<\/p>\n<p>Esse \u00e9 o caso de uma\u00a0<strong>chuva de meteoros<\/strong>, um dos mais belos espet\u00e1culos da natureza.<\/p>\n<p>Uma chuva de meteoros acontece quando o planeta Terra passa pelo rastro de algum cometa, ou seja, uma regi\u00e3o do espa\u00e7o cheia de part\u00edculas que, ao entrarem na atmosfera terrestre, inflamam-se e povoam o c\u00e9u com movimento e beleza.<\/p>\n<p>Ao longo do ano, h\u00e1 v\u00e1rios momentos em que podemos observar esse belo\u00a0fen\u00f4meno celeste.<\/p>\n<p>A chuva de meteoros Perseidas j\u00e1 vem acontecendo desde meados de Julho e ainda poder\u00e1 ser observado a t\u00e9 o dia\u00a010 de Setembro. Entre 12 e 17 de Agosto, os Perseidas atingem seu m\u00e1ximo, chegando a um gradiente de 100 b\u00f3lidos por hora, o que d\u00e1 mais de um por minuto.<\/p>\n<p>Esses meteoros s\u00e3o chamados\u00a0<strong>Perseidas<\/strong>\u00a0porque o seu radiante (a regi\u00e3o do c\u00e9u de onde parecem se originar) est\u00e1 localizado na constela\u00e7\u00e3o de Perseus.<\/p>\n<p>Ou seja, \u00e9 da constela\u00e7\u00e3o de Perseus que os meteoros Perseidas se lan\u00e7am \u00e0 Terra, trazendo-nos uma linda mensagem de supera\u00e7\u00e3o e for\u00e7a. Afinal, foi o grande her\u00f3i\u00a0Perseu\u00a0que matou a\u00a0Medusa, o pavoroso monstro que era mulher da cintura para cima, serpente da cintura para baixo, tinha serpentes no lugar dos cabelos e transformava em pedra qualquer ser vivo que olhasse para ela. E por conta desse e de muitos outros atos her\u00f3icos, Perseu teve a honra de ser transformado em uma constela\u00e7\u00e3o. E de l\u00e1 do alto, arremessa-nos esses belos meteoros Perseidas, como sinais de que precisamos ter coragem, a cada dia, de vencer os monstros do medo, da viol\u00eancia, da ignor\u00e2ncia&#8230;<\/p>\n<p><a href=\"https:\/\/haroldobarros.files.wordpress.com\/2014\/08\/perseidas1.png\" target=\"_blank\" rel=\"noopener\"><img decoding=\"async\" class=\"alignleft\" src=\"https:\/\/ci6.googleusercontent.com\/proxy\/lXf6vDTWXtkudFnXIWj2R150LJDLB56I_QAqmh0tMiIIDdJU89jOyXtx10VzscXNyMWALCYLkq6r0QYFqevUfnYMvy2nuL9ZYMKm7uZWgvEhYatA4WLpNz5rIw=s0-d-e1-ft#http:\/\/haroldobarros.files.wordpress.com\/2014\/08\/perseidas1.png?w=300\" alt=\"Perseidas\" border=\"0\" \/><\/a>O mapa mostra a posi\u00e7\u00e3o da constela\u00e7\u00e3o de Perseus, \u00e0s 2h00, vista do Nordeste do Brasil, que ser\u00e1 a posi\u00e7\u00e3o mais favor\u00e1vel para a observa\u00e7\u00e3o.<\/p>\n<p>Em outras regi\u00f5es, pode haver algumas pequenas varia\u00e7\u00f5es, mas deve ser suficiente para uma refer\u00eancia.<\/p>\n<p>Se voc\u00ea estiver acordado ou estiver voltando da balada, vale a pena dar uma olhadinha na dire\u00e7\u00e3o do\u00a0<strong>horizonte\u00a0norte<\/strong>\u00a0do c\u00e9u e procurar Perseus.<\/p>\n<p>Talvez voc\u00ea tenha a sorte de ver algumas das estrelas cadentes (como tamb\u00e9m s\u00e3o chamados os meteoros). E vale at\u00e9 fazer um pedido!<\/p>\n<p><strong>Detalhe<\/strong><br \/>\nOs Perseidas tamb\u00e9m s\u00e3o chamados de &#8220;<strong>L\u00e1grimas de S\u00e3o Louren\u00e7o<\/strong>&#8220;,\u00a0porque, segundo a lenda sobre esse grande santo, no dia da sua morte, em 10 de Agosto de do ano de 258, houve uma linda chuva de meteoros.<\/p>\n","protected":false},"excerpt":{"rendered":"<p>Por Haroldo Barros https:\/\/haroldobarros.wordpress.com Os Perseidas atingem seu m\u00e1ximo entre duas e quatro horas na madrugada de\u00a014 de Agosto de 2014. As L\u00e1grimas de S\u00e3o Louren\u00e7o nos aben\u00e7oam!!! O c\u00e9u nos reserva segredos e espet\u00e1culos os mais belos. No c\u00e9u h\u00e1 cores, formas, e at\u00e9 movimento. Esse \u00e9 o caso de uma\u00a0chuva de meteoros, um [&hellip;]<\/p>\n","protected":false},"author":1,"featured_media":21783,"comment_status":"open","ping_status":"open","sticky":false,"template":"","format":"standard","meta":{"om_disable_all_campaigns":false,"_monsterinsights_skip_tracking":false,"_monsterinsights_sitenote_active":false,"_monsterinsights_sitenote_note":"","_monsterinsights_sitenote_category":0,"footnotes":""},"categories":[10],"tags":[499,18,1388,76],"acf":[],"publishpress_future_action":{"enabled":false,"date":"1969-12-31 21:00:00","action":"","terms":[],"taxonomy":"","browser_timezone_offset":0},"_links":{"self":[{"href":"https:\/\/portalfloresnoar.com\/floresnoar\/wp-json\/wp\/v2\/posts\/21782"}],"collection":[{"href":"https:\/\/portalfloresnoar.com\/floresnoar\/wp-json\/wp\/v2\/posts"}],"about":[{"href":"https:\/\/portalfloresnoar.com\/floresnoar\/wp-json\/wp\/v2\/types\/post"}],"author":[{"embeddable":true,"href":"https:\/\/portalfloresnoar.com\/floresnoar\/wp-json\/wp\/v2\/users\/1"}],"replies":[{"embeddable":true,"href":"https:\/\/portalfloresnoar.com\/floresnoar\/wp-json\/wp\/v2\/comments?post=21782"}],"version-history":[{"count":0,"href":"https:\/\/portalfloresnoar.com\/floresnoar\/wp-json\/wp\/v2\/posts\/21782\/revisions"}],"wp:featuredmedia":[{"embeddable":true,"href":"https:\/\/portalfloresnoar.com\/floresnoar\/wp-json\/wp\/v2\/media\/21783"}],"wp:attachment":[{"href":"https:\/\/portalfloresnoar.com\/floresnoar\/wp-json\/wp\/v2\/media?parent=21782"}],"wp:term":[{"taxonomy":"category","embeddable":true,"href":"https:\/\/portalfloresnoar.com\/floresnoar\/wp-json\/wp\/v2\/categories?post=21782"},{"taxonomy":"post_tag","embeddable":true,"href":"https:\/\/portalfloresnoar.com\/floresnoar\/wp-json\/wp\/v2\/tags?post=21782"}],"curies":[{"name":"wp","href":"https:\/\/api.w.org\/{rel}","templated":true}]}}