

{"id":21674,"date":"2015-07-07T17:07:06","date_gmt":"2015-07-07T20:07:06","guid":{"rendered":"http:\/\/portalfloresnoar.com\/floresnoar\/?p=21674"},"modified":"2015-08-19T09:52:24","modified_gmt":"2015-08-19T12:52:24","slug":"leitura-de-aura-solidaria-no-espaco-gerar-dia-188","status":"publish","type":"post","link":"https:\/\/portalfloresnoar.com\/floresnoar\/leitura-de-aura-solidaria-no-espaco-gerar-dia-188\/","title":{"rendered":"Leitura de Aura Solid\u00e1ria no Espa\u00e7o Gerar dia 18\/8"},"content":{"rendered":"<p><img decoding=\"async\" loading=\"lazy\" class=\"aligncenter size-full wp-image-21675\" alt=\"leitura aura solid\u00e1ria\" src=\"http:\/\/portalfloresnoar.com\/floresnoar\/wp-content\/uploads\/2015\/08\/leitura-aura-solid\u00e1ria.jpg\" width=\"626\" height=\"885\" srcset=\"https:\/\/portalfloresnoar.com\/floresnoar\/wp-content\/uploads\/2015\/08\/leitura-aura-solid\u00e1ria.jpg 626w, https:\/\/portalfloresnoar.com\/floresnoar\/wp-content\/uploads\/2015\/08\/leitura-aura-solid\u00e1ria-212x300.jpg 212w\" sizes=\"(max-width: 626px) 100vw, 626px\" \/><\/p>\n<p>No dia 18 de agosto (ter\u00e7a-feira), no Espa\u00e7o Gerar, das 19h \u00e0s 22h, haver\u00e1 Leitura de Aura Solid\u00e1ria, promovida pelo Fontes de Luz.<\/p>\n<p>Os interessados devem fazer as inscri\u00e7\u00f5es previamente, atrav\u00e9s dos telefones: (81) 99902.0991\/ 98823.5749. \u00c9 sugerida a contribui\u00e7\u00e3o de R$ 25,00. As vagas s\u00e3o limitadas!<\/p>\n<p>A aura \u00e9 um campo energ\u00e9tico que guarda a ess\u00eancia de cada pessoa com todas as suas informa\u00e7\u00f5es, e atrav\u00e9s da leitura deste campo energ\u00e9tico \u2013 a leitura de aura \u2013 o estado interior \u00e9 revelado: emo\u00e7\u00f5es, pensamentos, bloqueios e potenciais.<\/p>\n<p><strong>Mais informa\u00e7\u00f5es<\/strong><br \/>\n<strong>E-mail:<\/strong> contato@fontesdeluz.com.br<br \/>\n<strong>Fones: <\/strong>(81) 99902.0991\/ 98823.5749<br \/>\n<strong>Local:<\/strong> Espa\u00e7o Gerar, Rua Jorge de Albuquerque, 103, Casa Forte, Recife-PE.Fone: (81) 3268.1749<\/p>\n","protected":false},"excerpt":{"rendered":"<p>No dia 18 de agosto (ter\u00e7a-feira), no Espa\u00e7o Gerar, das 19h \u00e0s 22h, haver\u00e1 Leitura de Aura Solid\u00e1ria, promovida pelo Fontes de Luz. Os interessados devem fazer as inscri\u00e7\u00f5es previamente, atrav\u00e9s dos telefones: (81) 99902.0991\/ 98823.5749. \u00c9 sugerida a contribui\u00e7\u00e3o de R$ 25,00. As vagas s\u00e3o limitadas! A aura \u00e9 um campo energ\u00e9tico que guarda [&hellip;]<\/p>\n","protected":false},"author":1,"featured_media":21676,"comment_status":"open","ping_status":"open","sticky":false,"template":"","format":"standard","meta":{"om_disable_all_campaigns":false,"_monsterinsights_skip_tracking":false,"_monsterinsights_sitenote_active":false,"_monsterinsights_sitenote_note":"","_monsterinsights_sitenote_category":0,"footnotes":""},"categories":[8,214],"tags":[246],"acf":[],"publishpress_future_action":{"enabled":false,"date":"1969-12-31 21:00:00","action":"","terms":[],"taxonomy":"","browser_timezone_offset":0},"_links":{"self":[{"href":"https:\/\/portalfloresnoar.com\/floresnoar\/wp-json\/wp\/v2\/posts\/21674"}],"collection":[{"href":"https:\/\/portalfloresnoar.com\/floresnoar\/wp-json\/wp\/v2\/posts"}],"about":[{"href":"https:\/\/portalfloresnoar.com\/floresnoar\/wp-json\/wp\/v2\/types\/post"}],"author":[{"embeddable":true,"href":"https:\/\/portalfloresnoar.com\/floresnoar\/wp-json\/wp\/v2\/users\/1"}],"replies":[{"embeddable":true,"href":"https:\/\/portalfloresnoar.com\/floresnoar\/wp-json\/wp\/v2\/comments?post=21674"}],"version-history":[{"count":0,"href":"https:\/\/portalfloresnoar.com\/floresnoar\/wp-json\/wp\/v2\/posts\/21674\/revisions"}],"wp:featuredmedia":[{"embeddable":true,"href":"https:\/\/portalfloresnoar.com\/floresnoar\/wp-json\/wp\/v2\/media\/21676"}],"wp:attachment":[{"href":"https:\/\/portalfloresnoar.com\/floresnoar\/wp-json\/wp\/v2\/media?parent=21674"}],"wp:term":[{"taxonomy":"category","embeddable":true,"href":"https:\/\/portalfloresnoar.com\/floresnoar\/wp-json\/wp\/v2\/categories?post=21674"},{"taxonomy":"post_tag","embeddable":true,"href":"https:\/\/portalfloresnoar.com\/floresnoar\/wp-json\/wp\/v2\/tags?post=21674"}],"curies":[{"name":"wp","href":"https:\/\/api.w.org\/{rel}","templated":true}]}}